{"id":10031,"date":"2010-10-30T17:36:29","date_gmt":"2010-10-30T16:36:29","guid":{"rendered":"http:\/\/12decode.de\/zonenklaus\/wordpress\/?p=10031"},"modified":"2010-10-30T17:36:29","modified_gmt":"2010-10-30T16:36:29","slug":"junge-union-halloween-ist-ein-angriff-auf-christliche-werte","status":"publish","type":"post","link":"https:\/\/zonenklaus.de\/wordpress\/?p=10031","title":{"rendered":"Junge Union: Halloween ist ein Angriff auf christliche Werte"},"content":{"rendered":"<p>Ich glaube zu wissen, warum das Scheffchen der JU, Herr &#8220;Philllippp Miesmacher&#8221;, Halloween ausmerzen m\u00f6chte.<br \/>\nDer Knabe ist deshalb auf die geschnitzten K\u00fcrbis stinksauer, weil jedwede Fratze wesentlich attraktiver schmunzelt, als das gequ\u00e4lte Grinsen was von der Frau Kanzler immer r\u00fcber kommt, wenn sie zuf\u00e4llig mal eine Gem\u00fctsregung zul\u00e4sst&#8230;<br \/>\n<a href=\"http:\/\/www.bild.de\/BILD\/politik\/2010\/10\/30\/halloween-feiern-streit-ueber-kuerbis-fratzen-entbrannt\/junge-union-chef-missfelder-halloween-angriff-auf-christliche-werte.html\">Springer meint dazu<\/a><\/p>\n<p><a href=\"http:\/\/12decode.de\/zonenklaus\/wordpress\/wp-content\/uploads\/2010\/10\/halloween.jpg\"><img loading=\"lazy\" decoding=\"async\" class=\"alignnone size-thumbnail wp-image-10032\" title=\"unblogged.hansi.es\/2007\/10\/\" src=\"http:\/\/12decode.de\/zonenklaus\/wordpress\/wp-content\/uploads\/2010\/10\/halloween-150x90.jpg\" alt=\"\" width=\"150\" height=\"90\" srcset=\"https:\/\/zonenklaus.de\/wordpress\/wp-content\/uploads\/2010\/10\/halloween-150x90.jpg 150w, https:\/\/zonenklaus.de\/wordpress\/wp-content\/uploads\/2010\/10\/halloween.jpg 300w\" sizes=\"auto, (max-width: 150px) 100vw, 150px\" \/><\/a><a href=\"http:\/\/12decode.de\/zonenklaus\/wordpress\/wp-content\/uploads\/2010\/10\/a-merkel.jpg\"><img loading=\"lazy\" decoding=\"async\" class=\"alignnone size-thumbnail wp-image-10033\" title=\"www.freizeitfreunde.de\/leserartikel\/offener-b...\" src=\"http:\/\/12decode.de\/zonenklaus\/wordpress\/wp-content\/uploads\/2010\/10\/a-merkel-141x150.jpg\" alt=\"\" width=\"141\" height=\"150\" srcset=\"https:\/\/zonenklaus.de\/wordpress\/wp-content\/uploads\/2010\/10\/a-merkel-141x150.jpg 141w, https:\/\/zonenklaus.de\/wordpress\/wp-content\/uploads\/2010\/10\/a-merkel.jpg 282w\" sizes=\"auto, (max-width: 141px) 100vw, 141px\" \/><\/a><\/p>\n","protected":false},"excerpt":{"rendered":"<p>Ich glaube zu wissen, warum das Scheffchen der JU, Herr &#8220;Philllippp Miesmacher&#8221;, Halloween ausmerzen m\u00f6chte. Der Knabe ist deshalb auf die geschnitzten K\u00fcrbis stinksauer, weil jedwede Fratze wesentlich attraktiver schmunzelt, als das gequ\u00e4lte Grinsen was von der Frau Kanzler immer r\u00fcber kommt, wenn sie zuf\u00e4llig mal eine Gem\u00fctsregung zul\u00e4sst&#8230; Springer meint dazu<\/p>\n","protected":false},"author":6,"featured_media":0,"comment_status":"open","ping_status":"closed","sticky":false,"template":"","format":"standard","meta":{"footnotes":""},"categories":[1],"tags":[],"class_list":["post-10031","post","type-post","status-publish","format-standard","hentry","category-allgemeines"],"_links":{"self":[{"href":"https:\/\/zonenklaus.de\/wordpress\/index.php?rest_route=\/wp\/v2\/posts\/10031","targetHints":{"allow":["GET"]}}],"collection":[{"href":"https:\/\/zonenklaus.de\/wordpress\/index.php?rest_route=\/wp\/v2\/posts"}],"about":[{"href":"https:\/\/zonenklaus.de\/wordpress\/index.php?rest_route=\/wp\/v2\/types\/post"}],"author":[{"embeddable":true,"href":"https:\/\/zonenklaus.de\/wordpress\/index.php?rest_route=\/wp\/v2\/users\/6"}],"replies":[{"embeddable":true,"href":"https:\/\/zonenklaus.de\/wordpress\/index.php?rest_route=%2Fwp%2Fv2%2Fcomments&post=10031"}],"version-history":[{"count":3,"href":"https:\/\/zonenklaus.de\/wordpress\/index.php?rest_route=\/wp\/v2\/posts\/10031\/revisions"}],"predecessor-version":[{"id":10036,"href":"https:\/\/zonenklaus.de\/wordpress\/index.php?rest_route=\/wp\/v2\/posts\/10031\/revisions\/10036"}],"wp:attachment":[{"href":"https:\/\/zonenklaus.de\/wordpress\/index.php?rest_route=%2Fwp%2Fv2%2Fmedia&parent=10031"}],"wp:term":[{"taxonomy":"category","embeddable":true,"href":"https:\/\/zonenklaus.de\/wordpress\/index.php?rest_route=%2Fwp%2Fv2%2Fcategories&post=10031"},{"taxonomy":"post_tag","embeddable":true,"href":"https:\/\/zonenklaus.de\/wordpress\/index.php?rest_route=%2Fwp%2Fv2%2Ftags&post=10031"}],"curies":[{"name":"wp","href":"https:\/\/api.w.org\/{rel}","templated":true}]}}