{"id":101,"date":"2008-04-29T10:52:02","date_gmt":"2008-04-29T09:52:02","guid":{"rendered":"http:\/\/12decode.de\/zonenklaus\/wordpress\/?p=101"},"modified":"2009-01-15T09:43:30","modified_gmt":"2009-01-15T08:43:30","slug":"gasfunzeln-im-kiez","status":"publish","type":"post","link":"https:\/\/zonenklaus.de\/wordpress\/?p=101","title":{"rendered":"Gasfunzeln im Kiez"},"content":{"rendered":"<p>Heute beobachte ich nach dem Einkauf kurz einen Techniker w\u00e4hrend Reparatur- und Reinigungsarbeiten von Gaslaternen, knabberte ihm dabei die Ohren an und machte einige Fotos.<br \/>\nBereitwillig ging der junge Mann auf alle Fragen ein.<br \/>\nAlso, die verzierten Masten aus Gusseisen k\u00f6nnen fast 80 Jahre auf dem Buckel haben, die schmucklosen aus Stahl sind neuzeitlich.<\/p>\n<p><img decoding=\"async\" src=\"file:\/\/\/C:\/DOKUME~1\/Klaus\/LOKALE~1\/Temp\/moz-screenshot-12.jpg\" alt=\"\" \/><\/p>\n<p><a href=\"http:\/\/12decode.de\/zonenklaus\/wordpress\/wp-content\/uploads\/2008\/04\/unbenannt-zusammenfugen-011.jpg\"><img loading=\"lazy\" decoding=\"async\" class=\"aligncenter size-full wp-image-110\" title=\"unbenannt-zusammenfugen-011\" src=\"http:\/\/12decode.de\/zonenklaus\/wordpress\/wp-content\/uploads\/2008\/04\/unbenannt-zusammenfugen-011.jpg\" alt=\"\" width=\"500\" height=\"370\" \/><\/a><\/p>\n<p><!--more-->Im Kopf befindet sich ein Bewegungsmelder nebst zus\u00e4tzlicher Photozelle. Die Gasversorgung geschieht mit einer separaten Leitung, auf der wesentlich weniger Druck herrscht, als bei unserer Hausversorgung. Da alle Lampen \u00fcber eigene Druckregler verf\u00fcgen, sind die Schwankunden unerheblich, beim Kochen zu bestimmten Zeiten ist es ganz sch\u00f6n nervig.<\/p>\n<p><a href=\"http:\/\/12decode.de\/zonenklaus\/wordpress\/wp-content\/uploads\/2008\/04\/unbenannt-zusammenfugen-0112.jpg\"><img loading=\"lazy\" decoding=\"async\" class=\"aligncenter size-medium wp-image-112\" title=\"unbenannt-zusammenfugen-0112\" src=\"http:\/\/12decode.de\/zonenklaus\/wordpress\/wp-content\/uploads\/2008\/04\/unbenannt-zusammenfugen-0112-300x222.jpg\" alt=\"\" width=\"300\" height=\"222\" \/><\/a><\/p>\n<p>Leider kommen die Lampen vor der Kirche im Nachbarhaus nicht so richtig zur Geltung, da seit einigen Jahren das riesige Kreuz an der Hauswand, wieder m\u00e4chtig von hinten strahlt. Mann, zieht das im Sommer Viechzeug an.<\/p>\n<p>Nicht nur mir kommt es so vor, dass der Ayatollah die L\u00e4utzeiten schleichend verl\u00e4ngert, scheinbar um die muselmanischen Mitb\u00fcrger zu \u00e4rgern. Es handelt sich bei seiner Anh\u00e4ngerschaft haupts\u00e4chlich um Wolgadeutsche, vielleicht haben die ihre Sitten mitgebracht.<br \/>\n<strong> (F\u00fcr das Mittagsl\u00e4uten habe ich zwei Varianten im Angebot.<\/strong> Das Kirchenl\u00e4uten     erinnert an die T\u00fcrkenkriege im 15. Jahrhundert! Zum Dank f\u00fcr den Sieg des     Ungarischen K\u00f6nigs \u00fcber Sultan Mohammed II. f\u00fchrte damals Papst Calixtus II.     den Brauch in der kath. Kirche ein. <strong>Oder<\/strong> &#8211; Nach dem Sieg \u00fcber das T\u00fcrkenheer     <em>(Was dem sp\u00e4teren Polnischen K\u00f6nig Jan Sobieski zu verdanken ist &#8211; In der N\u00e4he     des Danziger Hauptbahnhof gibt es dazu ein martialisches Denkmal, wird sicher     demn\u00e4chst von der Terrororganisation Al Kaseltzer in die Luft gejagt.<\/em><strong>)<\/strong> im Jahre     1683, gab es wochenlanges Gel\u00e4ut, der Rest ist dieses Gebimmel zu high noon,     was jedem sagt, dass endlich der Tag gespalten wird.<\/p>\n<p><a href=\"http:\/\/12decode.de\/zonenklaus\/wordpress\/wp-content\/uploads\/2008\/04\/unbenannt-zusammenfugen-03.jpg\"><img loading=\"lazy\" decoding=\"async\" class=\"aligncenter size-medium wp-image-113\" title=\"unbenannt-zusammenfugen-03\" src=\"http:\/\/12decode.de\/zonenklaus\/wordpress\/wp-content\/uploads\/2008\/04\/unbenannt-zusammenfugen-03-300x227.jpg\" alt=\"\" width=\"300\" height=\"227\" \/><\/a><a href=\"http:\/\/12decode.de\/zonenklaus\/wordpress\/wp-content\/uploads\/2008\/04\/1.jpg\"> <\/a><\/p>\n<p>Zwei Bilder zur zum Kircheninnenraum: Vorher und nachher.<br \/>\n<em> (Als Adolf der G\u00fctige im Begriff war, daf\u00fcr zu sorgen, dass Deutschland seinem     Barte glich, n\u00e4mlich kurz und klein, bunste im Rahmen     der damaligen anglo-amerikanischen Freundschaft  auch das Gotteshaus ab.\u00a0 D<\/em><em>em optimalen Einsatzes einer Luftmine haben wir es z<\/em><em>u verdanken, dass zu unserem Haus ein fast 1000 Quadratmeter gro\u00dfer, gr\u00fcner Hinterhof geh\u00f6rt.)<\/em><\/p>\n<p>Ein Photo habe ich verm\u00fcllt, es stammt von Anfang der 50er, Kirchturmspitze nun weg, die B\u00e4ume keine f\u00fcnf Meter hoch und nur ein Auto auf der Strasse, scheinbar das vom Pastor.<\/p>\n<p>Im Gemeindesaal findet immer am Dienstag, 15:30 bis 17:30 ein kleiner Tr\u00f6delmarkt mit Kaffeekr\u00e4nzchen statt. Die ungesunden Kuchensorten schmecken sehr lecker, mit dem Kaffee haben sie es nicht so. Verst\u00e4ndlich, durch die jahrelange Sozialisation ist einiges von den Russen abgef\u00e4rbt und die halten es bekanntlich mehr mit dem W\u00e4sserchen. Wer mehr Wert auf diesen schwarzen Aufguss legt, muss sich ein Haus weiter begeben, zum \u201eBackhaus\u201c, legt indes das Dreifache hin.<\/p>\n<p><a href=\"http:\/\/12decode.de\/zonenklaus\/wordpress\/wp-content\/uploads\/2008\/04\/img_1698a.jpg\"><img loading=\"lazy\" decoding=\"async\" class=\"aligncenter size-medium wp-image-114\" title=\"img_1698a\" src=\"http:\/\/12decode.de\/zonenklaus\/wordpress\/wp-content\/uploads\/2008\/04\/img_1698a-225x300.jpg\" alt=\"\" width=\"225\" height=\"300\" \/><\/a><\/p>\n<p>\u00a0<\/p>\n<p>Abschlie\u00dfend noch etwas zur Gasbeleuchtung im Tagesspiegel vom 8.4.2008: <a href=\"http:\/\/www.tagesspiegel.de\/berlin\/Gaslaternen;art270,2509459\">Berliner\u00a0Sparprogramm<\/a><\/p>\n<p>\u00a0<\/p>\n<p><strong>Neuer\u00f6ffnung des Berliner Gaslaternen-Freilichtmuseums.<\/strong> Seit Juni 2006 laden 90 historische Leuchten zum abendlichen Flanieren in den Tiergarten<\/p>\n<p>Zeitschriftenartikel aus: LICHT<br \/>\nJg.: 58, Nr.9, 2006<\/p>\n","protected":false},"excerpt":{"rendered":"<p>Heute beobachte ich nach dem Einkauf kurz einen Techniker w\u00e4hrend Reparatur- und Reinigungsarbeiten von Gaslaternen, knabberte ihm dabei die Ohren an und machte einige Fotos. Bereitwillig ging der junge Mann auf alle Fragen ein. Also, die verzierten Masten aus Gusseisen k\u00f6nnen fast 80 Jahre auf dem Buckel haben, die schmucklosen aus Stahl sind neuzeitlich.<\/p>\n","protected":false},"author":6,"featured_media":0,"comment_status":"open","ping_status":"closed","sticky":false,"template":"","format":"standard","meta":{"footnotes":""},"categories":[1],"tags":[],"class_list":["post-101","post","type-post","status-publish","format-standard","hentry","category-allgemeines"],"_links":{"self":[{"href":"https:\/\/zonenklaus.de\/wordpress\/index.php?rest_route=\/wp\/v2\/posts\/101","targetHints":{"allow":["GET"]}}],"collection":[{"href":"https:\/\/zonenklaus.de\/wordpress\/index.php?rest_route=\/wp\/v2\/posts"}],"about":[{"href":"https:\/\/zonenklaus.de\/wordpress\/index.php?rest_route=\/wp\/v2\/types\/post"}],"author":[{"embeddable":true,"href":"https:\/\/zonenklaus.de\/wordpress\/index.php?rest_route=\/wp\/v2\/users\/6"}],"replies":[{"embeddable":true,"href":"https:\/\/zonenklaus.de\/wordpress\/index.php?rest_route=%2Fwp%2Fv2%2Fcomments&post=101"}],"version-history":[{"count":1,"href":"https:\/\/zonenklaus.de\/wordpress\/index.php?rest_route=\/wp\/v2\/posts\/101\/revisions"}],"predecessor-version":[{"id":1587,"href":"https:\/\/zonenklaus.de\/wordpress\/index.php?rest_route=\/wp\/v2\/posts\/101\/revisions\/1587"}],"wp:attachment":[{"href":"https:\/\/zonenklaus.de\/wordpress\/index.php?rest_route=%2Fwp%2Fv2%2Fmedia&parent=101"}],"wp:term":[{"taxonomy":"category","embeddable":true,"href":"https:\/\/zonenklaus.de\/wordpress\/index.php?rest_route=%2Fwp%2Fv2%2Fcategories&post=101"},{"taxonomy":"post_tag","embeddable":true,"href":"https:\/\/zonenklaus.de\/wordpress\/index.php?rest_route=%2Fwp%2Fv2%2Ftags&post=101"}],"curies":[{"name":"wp","href":"https:\/\/api.w.org\/{rel}","templated":true}]}}