{"id":1095,"date":"2008-11-28T23:50:08","date_gmt":"2008-11-28T22:50:08","guid":{"rendered":"http:\/\/12decode.de\/zonenklaus\/wordpress\/?p=1095"},"modified":"2009-01-15T09:40:21","modified_gmt":"2009-01-15T08:40:21","slug":"1095","status":"publish","type":"post","link":"https:\/\/zonenklaus.de\/wordpress\/?p=1095","title":{"rendered":"Demente Rote Zecken"},"content":{"rendered":"<p>Eigentlich wollte ich etwas fertig bringen, \u00fcber einen Typen, wo mir schon das Kotzen kommt, wenn seine Larve irgendwo in den Medien auftaucht. Und diese Feuermelderfresse ist allgegenw\u00e4rtig, wieso wird diese Nase ewig so aufgewertet, das ist ja schlimmer als in der Zone\u2026<br \/>\nSeine widerliche, selbstgef\u00e4llige Art erinnert mich an die Mutter meiner Schwester. Von der mir bekannt war, dass sie mich seit meinem 15ten Lebensjahr verpfiff, woran ich sie Dank Gauck erinnern konnte. Die Genossin kommt als Einzige mit Klarnamen in den Akten vor und hat teilweise richtige Scheisse abgelassen, wenn sie unaufgefordert in der KD erschien.<!--more--><br \/>\nErstmalig verbrachte ich viele Stunden in der \u201eRuschestrasse\u201c am Gr\u00fcndonnerstag 1992, einem 16. April, nebenbei der Geburtstag eines ber\u00fchmt\/ber\u00fcchtigten Sozialfaschisten\u2026<br \/>\nTja, um wen handelt es sich wohl? Ich meine den Promovierten Kolchos-Cowboy, f\u00fcr mich gleichzeitig die gr\u00f6\u00dfte, rote Lusche der Republik \u2192 \u2666 2<\/p>\n<p>Mein Schlussstrich <a href=\"http:\/\/12decode.de\/zonenklaus\/wordpress\/wp-content\/uploads\/2008\/11\/ow5.pdf\">Brief<\/a><\/p>\n","protected":false},"excerpt":{"rendered":"<p>Eigentlich wollte ich etwas fertig bringen, \u00fcber einen Typen, wo mir schon das Kotzen kommt, wenn seine Larve irgendwo in den Medien auftaucht. Und diese Feuermelderfresse ist allgegenw\u00e4rtig, wieso wird diese Nase ewig so aufgewertet, das ist ja schlimmer als in der Zone\u2026 Seine widerliche, selbstgef\u00e4llige Art erinnert mich an die Mutter meiner Schwester. Von [&hellip;]<\/p>\n","protected":false},"author":6,"featured_media":0,"comment_status":"open","ping_status":"closed","sticky":false,"template":"","format":"standard","meta":{"footnotes":""},"categories":[1],"tags":[],"class_list":["post-1095","post","type-post","status-publish","format-standard","hentry","category-allgemeines"],"_links":{"self":[{"href":"https:\/\/zonenklaus.de\/wordpress\/index.php?rest_route=\/wp\/v2\/posts\/1095","targetHints":{"allow":["GET"]}}],"collection":[{"href":"https:\/\/zonenklaus.de\/wordpress\/index.php?rest_route=\/wp\/v2\/posts"}],"about":[{"href":"https:\/\/zonenklaus.de\/wordpress\/index.php?rest_route=\/wp\/v2\/types\/post"}],"author":[{"embeddable":true,"href":"https:\/\/zonenklaus.de\/wordpress\/index.php?rest_route=\/wp\/v2\/users\/6"}],"replies":[{"embeddable":true,"href":"https:\/\/zonenklaus.de\/wordpress\/index.php?rest_route=%2Fwp%2Fv2%2Fcomments&post=1095"}],"version-history":[{"count":2,"href":"https:\/\/zonenklaus.de\/wordpress\/index.php?rest_route=\/wp\/v2\/posts\/1095\/revisions"}],"predecessor-version":[{"id":1159,"href":"https:\/\/zonenklaus.de\/wordpress\/index.php?rest_route=\/wp\/v2\/posts\/1095\/revisions\/1159"}],"wp:attachment":[{"href":"https:\/\/zonenklaus.de\/wordpress\/index.php?rest_route=%2Fwp%2Fv2%2Fmedia&parent=1095"}],"wp:term":[{"taxonomy":"category","embeddable":true,"href":"https:\/\/zonenklaus.de\/wordpress\/index.php?rest_route=%2Fwp%2Fv2%2Fcategories&post=1095"},{"taxonomy":"post_tag","embeddable":true,"href":"https:\/\/zonenklaus.de\/wordpress\/index.php?rest_route=%2Fwp%2Fv2%2Ftags&post=1095"}],"curies":[{"name":"wp","href":"https:\/\/api.w.org\/{rel}","templated":true}]}}