{"id":11445,"date":"2011-01-22T22:21:07","date_gmt":"2011-01-22T21:21:07","guid":{"rendered":"http:\/\/12decode.de\/zonenklaus\/wordpress\/?p=11445"},"modified":"2013-07-02T08:46:58","modified_gmt":"2013-07-02T07:46:58","slug":"wenn-demos-etwas-andern-wurden-dann-waren-sie-langst-verboten","status":"publish","type":"post","link":"https:\/\/zonenklaus.de\/wordpress\/?p=11445","title":{"rendered":"Wenn Demos etwas \u00e4ndern w\u00fcrden, dann w\u00e4ren sie l\u00e4ngst verboten!"},"content":{"rendered":"<p>Schon Schei\u00dfe wenn man Parterre wohnt, abgesehen davon, dass ein Freund diese Wohnung fast altengerecht bezeichnete &#8211; von zwei Seiten wird Dreck hinein geschleppt. Deshalb muss ich samstags auf Anweisung der Scheffin immer etwas \u201eordentlicher\u201c den Boden s\u00e4ugen.<br \/>\nW\u00e4hrend dieser T\u00e4tigkeit <em>(ich hasse sie)<\/em> bimmelte das Teflon und die elektronische Kommunikationsprostituierte sprang an, ich warte wegen dieser widerlichen Werbeanrufe bis zu ihrem Einsatz. Es existieren PC-Programme in den Callcentern, wenn diese Lauschkisten anspringen, klinkt sich die Elektronik aus und der n\u00e4chste wird genervt, deshalb warte ich immer auf das Geplapper von der anderen Seite. Ein Bekannter harrte meiner nach seiner erfolgten Einkaufstour, weil dessen Waschmaschine kr\u00e4nkelte. Hatte gestern im Wirtshaus, bei der Zusage meines Hausbesuches, total vergessen, dass heute kleinb\u00fcrgerlicher Klassenkampf angesagt war.\u00a0 <a href=\"http:\/\/12decode.de\/zonenklaus\/wordpress\/wp-content\/uploads\/2011\/01\/IMG_2012-eichkater1.jpg\"><br \/>\n<\/a><a href=\"http:\/\/12decode.de\/zonenklaus\/wordpress\/wp-content\/uploads\/2011\/01\/IMG_2012-eichkater2.jpg\"><img loading=\"lazy\" decoding=\"async\" class=\"alignleft size-thumbnail wp-image-11448\" title=\"Eichkaters\" src=\"http:\/\/12decode.de\/zonenklaus\/wordpress\/wp-content\/uploads\/2011\/01\/IMG_2012-eichkater2-138x150.jpg\" alt=\"\" width=\"138\" height=\"150\" srcset=\"https:\/\/zonenklaus.de\/wordpress\/wp-content\/uploads\/2011\/01\/IMG_2012-eichkater2-138x150.jpg 138w, https:\/\/zonenklaus.de\/wordpress\/wp-content\/uploads\/2011\/01\/IMG_2012-eichkater2-277x300.jpg 277w, https:\/\/zonenklaus.de\/wordpress\/wp-content\/uploads\/2011\/01\/IMG_2012-eichkater2.jpg 494w\" sizes=\"auto, (max-width: 138px) 100vw, 138px\" \/><\/a>Beim Anblick unseres bettelnden Eichkaters auf der Terrasse kam es mir wieder. Dieses possierliche Tierchen holt sich jeden zweiten Tag eine \u201e\u00d6ko-Wallnu\u00df\u201c ab und wir picken chemisierte Fressalien ein&#8230;<br \/>\nSekunden sp\u00e4ter ereilte mich telefonisch die Erinnerung an jene Demo. Dachte mir schon, es werden mehr als zwei Leutchen auftauchen, deshalb begab ich mich zum Nachbarn.<br \/>\nDort stellte sich heraus &#8211; die olle Waschkiste hatte das Zeitliche gesegnet&#8230;<!--more--><br \/>\nNach dem Essen, beim Blick in den TAGESSPITZEL, registrierten meine \u00c4uglein eine Filmank\u00fcndigung: \u201e<a href=\"http:\/\/videos.arte.tv\/de\/videos\/der_amerikanische_buergerkrieg_5_9_-3651754.html#\">Amerikanischer B\u00fcrgerkrieg<\/a>\u201c. Schaute daraufhin im Netz nach, 5. und 6. Teil von <a href=\"http:\/\/de.wikipedia.org\/wiki\/Ken_Burns\">Ken Burnes<\/a>, beide Folgen \u00fcber zweieinhalb Stunden. Nun ist der samst\u00e4glich Nachmittag nicht unbedingt meine Fernsehzeit, wenn ich schon mal vor der Glotze h\u00e4ngen sollte. Sonst laufen solche Sachen weit nach Mitternacht, was mir eher zupass kommt, ich mag aber die <a href=\"http:\/\/www.youtube.com\/watch?v=EfYYOBUHOvs\">Art von Burnes<\/a>.<br \/>\nNat\u00fcrlich klittert er auch, allerdings in Ma\u00dfen, das tut sogar <a href=\"http:\/\/www.youtube.com\/watch?v=8ThtruuFKYs\">Michael Moore<\/a>&#8230;<br \/>\nDiese Dokus sind aber Lichtjahre von der Geschichtspr\u00e4sentationen eines Guido Knopps entfernt.<br \/>\n<a href=\"http:\/\/12decode.de\/zonenklaus\/wordpress\/wp-content\/uploads\/2011\/01\/Donald_nazi.jpg\"><img loading=\"lazy\" decoding=\"async\" class=\"alignleft size-thumbnail wp-image-11468\" title=\"http:\/\/myblog-tombola.blogspot.com\/\" src=\"http:\/\/12decode.de\/zonenklaus\/wordpress\/wp-content\/uploads\/2011\/01\/Donald_nazi-150x99.jpg\" alt=\"\" width=\"150\" height=\"99\" srcset=\"https:\/\/zonenklaus.de\/wordpress\/wp-content\/uploads\/2011\/01\/Donald_nazi-150x99.jpg 150w, https:\/\/zonenklaus.de\/wordpress\/wp-content\/uploads\/2011\/01\/Donald_nazi-300x199.jpg 300w, https:\/\/zonenklaus.de\/wordpress\/wp-content\/uploads\/2011\/01\/Donald_nazi.jpg 500w\" sizes=\"auto, (max-width: 150px) 100vw, 150px\" \/><\/a>Bei seinen Micky-Maus-Streifen warte ich nur darauf, dass z. B. Oberst Wilhelm Adam, ehemaliger Adjutant von Generalfeldmarschall Paulus, irgendwann von Donald Duck dargestellt wird&#8230;<br \/>\n<strong>Dieser fette Foliant k\u00f6nnte das Buch zum Ken Burnes-Film sein<\/strong><\/p>\n<p><a href=\"http:\/\/12decode.de\/zonenklaus\/wordpress\/wp-content\/uploads\/2011\/01\/ami-b\u00fcrgerkrieg-\u00e4.jpg\"><img loading=\"lazy\" decoding=\"async\" class=\"alignleft size-thumbnail wp-image-11470\" title=\"ami-b\u00fcrgerkrieg\" src=\"http:\/\/12decode.de\/zonenklaus\/wordpress\/wp-content\/uploads\/2011\/01\/ami-b\u00fcrgerkrieg-\u00e4-108x150.jpg\" alt=\"\" width=\"108\" height=\"150\" srcset=\"https:\/\/zonenklaus.de\/wordpress\/wp-content\/uploads\/2011\/01\/ami-b\u00fcrgerkrieg-\u00e4-108x150.jpg 108w, https:\/\/zonenklaus.de\/wordpress\/wp-content\/uploads\/2011\/01\/ami-b\u00fcrgerkrieg-\u00e4-217x300.jpg 217w, https:\/\/zonenklaus.de\/wordpress\/wp-content\/uploads\/2011\/01\/ami-b\u00fcrgerkrieg-\u00e4-743x1024.jpg 743w, https:\/\/zonenklaus.de\/wordpress\/wp-content\/uploads\/2011\/01\/ami-b\u00fcrgerkrieg-\u00e4.jpg 1267w\" sizes=\"auto, (max-width: 108px) 100vw, 108px\" \/><\/a><a href=\"http:\/\/12decode.de\/zonenklaus\/wordpress\/wp-content\/uploads\/2011\/01\/ami-b\u00fcrgerkrieg-1-\u00e4.jpg\"><img loading=\"lazy\" decoding=\"async\" class=\"alignleft size-thumbnail wp-image-11471\" title=\"ami-b\u00fcrgerkrieg\" src=\"http:\/\/12decode.de\/zonenklaus\/wordpress\/wp-content\/uploads\/2011\/01\/ami-b\u00fcrgerkrieg-1-\u00e4-108x150.jpg\" alt=\"\" width=\"108\" height=\"150\" srcset=\"https:\/\/zonenklaus.de\/wordpress\/wp-content\/uploads\/2011\/01\/ami-b\u00fcrgerkrieg-1-\u00e4-108x150.jpg 108w, https:\/\/zonenklaus.de\/wordpress\/wp-content\/uploads\/2011\/01\/ami-b\u00fcrgerkrieg-1-\u00e4-217x300.jpg 217w, https:\/\/zonenklaus.de\/wordpress\/wp-content\/uploads\/2011\/01\/ami-b\u00fcrgerkrieg-1-\u00e4-743x1024.jpg 743w, https:\/\/zonenklaus.de\/wordpress\/wp-content\/uploads\/2011\/01\/ami-b\u00fcrgerkrieg-1-\u00e4.jpg 1267w\" sizes=\"auto, (max-width: 108px) 100vw, 108px\" \/><\/a><\/p>\n<p><strong><span style=\"text-decoration: underline;\">Fu\u00dfnote wg. Demo. <\/span><br \/>\nSo weit ist schon gekommen<br \/>\nHeutzutage l\u00e4sst sich noch nicht mal mehr der Spruch von Max Liebermann in die Praxis umsetzen, ohne mit gesundheitlichen Folgen zu rechnen: &#8220;Ach, wissen Se, ick kann jar nich soville fressen, wie ich kotzen m\u00f6chte.&#8221;<br \/>\nHier Michas heutige \u201e<\/strong><a href=\"http:\/\/user.in-berlin.de\/~fiasko\/weblog\/?p=4571\">Demo(de\u2194<strong>im<\/strong>)pressionen<\/a><br \/>\n<strong>In der heutigen <a href=\"http:\/\/www.rbb-online.de\/abendschau\/archiv\/archiv.media.!etc!medialib!rbb!rbb!abendschau!abendschau_20110122_demo.html\">Abendschau<\/a> hat \u201eNobbe\u201c &#8211; ab der 2:45sten Minute &#8211; f\u00fcr mich mitgesprochen&#8230; <\/strong><\/p>\n","protected":false},"excerpt":{"rendered":"<p>Schon Schei\u00dfe wenn man Parterre wohnt, abgesehen davon, dass ein Freund diese Wohnung fast altengerecht bezeichnete &#8211; von zwei Seiten wird Dreck hinein geschleppt. Deshalb muss ich samstags auf Anweisung der Scheffin immer etwas \u201eordentlicher\u201c den Boden s\u00e4ugen. W\u00e4hrend dieser T\u00e4tigkeit (ich hasse sie) bimmelte das Teflon und die elektronische Kommunikationsprostituierte sprang an, ich warte [&hellip;]<\/p>\n","protected":false},"author":6,"featured_media":0,"comment_status":"open","ping_status":"closed","sticky":false,"template":"","format":"standard","meta":{"footnotes":""},"categories":[1,9],"tags":[],"class_list":["post-11445","post","type-post","status-publish","format-standard","hentry","category-allgemeines","category-bucher"],"_links":{"self":[{"href":"https:\/\/zonenklaus.de\/wordpress\/index.php?rest_route=\/wp\/v2\/posts\/11445","targetHints":{"allow":["GET"]}}],"collection":[{"href":"https:\/\/zonenklaus.de\/wordpress\/index.php?rest_route=\/wp\/v2\/posts"}],"about":[{"href":"https:\/\/zonenklaus.de\/wordpress\/index.php?rest_route=\/wp\/v2\/types\/post"}],"author":[{"embeddable":true,"href":"https:\/\/zonenklaus.de\/wordpress\/index.php?rest_route=\/wp\/v2\/users\/6"}],"replies":[{"embeddable":true,"href":"https:\/\/zonenklaus.de\/wordpress\/index.php?rest_route=%2Fwp%2Fv2%2Fcomments&post=11445"}],"version-history":[{"count":33,"href":"https:\/\/zonenklaus.de\/wordpress\/index.php?rest_route=\/wp\/v2\/posts\/11445\/revisions"}],"predecessor-version":[{"id":21501,"href":"https:\/\/zonenklaus.de\/wordpress\/index.php?rest_route=\/wp\/v2\/posts\/11445\/revisions\/21501"}],"wp:attachment":[{"href":"https:\/\/zonenklaus.de\/wordpress\/index.php?rest_route=%2Fwp%2Fv2%2Fmedia&parent=11445"}],"wp:term":[{"taxonomy":"category","embeddable":true,"href":"https:\/\/zonenklaus.de\/wordpress\/index.php?rest_route=%2Fwp%2Fv2%2Fcategories&post=11445"},{"taxonomy":"post_tag","embeddable":true,"href":"https:\/\/zonenklaus.de\/wordpress\/index.php?rest_route=%2Fwp%2Fv2%2Ftags&post=11445"}],"curies":[{"name":"wp","href":"https:\/\/api.w.org\/{rel}","templated":true}]}}