{"id":12619,"date":"2011-04-26T23:10:00","date_gmt":"2011-04-26T22:10:00","guid":{"rendered":"http:\/\/12decode.de\/zonenklaus\/wordpress\/?p=12619"},"modified":"2011-04-26T23:10:00","modified_gmt":"2011-04-26T22:10:00","slug":"osmanisches-reich-xxiv-iv-mcmxv","status":"publish","type":"post","link":"https:\/\/zonenklaus.de\/wordpress\/?p=12619","title":{"rendered":"Osmanisches Reich &#8211; XXIV. IV. MCMXV"},"content":{"rendered":"<p>Letzten Sonntag j\u00e4hrte sich mal wieder jener Tag &#8211; seit fast hundert Jahren &#8211; an dem gewisse Jungt\u00fcrkische Kreise mit der \u201eEndl\u00f6sung\u201c (Tschuldigung, dieser Begriff wurde erst 37 Jahre sp\u00e4ter im Deutschen Reich kreiert, vielleicht war es ja die Anleihe vom ehemaligen Weltkrieg-I-Verb\u00fcndeten.) des \u201eArmenier-Problems\u201c\u00a0 begannen.<br \/>\nMittlerweile hat man sich ja auch in deutschen Regierungskreisen entschlossen diese Massenabschlachtung als V\u00f6lkermord zu bezeichnen, sehr vorsichtig, \u201eaus R\u00fccksicht auf den \u00f6stlichen Nato-Verb\u00fcndeten\u201c. Sie haben allerdings auch ihre Klappe gehalten, was den Abriss der steinernen Erinnerung betraf, der heute mit einem <a href=\"http:\/\/www.3sat.de\/mediathek\/?mode=play&amp;obj=24582\">Beitrag<\/a> in 3-SAT Erw\u00e4hnung fand.<br \/>\nIst auch logisch, letztendlich hat auch die UNO noch nicht erkl\u00e4rt, bei welcher Summe von Toten man eigentlich weltweit von V\u00f6lkermord sprechen darf.<br \/>\nKlar, ich bin wieder ganz falsch gepolt, denn ich finde bereits das Abknipsen eines einzelnen Menschen ganz gro\u00dfe Schei\u00dfe, geht doch vielen genauso.<br \/>\nBei Politikern mag es anders sein, die finden irgendwann den entsprechenden Dreh. Etwas Falsches wird tats\u00e4chlich irgendwann richtig, wenn man es nur oft genug wiederholt\u00a0 und dann als normative Kraft des Faktischen abbuchen kann.<br \/>\nWas hei\u00dfen k\u00f6nnte, zum hundertsten Jahrestag (2015) der beginnenden Massaker, wird nur noch von einem\u00a0 bedauerlichen Kollateralschaden gesprochen, der sich ganz zuf\u00e4llig auf dem Weg zur \u201eDemokratie\u201c ereignete. War zwar nicht sch\u00f6n, aber na ja und so&#8230;<br \/>\nWarum passieren selbige \u201eMissgeschicke\u201c eigentlich heute immer noch?<br \/>\nGanz einfach, sie haben sich bew\u00e4hrt&#8230;<\/p>\n<p>Hier noch etwas zum Thema<br \/>\n<a href=\"http:\/\/www.readers-edition.de\/2006\/10\/22\/atatuerk-und-die-armenier\/\">Vom &#8220;Pappi&#8221; der T\u00fcrken <\/a><br \/>\n<a href=\"http:\/\/de.wikipedia.org\/wiki\/Die_vierzig_Tage_des_Musa_Dagh\">Die  vierzig Tage des Musa Dagh<\/a><br \/>\n<a href=\"http:\/\/www.spiegel.de\/politik\/ausland\/0,1518,483740,00.html\">Die Kinder des Musa Dagh<\/a><br \/>\nDieser Film war schon vor l\u00e4ngerer Zeit angek\u00fcndigt worden, aber die \u00f6ffentlich-rechtlichen TV-Stationen kniffen: <a href=\"http:\/\/videos.arte.tv\/de\/videos\/aghet_diese_sendung_ist_nicht_fuer_minderjaehrige_geeignet_-3849188.html\">DOKU von ARTE<\/a><\/p>\n","protected":false},"excerpt":{"rendered":"<p>Letzten Sonntag j\u00e4hrte sich mal wieder jener Tag &#8211; seit fast hundert Jahren &#8211; an dem gewisse Jungt\u00fcrkische Kreise mit der \u201eEndl\u00f6sung\u201c (Tschuldigung, dieser Begriff wurde erst 37 Jahre sp\u00e4ter im Deutschen Reich kreiert, vielleicht war es ja die Anleihe vom ehemaligen Weltkrieg-I-Verb\u00fcndeten.) des \u201eArmenier-Problems\u201c\u00a0 begannen. Mittlerweile hat man sich ja auch in deutschen Regierungskreisen [&hellip;]<\/p>\n","protected":false},"author":6,"featured_media":0,"comment_status":"open","ping_status":"open","sticky":false,"template":"","format":"standard","meta":{"footnotes":""},"categories":[1],"tags":[],"class_list":["post-12619","post","type-post","status-publish","format-standard","hentry","category-allgemeines"],"_links":{"self":[{"href":"https:\/\/zonenklaus.de\/wordpress\/index.php?rest_route=\/wp\/v2\/posts\/12619","targetHints":{"allow":["GET"]}}],"collection":[{"href":"https:\/\/zonenklaus.de\/wordpress\/index.php?rest_route=\/wp\/v2\/posts"}],"about":[{"href":"https:\/\/zonenklaus.de\/wordpress\/index.php?rest_route=\/wp\/v2\/types\/post"}],"author":[{"embeddable":true,"href":"https:\/\/zonenklaus.de\/wordpress\/index.php?rest_route=\/wp\/v2\/users\/6"}],"replies":[{"embeddable":true,"href":"https:\/\/zonenklaus.de\/wordpress\/index.php?rest_route=%2Fwp%2Fv2%2Fcomments&post=12619"}],"version-history":[{"count":5,"href":"https:\/\/zonenklaus.de\/wordpress\/index.php?rest_route=\/wp\/v2\/posts\/12619\/revisions"}],"predecessor-version":[{"id":12624,"href":"https:\/\/zonenklaus.de\/wordpress\/index.php?rest_route=\/wp\/v2\/posts\/12619\/revisions\/12624"}],"wp:attachment":[{"href":"https:\/\/zonenklaus.de\/wordpress\/index.php?rest_route=%2Fwp%2Fv2%2Fmedia&parent=12619"}],"wp:term":[{"taxonomy":"category","embeddable":true,"href":"https:\/\/zonenklaus.de\/wordpress\/index.php?rest_route=%2Fwp%2Fv2%2Fcategories&post=12619"},{"taxonomy":"post_tag","embeddable":true,"href":"https:\/\/zonenklaus.de\/wordpress\/index.php?rest_route=%2Fwp%2Fv2%2Ftags&post=12619"}],"curies":[{"name":"wp","href":"https:\/\/api.w.org\/{rel}","templated":true}]}}