{"id":12658,"date":"2011-05-03T22:14:29","date_gmt":"2011-05-03T21:14:29","guid":{"rendered":"http:\/\/12decode.de\/zonenklaus\/wordpress\/?p=12658"},"modified":"2014-06-08T08:43:47","modified_gmt":"2014-06-08T07:43:47","slug":"ossi-b-l-auf-der-flucht-erschossen","status":"publish","type":"post","link":"https:\/\/zonenklaus.de\/wordpress\/?p=12658","title":{"rendered":"Ossi b. L. &#8211; &#8220;Auf der Flucht erschossen?&#8221;"},"content":{"rendered":"<p>Sollte mir etwas zum \u201eHinscheiden\u201c des Star-Terroristen einfallen?<br \/>\nNicht so richtig.<br \/>\nDa sorgt der maximal pigmentierte Friedensnobelpreistr\u00e4ger und erster \u201eDemokrat\u201c des US-Amilandes daf\u00fcr, dass Ossi bin L. unfreiwillig sein Leben zur\u00fcckgeben muss und er zieht sich auch noch alles live ein. T\u00e4tigt auf diese Art Wahlkampf in der Wei\u00dfen H\u00fctte, vor der Glotze hockend.<br \/>\nBestimmt haben sie den ehemaligen Vasallen auf der Flucht erschossen und Milliarden Leute freuen sich dar\u00fcber, Frau Kanzler eingeschlossen.<br \/>\nIn diesem Augenblick kommt mir noch nicht mal \u201eklammheimlich Freude\u201c auf.<br \/>\nNun soll aber niemand annehmen, dass ich ein humanistischer Traumt\u00e4nzer sei.<br \/>\nWeit gefehlt!<br \/>\nHier muss ich mal noch etwas dazwischenquetschen.<br \/>\nEs betrifft die kurze Diskussion w\u00e4hrend einer Fete am letzten Samstag \u2013 Stichw\u00f6rter: Krieg und Demokratie.<br \/>\nBeim Abhandeln des ersten Begriffes waren wir schnell einig, weil keiner von uns je einen milit\u00e4rischen Konflikt live erleben mussten und es bis zur Urne eigentlich so bleiben sollte.<br \/>\nWas Demokratie betraf, kamen wir auf keinen Nenner. Sie sind f\u00fcr mich immer noch eitrige Furunkel an\u00a0 \u00c4rschen der Industrienationen, was sich bestimmt auch nie \u00e4ndern wird, nun schon gar nicht mehr.<br \/>\nDabei konnte ich dieser politischen Lebensform einen winzigen Aspekt abgewinnen. Rechte und Gesetze garantierten in unseren Breiten mehrere Jahrzehnte, dass latent vorhandene, faschistoide Auffassungen beim homo vulgaris nicht zum Tragen kamen.<br \/>\nSeit zwei Tagen gehen nun die selbsternannten \u201eEliten\u201c in Politik und Medien mit gutem Beispiel voran und schei\u00dfen auch auf das letzte Quentchen Verantwortungsgef\u00fchl, falls dies \u00fcberhaupt vorhanden war&#8230;<br \/>\nWas in der n\u00e4chsten Zeit f\u00fcr Lebensqualit\u00e4t fl\u00f6ten gehen wird, kann man nicht mehr in Zahlen oder Prozenten ausdr\u00fccken.<br \/>\nAls Ex-Zoni muss ich hier einen Vergleich aus alten Tagen anstellen.<br \/>\nDer gesamte verbale D\u00fcnnschiss weniger Stunden entspricht einer Plan\u00fcbererf\u00fcllung f\u00fcr die n\u00e4chsten Jahre.<br \/>\nIm Netz ist man auch sehr agil, sieh folgenden <a href=\"http:\/\/www.gmx.net\/themen\/nachrichten\/ausland\/227kd16-wer-folgt-auf-osama-bin-laden\">Artikel<\/a>!<br \/>\nBlanke Kaffesatzleserei, gepaart mit kranken Spekulationen.<br \/>\nWer von den jungdynamischen M\u00f6chtegernnachfolgern bereits in den Startl\u00f6chern hockt und schlie\u00dflich das Rennen macht, werden wir in der n\u00e4chsten Zeit zu h\u00f6ren bekommen und nicht immer nur durch die Medien.<br \/>\nEs wird auch nichts n\u00fctzen, wenn alle Leute beginnen Sankt Florian anzubeten&#8230;<br \/>\nDa kommt das digitale Fernsehen auch zur richtigen Zeit&#8230;<br \/>\nHabe mich bei heutigen \u201eNachrichten\u201c \u00f6fters gefragt, welchen Informationsgehalt eigentlich immer wiederkehrende Zoomereien auf r\u00f6tliche Flecken haben?<br \/>\nScheinbar fehlte die Werbeeinblendung: \u201eDiese Sendung pr\u00e4sentierte ihn <a href=\"http:\/\/www.heinz.com\/media\/downloads\/HeinzKetchup--label_comparison_64oz.jpg\">HEINZ Ketchup<\/a>!\u201c<\/p>\n<p>Hier etwas witziges: <a href=\"http:\/\/www.gmx.net\/themen\/essen-geniessen\/videos\/547kglu?cc=000010608500127119541dzPHi#.A1000103\">Verbl\u00fcffende Bar-Akrobatik<\/a><\/p>\n","protected":false},"excerpt":{"rendered":"<p>Sollte mir etwas zum \u201eHinscheiden\u201c des Star-Terroristen einfallen? Nicht so richtig. Da sorgt der maximal pigmentierte Friedensnobelpreistr\u00e4ger und erster \u201eDemokrat\u201c des US-Amilandes daf\u00fcr, dass Ossi bin L. unfreiwillig sein Leben zur\u00fcckgeben muss und er zieht sich auch noch alles live ein. T\u00e4tigt auf diese Art Wahlkampf in der Wei\u00dfen H\u00fctte, vor der Glotze hockend. Bestimmt [&hellip;]<\/p>\n","protected":false},"author":6,"featured_media":0,"comment_status":"open","ping_status":"open","sticky":false,"template":"","format":"standard","meta":{"footnotes":""},"categories":[1],"tags":[],"class_list":["post-12658","post","type-post","status-publish","format-standard","hentry","category-allgemeines"],"_links":{"self":[{"href":"https:\/\/zonenklaus.de\/wordpress\/index.php?rest_route=\/wp\/v2\/posts\/12658","targetHints":{"allow":["GET"]}}],"collection":[{"href":"https:\/\/zonenklaus.de\/wordpress\/index.php?rest_route=\/wp\/v2\/posts"}],"about":[{"href":"https:\/\/zonenklaus.de\/wordpress\/index.php?rest_route=\/wp\/v2\/types\/post"}],"author":[{"embeddable":true,"href":"https:\/\/zonenklaus.de\/wordpress\/index.php?rest_route=\/wp\/v2\/users\/6"}],"replies":[{"embeddable":true,"href":"https:\/\/zonenklaus.de\/wordpress\/index.php?rest_route=%2Fwp%2Fv2%2Fcomments&post=12658"}],"version-history":[{"count":5,"href":"https:\/\/zonenklaus.de\/wordpress\/index.php?rest_route=\/wp\/v2\/posts\/12658\/revisions"}],"predecessor-version":[{"id":24313,"href":"https:\/\/zonenklaus.de\/wordpress\/index.php?rest_route=\/wp\/v2\/posts\/12658\/revisions\/24313"}],"wp:attachment":[{"href":"https:\/\/zonenklaus.de\/wordpress\/index.php?rest_route=%2Fwp%2Fv2%2Fmedia&parent=12658"}],"wp:term":[{"taxonomy":"category","embeddable":true,"href":"https:\/\/zonenklaus.de\/wordpress\/index.php?rest_route=%2Fwp%2Fv2%2Fcategories&post=12658"},{"taxonomy":"post_tag","embeddable":true,"href":"https:\/\/zonenklaus.de\/wordpress\/index.php?rest_route=%2Fwp%2Fv2%2Ftags&post=12658"}],"curies":[{"name":"wp","href":"https:\/\/api.w.org\/{rel}","templated":true}]}}