{"id":12788,"date":"2011-06-03T22:02:31","date_gmt":"2011-06-03T21:02:31","guid":{"rendered":"http:\/\/12decode.de\/zonenklaus\/wordpress\/?p=12788"},"modified":"2011-06-04T01:07:21","modified_gmt":"2011-06-04T00:07:21","slug":"arte-ayla","status":"publish","type":"post","link":"https:\/\/zonenklaus.de\/wordpress\/?p=12788","title":{"rendered":"ARTE &#8211; Ayla"},"content":{"rendered":"<p><a href=\"http:\/\/www.tagesspiegel.de\/medien\/morgendaemmerung\/4231766.html\">TAGESSPITZEL: &#8220;Morgend\u00e4mmerung<\/a>&#8221;<br \/>\nMusste mich heute auf <a href=\"http:\/\/www.arte.tv\/de\/programm\/242,day=7,dayPeriod=evening,week=22,year=2011.html\">ARTE<\/a> zwingen ein blutleeres \u201eDrama\u201c zu ertragen.<br \/>\nWas soll aber auch herauskommen, wenn sich bei Gutmenschen die fromme W\u00fcnsche als Stiefv\u00e4terInnen der Gedanken herausstellen.<br \/>\nNun fr\u00f6nen bekanntlich nicht nur Osmanen jene lange \u201ebew\u00e4hrte\u201c Tradition der Blutrache nach \u201eSch\u00e4ndung der Familienehre\u201c.<br \/>\nNiemand sollte au\u00dferdem meinen, dass gerade diese Form der Auseinandersetzung den Eingeborenen unserer Breitengrade v\u00f6llig unbekannt sei. Gut, man greift nicht auf Anhieb nach einer Knarre oder Stichwaffe um jemanden fertig zu machen. Allerdings werden der Phantasie auch keine Grenzen gesetzt, wenn es darum geht einen \u201eAuss\u00e4tzigen\u201c zur Raison zubringen, falls er begann irgendwelche Normen seiner sozialen Schicht zu ignorieren&#8230;<br \/>\n&#8230;herausgekommen ist halt ein Filmchen f\u00fcr eine ganz bestimmte Klientel<br \/>\nMir f\u00e4llt zu dem Streifen nicht viel ein &#8211; au\u00dfer:<br \/>\n\u201eDer Wolf und die sieben Gei\u00dflein\u201c, als indonesisches Schattentheater in entsprechender Richtung verbandelt &#8211; Buch und Regie: Wenders\/ Schl\u00f6ndorff &#8211; h\u00e4tte mehr Biss gehabt.<br \/>\nMit den Synchronstimmen von Nina Hagen, Mike Kr\u00fcger, Tommy Gottschalk, Mario Barth, Cindy aus Marzahn usw., w\u00e4re garantiert ein Blockbuster herausgekommen<br \/>\n<strong><\/strong><\/p>\n<p><strong>Wiederholung: <\/strong>18.06.2011 um 14:30<\/p>\n","protected":false},"excerpt":{"rendered":"<p>TAGESSPITZEL: &#8220;Morgend\u00e4mmerung&#8221; Musste mich heute auf ARTE zwingen ein blutleeres \u201eDrama\u201c zu ertragen. Was soll aber auch herauskommen, wenn sich bei Gutmenschen die fromme W\u00fcnsche als Stiefv\u00e4terInnen der Gedanken herausstellen. Nun fr\u00f6nen bekanntlich nicht nur Osmanen jene lange \u201ebew\u00e4hrte\u201c Tradition der Blutrache nach \u201eSch\u00e4ndung der Familienehre\u201c. Niemand sollte au\u00dferdem meinen, dass gerade diese Form der [&hellip;]<\/p>\n","protected":false},"author":6,"featured_media":0,"comment_status":"open","ping_status":"open","sticky":false,"template":"","format":"standard","meta":{"footnotes":""},"categories":[1,22],"tags":[],"class_list":["post-12788","post","type-post","status-publish","format-standard","hentry","category-allgemeines","category-der-tagesspiegel"],"_links":{"self":[{"href":"https:\/\/zonenklaus.de\/wordpress\/index.php?rest_route=\/wp\/v2\/posts\/12788","targetHints":{"allow":["GET"]}}],"collection":[{"href":"https:\/\/zonenklaus.de\/wordpress\/index.php?rest_route=\/wp\/v2\/posts"}],"about":[{"href":"https:\/\/zonenklaus.de\/wordpress\/index.php?rest_route=\/wp\/v2\/types\/post"}],"author":[{"embeddable":true,"href":"https:\/\/zonenklaus.de\/wordpress\/index.php?rest_route=\/wp\/v2\/users\/6"}],"replies":[{"embeddable":true,"href":"https:\/\/zonenklaus.de\/wordpress\/index.php?rest_route=%2Fwp%2Fv2%2Fcomments&post=12788"}],"version-history":[{"count":8,"href":"https:\/\/zonenklaus.de\/wordpress\/index.php?rest_route=\/wp\/v2\/posts\/12788\/revisions"}],"predecessor-version":[{"id":12796,"href":"https:\/\/zonenklaus.de\/wordpress\/index.php?rest_route=\/wp\/v2\/posts\/12788\/revisions\/12796"}],"wp:attachment":[{"href":"https:\/\/zonenklaus.de\/wordpress\/index.php?rest_route=%2Fwp%2Fv2%2Fmedia&parent=12788"}],"wp:term":[{"taxonomy":"category","embeddable":true,"href":"https:\/\/zonenklaus.de\/wordpress\/index.php?rest_route=%2Fwp%2Fv2%2Fcategories&post=12788"},{"taxonomy":"post_tag","embeddable":true,"href":"https:\/\/zonenklaus.de\/wordpress\/index.php?rest_route=%2Fwp%2Fv2%2Ftags&post=12788"}],"curies":[{"name":"wp","href":"https:\/\/api.w.org\/{rel}","templated":true}]}}