{"id":12906,"date":"2011-06-18T17:12:10","date_gmt":"2011-06-18T16:12:10","guid":{"rendered":"http:\/\/12decode.de\/zonenklaus\/wordpress\/?p=12906"},"modified":"2011-07-03T13:45:37","modified_gmt":"2011-07-03T12:45:37","slug":"nordischen-botschaften-fridtjof-nansen","status":"publish","type":"post","link":"https:\/\/zonenklaus.de\/wordpress\/?p=12906","title":{"rendered":"Nordischen Botschaften &#8211; Fridtjof Nansen"},"content":{"rendered":"<p>Letzte Woche sahen wir in den Nordischen Botschaften eine <a href=\"http:\/\/www.nordischebotschaften.org\/felleshus\/veranstaltungen\/ausstellungen\/\">Winzausstellung<\/a> \u00fcber <a href=\"http:\/\/de.wikipedia.org\/wiki\/Fridtjof_Nansen\">Fridtjof Nansen<\/a>.<br \/>\nDer Mann hatte auch seine Ecken und Kanten, war aber als Mensch, als Forscher und bei der Verwirklichung seiner humanistischen Ideen immer geradlinig, folglich in jeder Lebenslage berechenbar.<br \/>\nWas man von heutigen \u201eMachteliten\u201c und wissenschaftlichen Kadern nicht unbedingt behaupten kann.<br \/>\nIch komme deshalb darauf, weil an jenem Tag der US-Pr\u00e4sident UNSER Frau Kanzler den gr\u00f6\u00dften Ami-Orden f\u00fcr Ausl\u00e4nder aufschwatzte.<br \/>\nAlles verpackt in einer Laudatio &#8211; die verstehe wer will.<br \/>\nWar f\u00fcr mich allerdings kein Problem.<br \/>\nGenosse Obama konnte sich mit gro\u00dfer Bestimmtheit auf den M\u00e4rchenschatz von CIA, MI5, S\u00e9curit\u00e9, KGB, Stasi und dem FDJ-Zentralrat der D\u00e4 D\u00e4 \u00e4R\u00a0 berufen, was den m\u00e4andernden Lebensschleichweg von \u201e<a href=\"http:\/\/www.youtube.com\/watch?v=Rb4cA8gTVXo\">Fraulein&#8221;<\/a> (dieser Hit ist politisch nicht ganz korrekt!) Kasner durch die grausigen Schluchten des kommunistischen Alltags anging. Damals beleuchtete ein Sowjetstern den sozialistischen Pfad ihrer Tugend.<br \/>\nBis schlie\u00dflich aus Zwergin Nase, Birnes \u201eM\u00e4dchen\u201c wurde, floss sehr viel Wasser die Wolga hinab. W\u00e4hrend dieser Zeit erfolgte, von allen unbemerkt, jener Wandel zur Jeanne d\u2019Arc der geknechteten Br\u00fcder und Schwestern in Ostzonien.<br \/>\nM\u00f6chte es fast so beschreiben, sie entwickelte sich zur Frau Goliath aller dahinvegetierenden und jeglicher Freiheit beraubten Mitteldeutschen&#8230;<br \/>\n<em>&#8211; Als Zweckpessimist war mir schon klar, dass Barack sehr schnell den Zw\u00e4ngen seiner Umgebung erliegen musste, endlich kann man ihn ohne gro\u00dfe Abstriche in die Reihe ganz beliebiger US-H\u00e4uptlinge einreihen.<\/em><br \/>\nHinzu kommt, f\u00fcr mich sind Amis sowieso die Russen des Westens. Ist vielleicht nicht ganz korrekt ausgedr\u00fcckt, aber \u201eGro\u00dfm\u00e4chte\u201c neigen in gewissen Situationen immer zu unverh\u00e4ltnism\u00e4\u00dfigen Reaktionen, weil sie kein ausgepr\u00e4gtes Selbstbewusstsein kennen. Heutzutage wird auf Sackratten bereits mit Bazookas gefeuert&#8230;<br \/>\nSchon witzig, wie der Pr\u00e4si \u00c4nschie einlullte, kannte sie ja noch aus dem Osten &#8211; deswegen ein schelmisches Sekundenl\u00e4cheln&#8230;<br \/>\nSeine Lobhudeleien kamen als Balsam f\u00fcr ihre eitle Seele r\u00fcber. Tiefer konnte B.O. nicht in die Trickkiste greifen, um den vorausgaloppierenden Gehorsam der Frau Kanzler zu belohnen.<br \/>\nIn Washington bemerkte auch niemand, dass der Schefff permanent aus einem Plagiat zitierte, denn mit keiner Fu\u00dfnote wurde erw\u00e4hnt, woher die Anleihen stammten, mit der die Redeschreiber \u00c4nschies gefakte Ostbiographie zusammensetzten.<br \/>\nUnter anderen Vorzeichen, wie ehedem: Warme Luft aus Sprechblasen entweichen lassen, als \u201eAuszeichnung\u201c der obligatorische Blick zur Sonne, ein feuchter H\u00e4ndedruck und ein St\u00fcck Blech an die Brust&#8230;<br \/>\n<strong>F<\/strong>ridtjof Nansen darf man heute auch nicht mehr l\u00fcckenlos in die Reihe von Friedensnobelpreisempf\u00e4ngern stellen, weil nach ihm so manche Gestalt den ideellen Wert dieser\u00a0\u00a0\u00a0\u00a0 besonderen Auszeichnung gewaltig schm\u00e4lerte&#8230;<br \/>\n<strong>N<\/strong>och etwas zu der Ausstellung.<br \/>\nPhantastisch ist die visuelle Spielerei der drei Vitrinen. Auf einem Tisch lagen mehrere B\u00fccher aus Kaiserzeiten, eins erinnerte mich an Kindheitstage. Auch heute besitze ich noch Niederschriften von vielen Polarforschern&#8230;<\/p>\n<p><a href=\"http:\/\/12decode.de\/zonenklaus\/wordpress\/wp-content\/uploads\/2011\/06\/1.jpg\"><img loading=\"lazy\" decoding=\"async\" class=\"alignleft size-thumbnail wp-image-12912\" src=\"http:\/\/12decode.de\/zonenklaus\/wordpress\/wp-content\/uploads\/2011\/06\/1-150x112.jpg\" alt=\"\" width=\"150\" height=\"112\" srcset=\"https:\/\/zonenklaus.de\/wordpress\/wp-content\/uploads\/2011\/06\/1-150x112.jpg 150w, https:\/\/zonenklaus.de\/wordpress\/wp-content\/uploads\/2011\/06\/1-300x225.jpg 300w, https:\/\/zonenklaus.de\/wordpress\/wp-content\/uploads\/2011\/06\/1-1024x768.jpg 1024w, https:\/\/zonenklaus.de\/wordpress\/wp-content\/uploads\/2011\/06\/1.jpg 1408w\" sizes=\"auto, (max-width: 150px) 100vw, 150px\" \/><\/a><a href=\"http:\/\/12decode.de\/zonenklaus\/wordpress\/wp-content\/uploads\/2011\/06\/2.jpg\"><img loading=\"lazy\" decoding=\"async\" class=\"alignleft size-thumbnail wp-image-12913\" src=\"http:\/\/12decode.de\/zonenklaus\/wordpress\/wp-content\/uploads\/2011\/06\/2-112x150.jpg\" alt=\"\" width=\"112\" height=\"150\" srcset=\"https:\/\/zonenklaus.de\/wordpress\/wp-content\/uploads\/2011\/06\/2-112x150.jpg 112w, https:\/\/zonenklaus.de\/wordpress\/wp-content\/uploads\/2011\/06\/2-225x300.jpg 225w, https:\/\/zonenklaus.de\/wordpress\/wp-content\/uploads\/2011\/06\/2-768x1024.jpg 768w, https:\/\/zonenklaus.de\/wordpress\/wp-content\/uploads\/2011\/06\/2.jpg 1056w\" sizes=\"auto, (max-width: 112px) 100vw, 112px\" \/><\/a><a href=\"http:\/\/12decode.de\/zonenklaus\/wordpress\/wp-content\/uploads\/2011\/06\/3.jpg\"><img loading=\"lazy\" decoding=\"async\" class=\"alignleft size-thumbnail wp-image-12914\" title=\"Zeitloses Sitzutensil \" src=\"http:\/\/12decode.de\/zonenklaus\/wordpress\/wp-content\/uploads\/2011\/06\/3-150x112.jpg\" alt=\"\" width=\"150\" height=\"112\" srcset=\"https:\/\/zonenklaus.de\/wordpress\/wp-content\/uploads\/2011\/06\/3-150x112.jpg 150w, https:\/\/zonenklaus.de\/wordpress\/wp-content\/uploads\/2011\/06\/3-300x225.jpg 300w, https:\/\/zonenklaus.de\/wordpress\/wp-content\/uploads\/2011\/06\/3-1024x768.jpg 1024w, https:\/\/zonenklaus.de\/wordpress\/wp-content\/uploads\/2011\/06\/3.jpg 1408w\" sizes=\"auto, (max-width: 150px) 100vw, 150px\" \/><\/a><a href=\"http:\/\/12decode.de\/zonenklaus\/wordpress\/wp-content\/uploads\/2011\/06\/5.jpg\"><img loading=\"lazy\" decoding=\"async\" class=\"alignleft size-thumbnail wp-image-12915\" src=\"http:\/\/12decode.de\/zonenklaus\/wordpress\/wp-content\/uploads\/2011\/06\/5-150x112.jpg\" alt=\"\" width=\"150\" height=\"112\" srcset=\"https:\/\/zonenklaus.de\/wordpress\/wp-content\/uploads\/2011\/06\/5-150x112.jpg 150w, https:\/\/zonenklaus.de\/wordpress\/wp-content\/uploads\/2011\/06\/5-300x225.jpg 300w, https:\/\/zonenklaus.de\/wordpress\/wp-content\/uploads\/2011\/06\/5-1024x768.jpg 1024w, https:\/\/zonenklaus.de\/wordpress\/wp-content\/uploads\/2011\/06\/5.jpg 1408w\" sizes=\"auto, (max-width: 150px) 100vw, 150px\" \/><\/a><a href=\"http:\/\/12decode.de\/zonenklaus\/wordpress\/wp-content\/uploads\/2011\/06\/4.jpg\"><img loading=\"lazy\" decoding=\"async\" class=\"alignleft size-thumbnail wp-image-12918\" title=\"Vis-\u00e0-vis - die blutige syrische botschaft\" src=\"http:\/\/12decode.de\/zonenklaus\/wordpress\/wp-content\/uploads\/2011\/06\/4-150x112.jpg\" alt=\"\" width=\"150\" height=\"112\" srcset=\"https:\/\/zonenklaus.de\/wordpress\/wp-content\/uploads\/2011\/06\/4-150x112.jpg 150w, https:\/\/zonenklaus.de\/wordpress\/wp-content\/uploads\/2011\/06\/4-300x225.jpg 300w, https:\/\/zonenklaus.de\/wordpress\/wp-content\/uploads\/2011\/06\/4-1024x768.jpg 1024w, https:\/\/zonenklaus.de\/wordpress\/wp-content\/uploads\/2011\/06\/4.jpg 1408w\" sizes=\"auto, (max-width: 150px) 100vw, 150px\" \/><\/a><\/p>\n<p><strong>Fu\u00dfnote:<\/strong><br \/>\nAuf der <a href=\"http:\/\/www.nordischebotschaften.org\/\">Hausseite<\/a> der nordischen Botschaften sollte man auch \u201eKantine\u201c anklicken!<\/p>\n<p style=\"margin-bottom: 0cm;\">Zur Ausstellung gibt es einen sehr sch\u00f6nen Katalog.<\/p>\n<p style=\"margin-bottom: 0cm;\"><a href=\"http:\/\/12decode.de\/zonenklaus\/wordpress\/wp-content\/uploads\/2011\/06\/katalog-\u00e4\u00e41.jpg\"><img loading=\"lazy\" decoding=\"async\" class=\"alignnone size-thumbnail wp-image-13125\" title=\"Wissenschaft im hohen Norden\" src=\"http:\/\/12decode.de\/zonenklaus\/wordpress\/wp-content\/uploads\/2011\/06\/katalog-\u00e4\u00e41-150x107.jpg\" alt=\"\" width=\"150\" height=\"107\" srcset=\"https:\/\/zonenklaus.de\/wordpress\/wp-content\/uploads\/2011\/06\/katalog-\u00e4\u00e41-150x107.jpg 150w, https:\/\/zonenklaus.de\/wordpress\/wp-content\/uploads\/2011\/06\/katalog-\u00e4\u00e41-300x215.jpg 300w, https:\/\/zonenklaus.de\/wordpress\/wp-content\/uploads\/2011\/06\/katalog-\u00e4\u00e41.jpg 859w\" sizes=\"auto, (max-width: 150px) 100vw, 150px\" \/><\/a><\/p>\n<div id=\"_mcePaste\" style=\"position: absolute; left: -10000px; top: 0px; width: 1px; height: 1px; overflow: hidden;\">\n<p style=\"margin-bottom: 0cm;\">Letzte Woche sahen wir in den Nordischen Botschaften eine Winzausstellung \u00fcber Fridtjof Nansen.<\/p>\n<p style=\"margin-bottom: 0cm;\">Der Mann hatte auch seine Ecken und Kanten, war aber als Mensch, als Forscher und bei der Verwirklichung seiner humanistischen Ideen immer geradlinig, folglich in jeder Lebenslage berechenbar.<\/p>\n<p style=\"margin-bottom: 0cm;\">Was man von heutigen \u201eMachteliten\u201c und wissenschaftlichen Kadern nicht unbedingt behaupten kann.<\/p>\n<p style=\"margin-bottom: 0cm;\">Ich komme deshalb darauf, weil an jenem Tag der erste maximal pigmentierte US-Pr\u00e4sident UNSER Frau Kanzler den gr\u00f6\u00dften Ami-Orden f\u00fcr Ausl\u00e4nder aufschwatzte.<\/p>\n<p style=\"margin-bottom: 0cm;\">Alles verpackt in einer Laudatio, die verstehe wer will.<\/p>\n<p style=\"margin-bottom: 0cm;\">War f\u00fcr mich allerdings kein Problem.<\/p>\n<p style=\"margin-bottom: 0cm;\">Genosse Obama konnte sich mit gro\u00dfer Bestimmtheit auf den M\u00e4rchenschatz von CIA, MI5, <em><span style=\"font-style: normal;\">S\u00e9curit\u00e9, KGB, <\/span><\/em>Stasi und dem FDJ-Zentralrat der D\u00e4 D\u00e4 \u00e4R  berufen, was den m\u00e4andernden Lebensschleichweg von \u201eFraulein\u201c Kasner durch die grausigen Schluchten des kommunistischen Alltags anging. Damals leuchtete ihr noch ein Sowjetstern auf dem sozialistischen Pfad der Tugend.<\/p>\n<p style=\"margin-bottom: 0cm;\">Bis schlie\u00dflich aus Zwergin, Nase Birnes \u201eM\u00e4dchen\u201c wurde, floss sehr viel Wasser die Wolga hinab. W\u00e4hrend dieser Zeit erfolgte, von allen unbemerkt (au\u00dfer ihr und Mr. President), jener Wandel zur <span style=\"font-weight: normal;\">Jeanne d\u2019Arc<\/span> aller geknechteten Br\u00fcdern und Schwestern der Ostzone.<\/p>\n<p style=\"margin-bottom: 0cm;\">M\u00f6chte es fast so beschreiben, sie entwickelte sich zur Frau Goliath aller dahinvegetierender und jeglicher Freiheit beraubten Mitteldeutschen&#8230;<\/p>\n<p style=\"margin-bottom: 0cm;\">Als Zweckpessimist war mir schon klar, dass Barack sehr schnell den Zw\u00e4ngen seiner Umgebung erliegen musste, endlich kann man ihn ohne gro\u00dfe Abstriche in die Reihe ganz beliebiger US-H\u00e4uptlinge einreihen.<\/p>\n<p style=\"margin-bottom: 0cm;\">Hinzu kommt, f\u00fcr mich sind Amis sowieso die Russen des Westens. Ist vielleicht nicht ganz korrekt ausgedr\u00fcckt, aber \u201eGro\u00dfm\u00e4chte\u201c neigen in gewissen Situationen immer zu unverh\u00e4ltnism\u00e4\u00dfigen Reaktionen, weil sie kein ausgepr\u00e4gtes Selbstbewusstsein kennen.<\/p>\n<p style=\"margin-bottom: 0cm;\">Heutzutage wird auf Sackratten bereits mit Bazookas gefeuert&#8230;<\/p>\n<p style=\"margin-bottom: 0cm;\">Schon witzig, wie der Pr\u00e4si \u00c4nschie einlullte, kannte sie ja noch aus dem Osten &#8211; deswegen ein schelmisches Sekundenl\u00e4cheln&#8230;<\/p>\n<p style=\"margin-bottom: 0cm;\">Seine Lobhudeleien kamen als Balsam f\u00fcr ihre eitle Seele r\u00fcber. Tiefer konnte B.O. nicht in die Trickkiste greifen, um den vorausgaloppierenden Gehorsam der Frau Kanzler zu belohnen.<\/p>\n<p style=\"margin-bottom: 0cm;\">In Washington bemerkte auch niemand, dass der Schefff permanent aus einem Plagiat zitierte, denn mit keiner Fu\u00dfnote wurde erw\u00e4hnt, woher die Anleihen stammten, mit der die Redeschreiber \u00c4nschies gefakte Ostbiographie zusammensetzten.<\/p>\n<p style=\"margin-bottom: 0cm;\">Unter anderen Vorzeichen, wie ehedem: Warme Luft aus Sprechblasen entweichen lassen, als \u201eAuszeichnung\u201c der obligatorische Blick zur Sonne, ein feuchter H\u00e4ndedruck und ein St\u00fcck Blech an die Brust&#8230;<\/p>\n<p style=\"margin-bottom: 0cm;\">\n<p style=\"margin-bottom: 0cm;\">Fridtjof Nansen darf man heute auch nicht mehr l\u00fcckenlos in die Reihe von Friedensnobelpreisempf\u00e4ngern stellen, weil nach ihm so manche Gestalt den ideellen Wert dieser     besonderen Auszeichnung gewaltig schm\u00e4lerte&#8230;<\/p>\n<p style=\"margin-bottom: 0cm;\">\n<p style=\"margin-bottom: 0cm;\">Noch etwas zu der Ausstellung.<\/p>\n<p style=\"margin-bottom: 0cm;\">Phantastisch ist die visuelle Spielerei der drei Vitrinen. Auf einem Tisch lagen mehrere B\u00fccher aus Kaiserzeiten, eins erinnerte mich an Kindheitstage. Auch heute habe ich noch Niederschriften von vielen Polarforschern&#8230;<\/p>\n<p style=\"margin-bottom: 0cm;\">Fu\u00dfnote:<\/p>\n<p style=\"margin-bottom: 0cm;\">Auf der Hausseite der nordischen Botschaften sollte man auch \u201eKantine\u201c anklicken!<\/p>\n<p style=\"margin-bottom: 0cm;\">\n<p style=\"margin-bottom: 0cm;\">\n<p style=\"margin-bottom: 0cm;\">\n<p style=\"margin-bottom: 0cm;\">\n<p style=\"margin-bottom: 0cm;\">\n<p style=\"margin-bottom: 0cm;\">Trygve Luktvasslimo Gehry &#8211; Toilet paper, composite board, metal grid &#8211; 2011<\/p>\n<\/div>\n","protected":false},"excerpt":{"rendered":"<p>Letzte Woche sahen wir in den Nordischen Botschaften eine Winzausstellung \u00fcber Fridtjof Nansen. Der Mann hatte auch seine Ecken und Kanten, war aber als Mensch, als Forscher und bei der Verwirklichung seiner humanistischen Ideen immer geradlinig, folglich in jeder Lebenslage berechenbar. Was man von heutigen \u201eMachteliten\u201c und wissenschaftlichen Kadern nicht unbedingt behaupten kann. Ich komme [&hellip;]<\/p>\n","protected":false},"author":6,"featured_media":0,"comment_status":"open","ping_status":"open","sticky":false,"template":"","format":"standard","meta":{"footnotes":""},"categories":[1],"tags":[],"class_list":["post-12906","post","type-post","status-publish","format-standard","hentry","category-allgemeines"],"_links":{"self":[{"href":"https:\/\/zonenklaus.de\/wordpress\/index.php?rest_route=\/wp\/v2\/posts\/12906","targetHints":{"allow":["GET"]}}],"collection":[{"href":"https:\/\/zonenklaus.de\/wordpress\/index.php?rest_route=\/wp\/v2\/posts"}],"about":[{"href":"https:\/\/zonenklaus.de\/wordpress\/index.php?rest_route=\/wp\/v2\/types\/post"}],"author":[{"embeddable":true,"href":"https:\/\/zonenklaus.de\/wordpress\/index.php?rest_route=\/wp\/v2\/users\/6"}],"replies":[{"embeddable":true,"href":"https:\/\/zonenklaus.de\/wordpress\/index.php?rest_route=%2Fwp%2Fv2%2Fcomments&post=12906"}],"version-history":[{"count":15,"href":"https:\/\/zonenklaus.de\/wordpress\/index.php?rest_route=\/wp\/v2\/posts\/12906\/revisions"}],"predecessor-version":[{"id":13124,"href":"https:\/\/zonenklaus.de\/wordpress\/index.php?rest_route=\/wp\/v2\/posts\/12906\/revisions\/13124"}],"wp:attachment":[{"href":"https:\/\/zonenklaus.de\/wordpress\/index.php?rest_route=%2Fwp%2Fv2%2Fmedia&parent=12906"}],"wp:term":[{"taxonomy":"category","embeddable":true,"href":"https:\/\/zonenklaus.de\/wordpress\/index.php?rest_route=%2Fwp%2Fv2%2Fcategories&post=12906"},{"taxonomy":"post_tag","embeddable":true,"href":"https:\/\/zonenklaus.de\/wordpress\/index.php?rest_route=%2Fwp%2Fv2%2Ftags&post=12906"}],"curies":[{"name":"wp","href":"https:\/\/api.w.org\/{rel}","templated":true}]}}