{"id":12928,"date":"2011-06-20T18:10:18","date_gmt":"2011-06-20T17:10:18","guid":{"rendered":"http:\/\/12decode.de\/zonenklaus\/wordpress\/?p=12928"},"modified":"2011-06-20T18:10:18","modified_gmt":"2011-06-20T17:10:18","slug":"fur-radfahrer-ein-tipppppppppp-von-jimi","status":"publish","type":"post","link":"https:\/\/zonenklaus.de\/wordpress\/?p=12928","title":{"rendered":"F\u00fcr RADFAHRER &#8211; ein TIPPPPPPPPPP von JIMI!"},"content":{"rendered":"<p>Auf der <a href=\"http:\/\/fahrradhof-altlandsberg.de\/\">Hausseite<\/a> fiel mir auf, dass die Jungs keine \u201eMifa\u201c-Drahtesel im Angebot haben, eigentlich logisch, denn in Sangerhausen werden nur noch Teile montiert. Sicher kommt der ganze Schei\u00df aus Rotchina.<br \/>\nDabei fiel mir ein, dass ich im \u201eMitteldeutschen Fahrradwerk\u201c mal meine Br\u00f6tchen verdiente&#8230;<br \/>\nDamals kursierten ein Haufen Spr\u00fcche \u00fcber gewisse Fortbewegungsprodukte:<br \/>\n&#8220;Ein St\u00fcck Gummi, ein St\u00fcck Draht &#8211; fertig ist das Mifa-Rad&#8221;<br \/>\n&#8220;Wer Mifa f\u00e4hrt, f\u00e4hrt nie verkehrt, weil <a href=\"http:\/\/www.flickr.com\/photos\/zonenklaus\/2961276524\/in\/set-72157608228063756\">Mifa<\/a> \u00fcberhaupt nicht f\u00e4hrt&#8221;<br \/>\n&#8220;Wer Mifa f\u00e4hrt, ist Dresche wert, wer M\u00f6ve lenkt wird aufgeh\u00e4ngt\u201c<br \/>\n\u201eAuch Diamant wird nicht anerkannt, denn dieser Schmand, liegt an jedem Stra\u00dfenrand!\u201c<br \/>\n\u201eDiamant &#8211; weltbekannt, wird im Ausland Schrott genannt\u201c<br \/>\nBis Ende der 80er besa\u00df ich noch ein sauschweres \u201e<a href=\"http:\/\/de.wikipedia.org\/wiki\/Brennabor\">Brennabor<\/a>\u201c, auf der M\u00f6hre sa\u00df bereits Eva Braun, als Adolf noch in der Hitlerjugend war&#8230;<br \/>\nW\u00e4hrend einer extremen Belastungsprobe hockte die Sozia auf dem Gep\u00e4cktr\u00e4ger, an jeder Hand hing ein fetter Koffer und der Renner lief ohne Probleme total in der Spur.<br \/>\nIrgendwann gab das Tretlager seinen Geist auf, nirgends fand ich Ersatzteile.<br \/>\nAus dem Haus schenkte mir daraufhin ein \u00e4lterer Herr sein total verstaubtes \u201e<a href=\"http:\/\/www.google.de\/search?q=wanderer+fahrrad&amp;hl=de&amp;prmd=ivns&amp;bav=on.2,or.r_gc.r_pw.&amp;biw=1280&amp;bih=606&amp;um=1&amp;ie=UTF-8&amp;tbm=isch&amp;source=og&amp;sa=N&amp;tab=wi\">Wanderer<\/a>\u201c aus den 50ern, mit einer Zweigangnabenschaltung von Fichtel&amp;Sachs, die \u00fcber Gest\u00e4nge bet\u00e4tigt wird.<br \/>\nDas Teil existiert noch, allerdings brach mir jemand im Prenzelgebirge das Logo (ein &#8220;W&#8221; auf dem vorderen Schutzblech) ab. Erstmalig im russischen Sektor und schon klauten sie mir die Teile unterm Arsch weg&#8230;<br \/>\n<a href=\"http:\/\/www.museum-digital.de\/san\/index.php?t=sammlung&amp;instnr=71&amp;gesusa=123\">Angaben zu einer Sammlung: Fahrzeugmuseum Sta\u00dffurt \/ Fahrr\u00e4der der Marken MIFA, DIAMANT und M\u00d6VE<\/a><\/p>\n","protected":false},"excerpt":{"rendered":"<p>Auf der Hausseite fiel mir auf, dass die Jungs keine \u201eMifa\u201c-Drahtesel im Angebot haben, eigentlich logisch, denn in Sangerhausen werden nur noch Teile montiert. Sicher kommt der ganze Schei\u00df aus Rotchina. Dabei fiel mir ein, dass ich im \u201eMitteldeutschen Fahrradwerk\u201c mal meine Br\u00f6tchen verdiente&#8230; Damals kursierten ein Haufen Spr\u00fcche \u00fcber gewisse Fortbewegungsprodukte: &#8220;Ein St\u00fcck Gummi, [&hellip;]<\/p>\n","protected":false},"author":6,"featured_media":0,"comment_status":"open","ping_status":"open","sticky":false,"template":"","format":"standard","meta":{"footnotes":""},"categories":[1],"tags":[],"class_list":["post-12928","post","type-post","status-publish","format-standard","hentry","category-allgemeines"],"_links":{"self":[{"href":"https:\/\/zonenklaus.de\/wordpress\/index.php?rest_route=\/wp\/v2\/posts\/12928","targetHints":{"allow":["GET"]}}],"collection":[{"href":"https:\/\/zonenklaus.de\/wordpress\/index.php?rest_route=\/wp\/v2\/posts"}],"about":[{"href":"https:\/\/zonenklaus.de\/wordpress\/index.php?rest_route=\/wp\/v2\/types\/post"}],"author":[{"embeddable":true,"href":"https:\/\/zonenklaus.de\/wordpress\/index.php?rest_route=\/wp\/v2\/users\/6"}],"replies":[{"embeddable":true,"href":"https:\/\/zonenklaus.de\/wordpress\/index.php?rest_route=%2Fwp%2Fv2%2Fcomments&post=12928"}],"version-history":[{"count":9,"href":"https:\/\/zonenklaus.de\/wordpress\/index.php?rest_route=\/wp\/v2\/posts\/12928\/revisions"}],"predecessor-version":[{"id":12937,"href":"https:\/\/zonenklaus.de\/wordpress\/index.php?rest_route=\/wp\/v2\/posts\/12928\/revisions\/12937"}],"wp:attachment":[{"href":"https:\/\/zonenklaus.de\/wordpress\/index.php?rest_route=%2Fwp%2Fv2%2Fmedia&parent=12928"}],"wp:term":[{"taxonomy":"category","embeddable":true,"href":"https:\/\/zonenklaus.de\/wordpress\/index.php?rest_route=%2Fwp%2Fv2%2Fcategories&post=12928"},{"taxonomy":"post_tag","embeddable":true,"href":"https:\/\/zonenklaus.de\/wordpress\/index.php?rest_route=%2Fwp%2Fv2%2Ftags&post=12928"}],"curies":[{"name":"wp","href":"https:\/\/api.w.org\/{rel}","templated":true}]}}