{"id":12994,"date":"2011-06-25T18:47:26","date_gmt":"2011-06-25T17:47:26","guid":{"rendered":"http:\/\/12decode.de\/zonenklaus\/wordpress\/?p=12994"},"modified":"2024-03-03T23:52:31","modified_gmt":"2024-03-03T22:52:31","slug":"kein-crash-trotzdem-haftung","status":"publish","type":"post","link":"https:\/\/zonenklaus.de\/wordpress\/?p=12994","title":{"rendered":"Kein Crash &#8211; trotzdem Haftung"},"content":{"rendered":"<p><a href=\"http:\/\/12decode.de\/zonenklaus\/wordpress\/wp-content\/uploads\/2011\/06\/kein-crash-\u00e4\u00e4\u00e4.jpg\"><img loading=\"lazy\" decoding=\"async\" class=\"size-thumbnail wp-image-12999 alignleft\" src=\"http:\/\/12decode.de\/zonenklaus\/wordpress\/wp-content\/uploads\/2011\/06\/kein-crash-\u00e4\u00e4\u00e4-150x138.jpg\" alt=\"\" width=\"150\" height=\"138\" srcset=\"https:\/\/zonenklaus.de\/wordpress\/wp-content\/uploads\/2011\/06\/kein-crash-\u00e4\u00e4\u00e4-150x138.jpg 150w, https:\/\/zonenklaus.de\/wordpress\/wp-content\/uploads\/2011\/06\/kein-crash-\u00e4\u00e4\u00e4-300x277.jpg 300w, https:\/\/zonenklaus.de\/wordpress\/wp-content\/uploads\/2011\/06\/kein-crash-\u00e4\u00e4\u00e4-1024x946.jpg 1024w, https:\/\/zonenklaus.de\/wordpress\/wp-content\/uploads\/2011\/06\/kein-crash-\u00e4\u00e4\u00e4.jpg 1086w\" sizes=\"auto, (max-width: 150px) 100vw, 150px\" \/><\/a>Aus welcher Zeitschrift dieser Artikel stammt, wei\u00df ich nicht.<br \/>\nFalls sich jemand angepisst f\u00fchlt wegen irgendwelcher Scheinrechte, soll er es kundtun! Dann fliegt alles raus, oder ich setze die \u201cfehlenden Infos\u201c hinzu.<br \/>\nScheinbar soll soll der Spruch dieses \u00a7\u00a7-Gottes wiedermal die Unabh\u00e4ngigkeit der deutschen Gerichtsbarkeit belegen. Hat er doch gut hinbekommen, nichts gegen zusagen.<br \/>\nSo etwas \u00e4hnliche verzapfte vor wenigen Jahren eine Berliner \u00a7\u00a7-Tante, sie gab einer Radfahrerin Mitschuld, nach dem die sich eine ganz b\u00f6se Schramme am Fu\u00df holte, weil eine Autofahrerin in zweiter Spur hielt und einfach ihrer T\u00fcre aufriss. Frau Richter schrieb Velofahrer und -Innen einen Mindestabstand von einem Meter vor. Es existieren Stra\u00dfen, da ist es gar nicht m\u00f6glich.<br \/>\nAuf der anderen Seite, wenn vor mir jemand blinkt und rechts ran f\u00e4hrt, da k\u00e4me ich nicht auf die Idee, sofort an demjenigen vorbeizupeesen.<br \/>\nLustige Erfahrungen kann jeder Radler machen, wenn er sich \u201eerdreisten\u201c sollte, durch sehr schmale Stra\u00dfen mittig zu fahren. Meine pers\u00f6nliche Hitliste bleibt au\u00dfen vor, was Reaktionen in solchen Momenten betreffen. Ganz bestimmte Nationalit\u00e4ten fallen da besonders auf, dies ist aber von Kiez zu Kiez verschieden.<br \/>\nWas die unterschiedlichen Anmachen betrifft hatte ich vor zwei Jahren ein Erlebnis der besonderen Art. W\u00e4hrend einer Fahrt quer durch Berlin, von Nordost nach S\u00fcdwest und retour mit einem sehr gepflegten Mittelklassewagen &#8211; aber mit polnischem Kennzeichen.<br \/>\nAn jenem Tage fuhr ich mit dieser fremden M\u00f6hre nicht \u00fcbervorsichtig, aber recht gem\u00e4chlich und wurde deshalb \u00f6fters angehupt. Im Westteil der Stadt recht besinnlich, von \u00e4lteren deutschen Fahrern, im Prenzelgebirge, Mitte und Friedrichshain allerdings mit verbalen Anschissen von Beifahrerseite. Bis dato war mir nie aufgefallen, wie viele junge Leute mit \u201eMigrationshintergrund\u201c w\u00e4hrend des Tages dort herumd\u00fcsen&#8230;<br \/>\nAllerdings reicht mein t\u00fcrkischer und arabischer Wortschatz aus, um gegenzuhalten.<\/p>\n","protected":false},"excerpt":{"rendered":"<p>Aus welcher Zeitschrift dieser Artikel stammt, wei\u00df ich nicht. Falls sich jemand angepisst f\u00fchlt wegen irgendwelcher Scheinrechte, soll er es kundtun! Dann fliegt alles raus, oder ich setze die \u201cfehlenden Infos\u201c hinzu. Scheinbar soll soll der Spruch dieses \u00a7\u00a7-Gottes wiedermal die Unabh\u00e4ngigkeit der deutschen Gerichtsbarkeit belegen. Hat er doch gut hinbekommen, nichts gegen zusagen. So [&hellip;]<\/p>\n","protected":false},"author":6,"featured_media":0,"comment_status":"open","ping_status":"open","sticky":false,"template":"","format":"standard","meta":{"footnotes":""},"categories":[1],"tags":[],"class_list":["post-12994","post","type-post","status-publish","format-standard","hentry","category-allgemeines"],"_links":{"self":[{"href":"https:\/\/zonenklaus.de\/wordpress\/index.php?rest_route=\/wp\/v2\/posts\/12994","targetHints":{"allow":["GET"]}}],"collection":[{"href":"https:\/\/zonenklaus.de\/wordpress\/index.php?rest_route=\/wp\/v2\/posts"}],"about":[{"href":"https:\/\/zonenklaus.de\/wordpress\/index.php?rest_route=\/wp\/v2\/types\/post"}],"author":[{"embeddable":true,"href":"https:\/\/zonenklaus.de\/wordpress\/index.php?rest_route=\/wp\/v2\/users\/6"}],"replies":[{"embeddable":true,"href":"https:\/\/zonenklaus.de\/wordpress\/index.php?rest_route=%2Fwp%2Fv2%2Fcomments&post=12994"}],"version-history":[{"count":8,"href":"https:\/\/zonenklaus.de\/wordpress\/index.php?rest_route=\/wp\/v2\/posts\/12994\/revisions"}],"predecessor-version":[{"id":41251,"href":"https:\/\/zonenklaus.de\/wordpress\/index.php?rest_route=\/wp\/v2\/posts\/12994\/revisions\/41251"}],"wp:attachment":[{"href":"https:\/\/zonenklaus.de\/wordpress\/index.php?rest_route=%2Fwp%2Fv2%2Fmedia&parent=12994"}],"wp:term":[{"taxonomy":"category","embeddable":true,"href":"https:\/\/zonenklaus.de\/wordpress\/index.php?rest_route=%2Fwp%2Fv2%2Fcategories&post=12994"},{"taxonomy":"post_tag","embeddable":true,"href":"https:\/\/zonenklaus.de\/wordpress\/index.php?rest_route=%2Fwp%2Fv2%2Ftags&post=12994"}],"curies":[{"name":"wp","href":"https:\/\/api.w.org\/{rel}","templated":true}]}}