{"id":13066,"date":"2011-06-29T23:19:14","date_gmt":"2011-06-29T22:19:14","guid":{"rendered":"http:\/\/12decode.de\/zonenklaus\/wordpress\/?p=13066"},"modified":"2020-10-09T11:18:59","modified_gmt":"2020-10-09T10:18:59","slug":"trodelmarkt-im-gemeindesaal","status":"publish","type":"post","link":"https:\/\/zonenklaus.de\/wordpress\/?p=13066","title":{"rendered":"Tr\u00f6delmarkt im Gemeindesaal"},"content":{"rendered":"<p><a href=\"http:\/\/12decode.de\/zonenklaus\/wordpress\/wp-content\/uploads\/2011\/06\/IMG_0009-\u00e41.jpg\"><img loading=\"lazy\" decoding=\"async\" class=\"wp-image-13070 size-thumbnail alignleft\" src=\"https:\/\/zonenklaus.de\/wordpress\/wp-content\/uploads\/2011\/06\/IMG_0009-\u00e41-150x112.jpg\" alt=\"\" width=\"150\" height=\"112\" srcset=\"https:\/\/zonenklaus.de\/wordpress\/wp-content\/uploads\/2011\/06\/IMG_0009-\u00e41-150x112.jpg 150w, https:\/\/zonenklaus.de\/wordpress\/wp-content\/uploads\/2011\/06\/IMG_0009-\u00e41-300x225.jpg 300w, https:\/\/zonenklaus.de\/wordpress\/wp-content\/uploads\/2011\/06\/IMG_0009-\u00e41-1024x768.jpg 1024w, https:\/\/zonenklaus.de\/wordpress\/wp-content\/uploads\/2011\/06\/IMG_0009-\u00e41.jpg 1408w\" sizes=\"auto, (max-width: 150px) 100vw, 150px\" \/><\/a>Auf dem Weg zum Tr\u00f6del-Basar begegnete mir dieses Trio, Balkan-Blueser, deren Mucken eigentlich mehr nach Mariachi klingen. Seit Jahren tingeln sie manchmal durch den Kiez, mittlerweile begr\u00fc\u00dft mich der Schefff per Handschlag.<br \/>\nDie Gesichter habe ich leicht verfremdet, k\u00f6nnte ja sein, dass irgendein Amt denen das SEK auf den Hals schickt, schlie\u00dflich verdienen diese Leute Millionen EUs im Jahr. Hinzu kommt, <em>wenn solche Leute nicht musizieren, kloppen sie bekanntlich alten Omis einen vor den Latz und klauen deren \u00e4u\u00dferst \u00fcppigen Renten&#8230;<\/em><\/p>\n<p><a href=\"http:\/\/12decode.de\/zonenklaus\/wordpress\/wp-content\/uploads\/2011\/06\/IMG_0010-\u00e41.jpg\"><img loading=\"lazy\" decoding=\"async\" class=\"size-thumbnail wp-image-13069 alignleft\" src=\"http:\/\/12decode.de\/zonenklaus\/wordpress\/wp-content\/uploads\/2011\/06\/IMG_0010-\u00e41-112x150.jpg\" alt=\"\" width=\"112\" height=\"150\" srcset=\"https:\/\/zonenklaus.de\/wordpress\/wp-content\/uploads\/2011\/06\/IMG_0010-\u00e41-112x150.jpg 112w, https:\/\/zonenklaus.de\/wordpress\/wp-content\/uploads\/2011\/06\/IMG_0010-\u00e41-225x300.jpg 225w, https:\/\/zonenklaus.de\/wordpress\/wp-content\/uploads\/2011\/06\/IMG_0010-\u00e41-768x1024.jpg 768w, https:\/\/zonenklaus.de\/wordpress\/wp-content\/uploads\/2011\/06\/IMG_0010-\u00e41.jpg 1056w\" sizes=\"auto, (max-width: 112px) 100vw, 112px\" \/><\/a>Gestern war f\u00fcr die n\u00e4chste Zeit letztmalig &#8220;Tr\u00f6deltreff&#8221;, w\u00e4hrend der Schulferien macht das Kollektiv auch immer Pause. Eigentlich schade, denn der Kuchen von den Babuschky schmeckt elephant\u00f6s. Das St\u00fcck Torte nebst Kaffee ist f\u00fcr einen EU zuhaben und alle Backwaren br\u00e4uchten die Konkurrenz eines Wiener Caf\u00e9s nicht zu scheuen.<br \/>\nSo mancher der alten Gemeindemitglieder k\u00f6nnten B\u00fccher \u00fcber sein Schicksal schreiben. Die Ahnen, unter Katharina von Zerbst an der Wolga angesiedelt, unter Stalin bis nach Kasachstan vertrieben und in den 80er Jahren wieder in der \u201eHeimat\u201c angekommen. Auf ihrem langen Trip waren sie \u00fcberall Fremde, da war die Nachbarschaft mit den Kosaken noch die ertr\u00e4glichste. Sp\u00e4ter als Faschisten verfemt, sind sie heute im \u201eReich\u201c auch wieder Auss\u00e4tzige, denn hier gelten sie als Russen&#8230;<br \/>\nBeim jetzigen Pastor fehlt der Hinweis, dass man den <a href=\"http:\/\/www.selk-wilmersdorf.de\/\">Gottesdienst<\/a> nach Tradition der Wolgadeutschen zelebriert.<br \/>\nLetztens sah ich dort einen Anzug und Weste aus Kaschmirwolle &#8211; ungetragen &#8211; wie grade aus \u00b4ner Boutique, aber nicht von Charme &amp; Anmut! Hose und Weste passten wie angegossen, auch die Jacke, leider waren die \u00c4rmel 10 cm zu kurz. Wie \u00fcblich, genetisch stehe ich den Affen sehr nah, wegen meiner \u00fcberlangen Arme.<br \/>\nWitzig gemusterte Kulturstricke waren diesmal nicht im Angebot.<br \/>\nAllerdings findet man in dem Gekrusche stets etwas, wenn es sich nur um einige CDs und Vinyl-Singles handelt. Mehr als 1Eu werden allerdings nicht ausgegeben&#8230;<\/p>\n<p><a href=\"http:\/\/12decode.de\/zonenklaus\/wordpress\/wp-content\/uploads\/2011\/06\/amiga-t-\u00e4.jpg\"><img loading=\"lazy\" decoding=\"async\" class=\"alignnone size-thumbnail wp-image-13075\" src=\"http:\/\/12decode.de\/zonenklaus\/wordpress\/wp-content\/uploads\/2011\/06\/amiga-t-\u00e4-125x150.jpg\" alt=\"\" width=\"125\" height=\"150\" srcset=\"https:\/\/zonenklaus.de\/wordpress\/wp-content\/uploads\/2011\/06\/amiga-t-\u00e4-125x150.jpg 125w, https:\/\/zonenklaus.de\/wordpress\/wp-content\/uploads\/2011\/06\/amiga-t-\u00e4-251x300.jpg 251w, https:\/\/zonenklaus.de\/wordpress\/wp-content\/uploads\/2011\/06\/amiga-t-\u00e4-857x1024.jpg 857w, https:\/\/zonenklaus.de\/wordpress\/wp-content\/uploads\/2011\/06\/amiga-t-\u00e4.jpg 1262w\" sizes=\"auto, (max-width: 125px) 100vw, 125px\" \/><\/a><a href=\"http:\/\/12decode.de\/zonenklaus\/wordpress\/wp-content\/uploads\/2011\/06\/bill-t-\u00e4.jpg\"><img loading=\"lazy\" decoding=\"async\" class=\"alignnone size-thumbnail wp-image-13076\" src=\"http:\/\/12decode.de\/zonenklaus\/wordpress\/wp-content\/uploads\/2011\/06\/bill-t-\u00e4-150x146.jpg\" alt=\"\" width=\"150\" height=\"146\" srcset=\"https:\/\/zonenklaus.de\/wordpress\/wp-content\/uploads\/2011\/06\/bill-t-\u00e4-150x146.jpg 150w, https:\/\/zonenklaus.de\/wordpress\/wp-content\/uploads\/2011\/06\/bill-t-\u00e4-300x293.jpg 300w, https:\/\/zonenklaus.de\/wordpress\/wp-content\/uploads\/2011\/06\/bill-t-\u00e4-1024x1002.jpg 1024w, https:\/\/zonenklaus.de\/wordpress\/wp-content\/uploads\/2011\/06\/bill-t-\u00e4.jpg 1065w\" sizes=\"auto, (max-width: 150px) 100vw, 150px\" \/><\/a><a href=\"http:\/\/12decode.de\/zonenklaus\/wordpress\/wp-content\/uploads\/2011\/06\/ost1.jpg\"><img loading=\"lazy\" decoding=\"async\" class=\"alignnone size-thumbnail wp-image-13077\" title=\"Dieser ganze Zonenschei\u00df ist irgendwie an mir vorbei gerauscht...\" src=\"http:\/\/12decode.de\/zonenklaus\/wordpress\/wp-content\/uploads\/2011\/06\/ost1-150x145.jpg\" alt=\"\" width=\"150\" height=\"145\" srcset=\"https:\/\/zonenklaus.de\/wordpress\/wp-content\/uploads\/2011\/06\/ost1-150x145.jpg 150w, https:\/\/zonenklaus.de\/wordpress\/wp-content\/uploads\/2011\/06\/ost1-300x291.jpg 300w, https:\/\/zonenklaus.de\/wordpress\/wp-content\/uploads\/2011\/06\/ost1.jpg 714w\" sizes=\"auto, (max-width: 150px) 100vw, 150px\" \/><\/a><a href=\"http:\/\/12decode.de\/zonenklaus\/wordpress\/wp-content\/uploads\/2011\/06\/ost2.jpg\"><img loading=\"lazy\" decoding=\"async\" class=\"alignnone size-thumbnail wp-image-13078\" src=\"http:\/\/12decode.de\/zonenklaus\/wordpress\/wp-content\/uploads\/2011\/06\/ost2-150x147.jpg\" alt=\"\" width=\"150\" height=\"147\" srcset=\"https:\/\/zonenklaus.de\/wordpress\/wp-content\/uploads\/2011\/06\/ost2-150x147.jpg 150w, https:\/\/zonenklaus.de\/wordpress\/wp-content\/uploads\/2011\/06\/ost2-300x295.jpg 300w, https:\/\/zonenklaus.de\/wordpress\/wp-content\/uploads\/2011\/06\/ost2.jpg 709w\" sizes=\"auto, (max-width: 150px) 100vw, 150px\" \/><\/a><a href=\"http:\/\/12decode.de\/zonenklaus\/wordpress\/wp-content\/uploads\/2011\/06\/ost3.jpg\"><img loading=\"lazy\" decoding=\"async\" class=\"alignnone size-thumbnail wp-image-13079\" src=\"http:\/\/12decode.de\/zonenklaus\/wordpress\/wp-content\/uploads\/2011\/06\/ost3-150x114.jpg\" alt=\"\" width=\"150\" height=\"114\" srcset=\"https:\/\/zonenklaus.de\/wordpress\/wp-content\/uploads\/2011\/06\/ost3-150x114.jpg 150w, https:\/\/zonenklaus.de\/wordpress\/wp-content\/uploads\/2011\/06\/ost3-300x229.jpg 300w, https:\/\/zonenklaus.de\/wordpress\/wp-content\/uploads\/2011\/06\/ost3.jpg 893w\" sizes=\"auto, (max-width: 150px) 100vw, 150px\" \/><\/a><a href=\"http:\/\/12decode.de\/zonenklaus\/wordpress\/wp-content\/uploads\/2011\/06\/jugo1.jpg\"><img loading=\"lazy\" decoding=\"async\" class=\"alignnone size-thumbnail wp-image-13080\" src=\"http:\/\/12decode.de\/zonenklaus\/wordpress\/wp-content\/uploads\/2011\/06\/jugo1-150x149.jpg\" alt=\"\" width=\"150\" height=\"149\" srcset=\"https:\/\/zonenklaus.de\/wordpress\/wp-content\/uploads\/2011\/06\/jugo1-150x149.jpg 150w, https:\/\/zonenklaus.de\/wordpress\/wp-content\/uploads\/2011\/06\/jugo1-300x299.jpg 300w, https:\/\/zonenklaus.de\/wordpress\/wp-content\/uploads\/2011\/06\/jugo1.jpg 536w\" sizes=\"auto, (max-width: 150px) 100vw, 150px\" \/><\/a><a href=\"http:\/\/12decode.de\/zonenklaus\/wordpress\/wp-content\/uploads\/2011\/06\/jugo2.jpg\"><img loading=\"lazy\" decoding=\"async\" class=\"alignnone size-thumbnail wp-image-13081\" src=\"http:\/\/12decode.de\/zonenklaus\/wordpress\/wp-content\/uploads\/2011\/06\/jugo2-150x147.jpg\" alt=\"\" width=\"150\" height=\"147\" srcset=\"https:\/\/zonenklaus.de\/wordpress\/wp-content\/uploads\/2011\/06\/jugo2-150x147.jpg 150w, https:\/\/zonenklaus.de\/wordpress\/wp-content\/uploads\/2011\/06\/jugo2-300x294.jpg 300w, https:\/\/zonenklaus.de\/wordpress\/wp-content\/uploads\/2011\/06\/jugo2.jpg 549w\" sizes=\"auto, (max-width: 150px) 100vw, 150px\" \/><\/a><a href=\"http:\/\/www.geo.de\/forum\/showthread.html?t=21860\">Br\u00fccken im ehemaligen Yugo-Land<\/a><!--more--><\/p>\n<p>Anschlie\u00dfend ging es noch beim Effendi vorbei.<br \/>\nDer legte mir schlie\u00dflich f\u00fcr 50 Cent noch nagelneue Reizw\u00e4sche dazu &#8211; nicht ganz korrekt deutschnational gestylt: \u201eKannst Du doch gebrauchen, nicht nur wegen Frauenfu\u00dfball&#8230;\u201c<\/p>\n<p><a href=\"http:\/\/12decode.de\/zonenklaus\/wordpress\/wp-content\/uploads\/2011\/06\/intern-t-\u00e4.jpg\"><img loading=\"lazy\" decoding=\"async\" class=\"alignnone size-thumbnail wp-image-13085\" title=\"Wat allet f\u00fcr een Schei\u00df so bei den Tr\u00f6dlern landet, det Ding ist ooch narelneu!\" src=\"http:\/\/12decode.de\/zonenklaus\/wordpress\/wp-content\/uploads\/2011\/06\/intern-t-\u00e4-150x146.jpg\" alt=\"\" width=\"150\" height=\"146\" srcset=\"https:\/\/zonenklaus.de\/wordpress\/wp-content\/uploads\/2011\/06\/intern-t-\u00e4-150x146.jpg 150w, https:\/\/zonenklaus.de\/wordpress\/wp-content\/uploads\/2011\/06\/intern-t-\u00e4-300x293.jpg 300w, https:\/\/zonenklaus.de\/wordpress\/wp-content\/uploads\/2011\/06\/intern-t-\u00e4-1024x1003.jpg 1024w, https:\/\/zonenklaus.de\/wordpress\/wp-content\/uploads\/2011\/06\/intern-t-\u00e4.jpg 1083w\" sizes=\"auto, (max-width: 150px) 100vw, 150px\" \/><\/a><a href=\"http:\/\/12decode.de\/zonenklaus\/wordpress\/wp-content\/uploads\/2011\/06\/intern-t-1-\u00e4.jpg\"><img loading=\"lazy\" decoding=\"async\" class=\"alignnone size-thumbnail wp-image-13086\" title=\"Proletarier aller L\u00e4nder, schneidet euch die Kehlen durch... \" src=\"http:\/\/12decode.de\/zonenklaus\/wordpress\/wp-content\/uploads\/2011\/06\/intern-t-1-\u00e4-150x146.jpg\" alt=\"\" width=\"150\" height=\"146\" srcset=\"https:\/\/zonenklaus.de\/wordpress\/wp-content\/uploads\/2011\/06\/intern-t-1-\u00e4-150x146.jpg 150w, https:\/\/zonenklaus.de\/wordpress\/wp-content\/uploads\/2011\/06\/intern-t-1-\u00e4-300x292.jpg 300w, https:\/\/zonenklaus.de\/wordpress\/wp-content\/uploads\/2011\/06\/intern-t-1-\u00e4-1024x996.jpg 1024w, https:\/\/zonenklaus.de\/wordpress\/wp-content\/uploads\/2011\/06\/intern-t-1-\u00e4.jpg 1088w\" sizes=\"auto, (max-width: 150px) 100vw, 150px\" \/><\/a><a href=\"http:\/\/12decode.de\/zonenklaus\/wordpress\/wp-content\/uploads\/2011\/06\/spider-t-\u00e4.jpg\"><img loading=\"lazy\" decoding=\"async\" class=\"alignnone size-thumbnail wp-image-13087\" title=\"Wegen einer bestimmten Zeile wurde dieser Hit damals in Bayern verboten\" src=\"http:\/\/12decode.de\/zonenklaus\/wordpress\/wp-content\/uploads\/2011\/06\/spider-t-\u00e4-150x148.jpg\" alt=\"\" width=\"150\" height=\"148\" srcset=\"https:\/\/zonenklaus.de\/wordpress\/wp-content\/uploads\/2011\/06\/spider-t-\u00e4-150x148.jpg 150w, https:\/\/zonenklaus.de\/wordpress\/wp-content\/uploads\/2011\/06\/spider-t-\u00e4-300x297.jpg 300w, https:\/\/zonenklaus.de\/wordpress\/wp-content\/uploads\/2011\/06\/spider-t-\u00e4-1024x1015.jpg 1024w, https:\/\/zonenklaus.de\/wordpress\/wp-content\/uploads\/2011\/06\/spider-t-\u00e4.jpg 1061w\" sizes=\"auto, (max-width: 150px) 100vw, 150px\" \/><\/a><a href=\"http:\/\/12decode.de\/zonenklaus\/wordpress\/wp-content\/uploads\/2011\/06\/Peru.jpg\"><img loading=\"lazy\" decoding=\"async\" class=\"alignnone size-thumbnail wp-image-13088\" title=\"Peru\" src=\"http:\/\/12decode.de\/zonenklaus\/wordpress\/wp-content\/uploads\/2011\/06\/Peru-150x130.jpg\" alt=\"\" width=\"150\" height=\"130\" srcset=\"https:\/\/zonenklaus.de\/wordpress\/wp-content\/uploads\/2011\/06\/Peru-150x130.jpg 150w, https:\/\/zonenklaus.de\/wordpress\/wp-content\/uploads\/2011\/06\/Peru-300x261.jpg 300w, https:\/\/zonenklaus.de\/wordpress\/wp-content\/uploads\/2011\/06\/Peru.jpg 828w\" sizes=\"auto, (max-width: 150px) 100vw, 150px\" \/><\/a><a href=\"http:\/\/12decode.de\/zonenklaus\/wordpress\/wp-content\/uploads\/2011\/06\/deutsch-\u00e4.jpg\"><img loading=\"lazy\" decoding=\"async\" class=\"alignnone size-thumbnail wp-image-13089\" title=\"deutsch-national\" src=\"http:\/\/12decode.de\/zonenklaus\/wordpress\/wp-content\/uploads\/2011\/06\/deutsch-\u00e4-150x109.jpg\" alt=\"\" width=\"150\" height=\"109\" srcset=\"https:\/\/zonenklaus.de\/wordpress\/wp-content\/uploads\/2011\/06\/deutsch-\u00e4-150x109.jpg 150w, https:\/\/zonenklaus.de\/wordpress\/wp-content\/uploads\/2011\/06\/deutsch-\u00e4-300x218.jpg 300w, https:\/\/zonenklaus.de\/wordpress\/wp-content\/uploads\/2011\/06\/deutsch-\u00e4-1023x744.jpg 1023w, https:\/\/zonenklaus.de\/wordpress\/wp-content\/uploads\/2011\/06\/deutsch-\u00e4.jpg 1755w\" sizes=\"auto, (max-width: 150px) 100vw, 150px\" \/><\/a><a href=\"http:\/\/12decode.de\/zonenklaus\/wordpress\/wp-content\/uploads\/2011\/06\/zickenschulze-t-\u00e4.jpg\"><img loading=\"lazy\" decoding=\"async\" class=\"alignnone size-thumbnail wp-image-13090\" title=\"Nach dieser Mucke hotteten damals Omi und Opi\" src=\"http:\/\/12decode.de\/zonenklaus\/wordpress\/wp-content\/uploads\/2011\/06\/zickenschulze-t-\u00e4-150x148.jpg\" alt=\"\" width=\"150\" height=\"148\" srcset=\"https:\/\/zonenklaus.de\/wordpress\/wp-content\/uploads\/2011\/06\/zickenschulze-t-\u00e4-150x148.jpg 150w, https:\/\/zonenklaus.de\/wordpress\/wp-content\/uploads\/2011\/06\/zickenschulze-t-\u00e4-300x296.jpg 300w, https:\/\/zonenklaus.de\/wordpress\/wp-content\/uploads\/2011\/06\/zickenschulze-t-\u00e4-1024x1011.jpg 1024w, https:\/\/zonenklaus.de\/wordpress\/wp-content\/uploads\/2011\/06\/zickenschulze-t-\u00e4.jpg 1061w\" sizes=\"auto, (max-width: 150px) 100vw, 150px\" \/><\/a><br \/>\n<a href=\"http:\/\/www.youtube.com\/watch?v=k2PxCJdungQ\">Hochzeit bei Zickenschulze<\/a><br \/>\n<a href=\"http:\/\/www.youtube.com\/watch?v=xNIr67_Mndg\">Ganz drau\u00dfen an der Panke<\/a><br \/>\n<a href=\"http:\/\/www.youtube.com\/watch?v=aeaqr9Kx_Rk\">Das Lied von der Krummen Lanke<\/a><!--more--><\/p>\n<p>Was schenkt man jemanden zum Geburtstag, der eigentlich fast alles hat?<em> (F\u00fcr morgen steht etwas \u00e4hnliches an)<\/em><br \/>\nSelbige Frage besch\u00e4ftigte mich vor einigen Jahren.<br \/>\nLahmarschig, \u00e4hnlich einer unterk\u00fchlten Padde, war ich an jenem Nachmittag mit dem Drahtesel in der U-Bahn unterwegs, qu\u00e4lendes Unwohlsein wollte nicht verschwinden.<br \/>\n\u00c4rgerlich fand ich jene Tatsache, dass mir zu Hause nur ein Para-Pr\u00e4sent eingefallen war.<br \/>\nJos\u00e9 Crist\u00f3bal <a href=\"http:\/\/de.wikipedia.org\/wiki\/Acetaldehyd\">Alcoholus Dehydrogenatus<\/a>, Gott aller C2H5OH-Junkies, war sehr gn\u00e4dig gestimmt, durch ihn kam die Erleuchtung. War mir doch kurz vorher aufgefallen, dass ich von der vergangenen Nacht, aus welchen Gr\u00fcnden auch immer, wesentlich mehr Knete \u00fcbrig hatte als sonst \u00fcblich, bei der Gr\u00f6\u00dfe meines fetten Sch\u00e4dels.<br \/>\nDas musizierende Zigeunertrio wurde in dem Moment wahrgenommen, als sie ihr Spiel beendeten und an der Station \u201eDeutsche Oper\u201c sich anschickten, den Waggon zu wechseln.<br \/>\nAuf meine Frage, ob sie f\u00fcr ein Pfund 15 Minuten bei einem Kumpel ganz in der N\u00e4he spielen w\u00fcrden, erfolgte nur kurz: \u201cKeine Problem!\u201c<br \/>\nDer Zug fuhr an, nach kurzer Produktionsberatung: \u201eDoch Problem&#8230;\u201c<br \/>\nAn der Haltestelle \u201eSophie Charlotte Platz\u201c hockte das Problem auf der Bank.<br \/>\n\u201eDort Kollega mit Gitarre! Muss mitspielen&#8230;\u201c<br \/>\nDa sie die Gage nicht erh\u00f6hten, war es mir egal.<br \/>\nOben wurde ein Hund gekaschte, der Taxifahrer war sofort bereit, f\u00fcr 7 EU die vier Jungs schwarz in die Knorpelsdoofer Stra\u00dfe zu kutschieren und er verzichtete dabei auf Vorkassen.<br \/>\nDort angekommen nahm gab es einen Zehner.<br \/>\nAm Haus klingelte ich und bat die Scheffin mir entgegenzukommen. Lachend ging die Frau auf meine Vorschl\u00e4ge ein, dr\u00fcckte nebenbei dem Bandleader 25 M\u00fccken in die Hand und verschwand nach oben. Dort knuddelte ich den Scheff und bat um etwas Geduld, da mein Geburtstagsgeschenk acht Beine h\u00e4tte und seine Gattin erst das verabredete Zeichen geben sollte. Au\u00dferdem musste mein Aufnahmeger\u00e4t noch eingestellt werden.<br \/>\nKaum im Flur, legten die M\u00e4nner los, nach 20 Minuten sollte es gewesen sein und alle vier wollte sofort abhauen. Nun wurden sie richtiggehend zum Essen gen\u00f6tigt. Schon witzig, die Leute waren richtiggehend \u00fcberfordert. Kaum war der letzte Happen entfleucht, schnappten sie ihre Instrumente und ab ging die Lucie. Bei den folgenden Titeln legten alle noch ein Zahn zu.<br \/>\nDann hie\u00df es &#8211; Trinkpause einlegen!<br \/>\nKaum waren zwei Schn\u00e4pse intus, ging es weiter, wie die Teufel.<br \/>\nWei\u00df gar nicht mehr, ob alles an einem Samstag oder Sonntag geschah und es gab keine Beschwerden.<br \/>\n<em>Jahre vorher stand gegen 21:30 ein recht ungehaltener Hausbewohner auf der Matte, total verpennt, in Trainingshose, so\u00b4n Moppel dem bereits die Augen zuwuchsen, mit einem riesigen Sch\u00e4ferhund an der Seite. Damals hatten wir noch keine f\u00fcnf Minuten gejamt, zwei Gitarren fast unplugt und ich mit der Harp. Der Knabe konnte wohl \u201eschwarze, j\u00fcdisch-amerikanische\u201c Musik nicht ab&#8230;<\/em><br \/>\nAls Herr A., aus F., den Musikern abschlie\u00dfend noch eine ganz schwere M\u00fccke r\u00fcberwachsen lie\u00df, verstie\u00df er regelrecht gegen ihre Musikerehre, denn niemand verstand, dass sie jetzt ohne weiteren Einsatz gehen mussten.<\/p>\n","protected":false},"excerpt":{"rendered":"<p>Auf dem Weg zum Tr\u00f6del-Basar begegnete mir dieses Trio, Balkan-Blueser, deren Mucken eigentlich mehr nach Mariachi klingen. Seit Jahren tingeln sie manchmal durch den Kiez, mittlerweile begr\u00fc\u00dft mich der Schefff per Handschlag. Die Gesichter habe ich leicht verfremdet, k\u00f6nnte ja sein, dass irgendein Amt denen das SEK auf den Hals schickt, schlie\u00dflich verdienen diese Leute [&hellip;]<\/p>\n","protected":false},"author":6,"featured_media":0,"comment_status":"open","ping_status":"open","sticky":false,"template":"","format":"standard","meta":{"footnotes":""},"categories":[1],"tags":[],"class_list":["post-13066","post","type-post","status-publish","format-standard","hentry","category-allgemeines"],"_links":{"self":[{"href":"https:\/\/zonenklaus.de\/wordpress\/index.php?rest_route=\/wp\/v2\/posts\/13066","targetHints":{"allow":["GET"]}}],"collection":[{"href":"https:\/\/zonenklaus.de\/wordpress\/index.php?rest_route=\/wp\/v2\/posts"}],"about":[{"href":"https:\/\/zonenklaus.de\/wordpress\/index.php?rest_route=\/wp\/v2\/types\/post"}],"author":[{"embeddable":true,"href":"https:\/\/zonenklaus.de\/wordpress\/index.php?rest_route=\/wp\/v2\/users\/6"}],"replies":[{"embeddable":true,"href":"https:\/\/zonenklaus.de\/wordpress\/index.php?rest_route=%2Fwp%2Fv2%2Fcomments&post=13066"}],"version-history":[{"count":26,"href":"https:\/\/zonenklaus.de\/wordpress\/index.php?rest_route=\/wp\/v2\/posts\/13066\/revisions"}],"predecessor-version":[{"id":35272,"href":"https:\/\/zonenklaus.de\/wordpress\/index.php?rest_route=\/wp\/v2\/posts\/13066\/revisions\/35272"}],"wp:attachment":[{"href":"https:\/\/zonenklaus.de\/wordpress\/index.php?rest_route=%2Fwp%2Fv2%2Fmedia&parent=13066"}],"wp:term":[{"taxonomy":"category","embeddable":true,"href":"https:\/\/zonenklaus.de\/wordpress\/index.php?rest_route=%2Fwp%2Fv2%2Fcategories&post=13066"},{"taxonomy":"post_tag","embeddable":true,"href":"https:\/\/zonenklaus.de\/wordpress\/index.php?rest_route=%2Fwp%2Fv2%2Ftags&post=13066"}],"curies":[{"name":"wp","href":"https:\/\/api.w.org\/{rel}","templated":true}]}}