{"id":13468,"date":"2011-07-27T21:53:28","date_gmt":"2011-07-27T20:53:28","guid":{"rendered":"http:\/\/12decode.de\/zonenklaus\/wordpress\/?p=13468"},"modified":"2011-07-28T01:07:56","modified_gmt":"2011-07-28T00:07:56","slug":"heute-schien-die-anweisung-erteilt-worden-zu-sein-oslo-reduzieren-wieder-mehr-afrika","status":"publish","type":"post","link":"https:\/\/zonenklaus.de\/wordpress\/?p=13468","title":{"rendered":"Heute schien die Anweisung erteilt worden zu sein: Oslo reduzieren! Wieder mehr Afrika!"},"content":{"rendered":"<p>Logisch, WIR hausen und verfetten in einer sehr schnelllebigen Zeit.<br \/>\nOft kam mir bei vielen Kameraschwenks unter den n\u00f6rdlichen Wei\u00dfbroten das Gef\u00fchl auf, nicht nur unter den Medienhaien befinden sich haufenweise Gaffer&#8230;<br \/>\nKleine, s\u00fc\u00dfe Negerlein sind scheinbar die besseren Quotenf\u00e4nger. Besonders, wenn auf Anordnung ihre maltr\u00e4tierten K\u00f6rperchen, den Lichtverh\u00e4ltnissen entsprechend, medienwirksam in Richtung der Linsen drapiert werden. In der glei\u00dfenden Helligkeit schie\u00dfen auch sofort die Tr\u00e4nen in die Augen, da muss nicht weiter nachgeholfen werden und alles sieht dadurch authentischer aus.<br \/>\nDies ist ja das Mindeste, wenn sie nun schon mit UNSEREN Fressalien \u00fcbersch\u00fcttet werden, sollte es doch m\u00f6glich sein alles per HDTV-Qualit\u00e4t in die Kiste zu bekommen&#8230;<br \/>\n<strong>&#8230;d<\/strong>a hatte ich mich doch nachmittags bestimmt verh\u00f6rt. Laut RTL-News war in Mogadischu ein Flugapparat mit 1000(?) Tonnen Lebensmittel gelandet. Fand schlie\u00dflich im Netz die Information, dass es sich nur um 10 Tonnen handelte.<br \/>\nDavon sollen dortige Kids eine Woche Fettlebe veranstalten k\u00f6nnen.<br \/>\nUm was f\u00fcr Zeug handelt es sich denn bei dieser \u201eSpende\u201c?<br \/>\nVielleicht um \u00fcberlagerte Best\u00e4nde von Milchpulver und anderen Eisernen Reserven aus Diego Garcia?<br \/>\nFrische getrocknete Molke aus der Umgebung jener weltbekannten Pr\u00e4fektur Fukushima?<br \/>\n10 Tonnen! Bei dem Bedarf!<br \/>\nDiese Menge \u00e4hnelt einem l\u00fctten, getrockneten Feigenblatt aus Omas Poesiealbum, das befand sich zwischen den Seiten, wo auf einer stand: \u201eEdel sei der Mensch, hilfreich und gut!\u201c<br \/>\nSo sch\u00f6n, so gut&#8230;<br \/>\nDen Rest kennt sowieso keine Sau<br \/>\nWie w\u00fcrde man heute mit solchem <a href=\"http:\/\/www.pinselpark.de\/literatur\/g\/goethe\/poem\/edel.html\">Gedicht<\/a> verfahren?<br \/>\nM\u00f6glicherweise so.<br \/>\nFolgende Schulaufgabe wird in der 9. Klasse gestellt.<!--more--><br \/>\n\u201eBitte z\u00e4hlt alle \u201eA\u201c\u00b4 und \u201eO\u201c\u00b4! Entnehmt zu Hause einer T\u00fcte <a href=\"http:\/\/www.google.de\/search?q=buchstabenbudeln&amp;hl=de&amp;biw=1280&amp;bih=597&amp;prmd=ivns&amp;source=lnms&amp;tbm=isch&amp;ei=7KcwTpXMPMrJsgaFvfmRCQ&amp;sa=X&amp;oi=mode_link&amp;ct=mode&amp;cd=2&amp;ved=0CA0Q_AUoAQ\">Buchstabennudeln<\/a> die entsprechende Menge, f\u00e4delt die Schriftzeichen wechselweise auf und bringt bitte die Kette zur n\u00e4chsten Unterrichtsstunde mit! Wer von den Jungs sich daran beteiligen m\u00f6chte, kann gleiches mit <a href=\"http:\/\/www.google.de\/search?q=russisch+brot&amp;hl=de&amp;biw=1280&amp;bih=597&amp;prmd=ivns&amp;source=lnms&amp;tbm=isch&amp;ei=LqgwTreHJMXLsgan5pyMCQ&amp;sa=X&amp;oi=mode_link&amp;ct=mode&amp;cd=2&amp;sqi=2&amp;ved=0CB0Q_AUoAQ\">Russisch Brot<\/a> ausf\u00fchren!\u201c<br \/>\n<strong>I<\/strong>rgendwann lutscht sich halt alles mal aus, hat gestern sogar \u201e<a href=\"http:\/\/www.3sat.de\/mediathek\/mediathek.php?obj=26263&amp;mode=play\">Kulturzeit<\/a>\u201c gerafft und befasste sich im ersten Beitrag mit dem \u201eBetroffenheitsschwund\u201c.<br \/>\nVorgestern morgen vernahm ich in d-radio, dass sich Sir Bob Geldof mal wieder ins Gespr\u00e4ch brachte, dachte schon wieder an eine weltweite Betroffenheits-Arie, ist diesmal nicht ganz so schlimm.<br \/>\nFand dazu etwas in der steierm\u00e4rkischen \u201e<a href=\"http:\/\/www.arena08.at\/nachrichten\/leute\/2793888\/stars-setzen-sich-fuer-hungernde-ein.story\">KZ<\/a>\u201c, allerdings hielten die sich recht bedeckt.<br \/>\n<em>Von Bob Geldo<\/em>(r)<em>f bis Kristen Scott Thomas &#8211; 30 Pers\u00f6nlichkeiten des \u00f6ffentlichen Lebens (?) haben eine Erkl\u00e4rung unterzeichnet, in der eine Verst\u00e4rkung der Hilfe f\u00fcr die Hungernden in Afrika gefordert wird.<br \/>\nZu den Unterzeichnern geh\u00f6ren neben Bob Geldof, der sich mit seiner Hilfsorganisation Band Aid gegen den Hunger einsetzt, der ivorische S\u00e4nger Tiken Jah Fakoly, der britische Regisseur Stephen Fry, die Schauspielerin Kristen Scott Thomas, sowie die deutschen Schauspieler Jana Pallaske <\/em>(Who the fuck is JP?)<em> und Michael Mittermeier&#8230;<\/em><br \/>\nDa kann der Verdacht aufkommen, dass es sich nur um einen Medienmasche handelt, weil vielleicht Bobbys: How To Compose Popular Songs That Will Sell\u201c nicht die gew\u00fcnschten Verkaufsquoten erreichten?<\/p>\n<p>&#8211; Vor fast genau 30 Jahren eckte ich bei zwei Leuten m\u00e4chtig an, in deren WG ein Zimmer frei ward. Nur unter der Bedingung wollte ich dort einziehen, wenn im Flur die riesigen Posters von halbverhungerten Kids aus Biafra weg k\u00e4men.<br \/>\nHalbherzig wurden alle in die Tonne getreten.<br \/>\nBald darauf tat mir mein Mitbewohner kund, dass er sich beim DED beworben hatte, da sein TU-Abschluss f\u00fcr den hiesigen Markt nicht so angesagt schien, aber in Afrika suchten man Vermessungstechniker &#8211; man nahm den Knaben.<br \/>\nDer eigentlicher Grund schien ein anderer zu sein, endlich weg von seiner Alten. Die Frau, zwei K\u00f6pfe kleiner als er, verm\u00f6belte ihn laufend. Das war ein lustig Leben in der WG.<br \/>\nSchlie\u00dflich dr\u00f6selte sich alles bestens auf, womit jeder leben konnte.<br \/>\nRieke wollte sofort die Wohnung verlassen, weil ihr Freund in vier Monaten an den \u00c4quator verduftete und sie keine Lust f\u00fcr eine Auszugsrenovierung versp\u00fcrte. Wo aber bleiben? Denn ihrer beider Beziehung war bereits aufgek\u00fcndigt. In dieser Situation registrierte Madame, dass der DED f\u00fcr zwei Jahre eine Wohnung f\u00fcr ihren \u201eEx\u201c finanzieren w\u00fcrde. Also Pille abgesetzt, nochmal rin in die Kiste und sich ganz zuf\u00e4llig einen Braten in die R\u00f6hre schieben lassen&#8230;<br \/>\nG\u00fcnnie, der sowieso keine kreischenden G\u00f6ren wollte, ward von eben diesem Stress f\u00fcr die folgenden Jahre befreit, Rieke durfte auf seine Kosten zwei Jahre mietfrei wohnen und mir fiel ohne Probleme eine gro\u00dfe Bude zu&#8230;<\/p>\n<p>Wenn ich ehrlich sein sollte, ber\u00fchrt mich die Geschichte in Oslo fast so wenig wie die afrikanischen Begebenheiten.<br \/>\nWas ist denn passiert?<br \/>\nDie ganz gew\u00f6hnliche, fast allt\u00e4gliche\u00a0 Perfiderie wurde lediglich getoppt! Was aber nicht hei\u00dfen soll, dass ich das Geschehen in irgendeiner Weise guthei\u00dfen will. Jene Vorg\u00e4nge belegen ausschlie\u00dflich die Tatsache, wie tief die menschliche Spezies gesunken ist. Wobei jeder seine Anteile daran selbst bestimmen muss und in der n\u00f6rdlichen Hemisph\u00e4re sind die wenigsten Verbraucher und -Innen dazu bereit.<br \/>\nImmer wieder versuchen Flachzangen, auch in meiner Umgebung, mir etwas klar zu machen. Man muss das \u00dcbel an der Wurzel packen, wo aber damit beginnen?<br \/>\nScheinbar hat die Frau Kanzler auf ihrem k\u00fcrzlichen Trip durch mehrere afrikanische L\u00e4nder damit begonnen. Wie kann man sonst ihre Waffengesch\u00e4fte erkl\u00e4ren. Diese destruktiven Werkzeuge in den richtigen H\u00e4nden und vor Jahren bereits korrekt angewandt, h\u00e4tten UNS die heutigen Fl\u00fcchtlingsstr\u00f6me erspart&#8230;<br \/>\nWas nicht ist kann ja noch werden.<br \/>\nAllerdings werden Kollateralsch\u00e4den in unseren Breiten zwangsl\u00e4ufig zunehmen. An dieser Tatsachen kommt niemand mehr vorbei, auch wenn \u201esicherheitsbesessene\u201c Hinterb\u00e4nkler daf\u00fcr sorgen sollten, dass <a href=\"http:\/\/www.rtl.de\/cms\/news\/rtl-aktuell.html\">Turbane<\/a> demn\u00e4chst aus Glas sein m\u00fcssen<\/p>\n","protected":false},"excerpt":{"rendered":"<p>Logisch, WIR hausen und verfetten in einer sehr schnelllebigen Zeit. Oft kam mir bei vielen Kameraschwenks unter den n\u00f6rdlichen Wei\u00dfbroten das Gef\u00fchl auf, nicht nur unter den Medienhaien befinden sich haufenweise Gaffer&#8230; Kleine, s\u00fc\u00dfe Negerlein sind scheinbar die besseren Quotenf\u00e4nger. Besonders, wenn auf Anordnung ihre maltr\u00e4tierten K\u00f6rperchen, den Lichtverh\u00e4ltnissen entsprechend, medienwirksam in Richtung der Linsen [&hellip;]<\/p>\n","protected":false},"author":6,"featured_media":0,"comment_status":"open","ping_status":"open","sticky":false,"template":"","format":"standard","meta":{"footnotes":""},"categories":[1],"tags":[],"class_list":["post-13468","post","type-post","status-publish","format-standard","hentry","category-allgemeines"],"_links":{"self":[{"href":"https:\/\/zonenklaus.de\/wordpress\/index.php?rest_route=\/wp\/v2\/posts\/13468","targetHints":{"allow":["GET"]}}],"collection":[{"href":"https:\/\/zonenklaus.de\/wordpress\/index.php?rest_route=\/wp\/v2\/posts"}],"about":[{"href":"https:\/\/zonenklaus.de\/wordpress\/index.php?rest_route=\/wp\/v2\/types\/post"}],"author":[{"embeddable":true,"href":"https:\/\/zonenklaus.de\/wordpress\/index.php?rest_route=\/wp\/v2\/users\/6"}],"replies":[{"embeddable":true,"href":"https:\/\/zonenklaus.de\/wordpress\/index.php?rest_route=%2Fwp%2Fv2%2Fcomments&post=13468"}],"version-history":[{"count":11,"href":"https:\/\/zonenklaus.de\/wordpress\/index.php?rest_route=\/wp\/v2\/posts\/13468\/revisions"}],"predecessor-version":[{"id":13478,"href":"https:\/\/zonenklaus.de\/wordpress\/index.php?rest_route=\/wp\/v2\/posts\/13468\/revisions\/13478"}],"wp:attachment":[{"href":"https:\/\/zonenklaus.de\/wordpress\/index.php?rest_route=%2Fwp%2Fv2%2Fmedia&parent=13468"}],"wp:term":[{"taxonomy":"category","embeddable":true,"href":"https:\/\/zonenklaus.de\/wordpress\/index.php?rest_route=%2Fwp%2Fv2%2Fcategories&post=13468"},{"taxonomy":"post_tag","embeddable":true,"href":"https:\/\/zonenklaus.de\/wordpress\/index.php?rest_route=%2Fwp%2Fv2%2Ftags&post=13468"}],"curies":[{"name":"wp","href":"https:\/\/api.w.org\/{rel}","templated":true}]}}