{"id":13489,"date":"2011-07-30T22:46:36","date_gmt":"2011-07-30T21:46:36","guid":{"rendered":"http:\/\/12decode.de\/zonenklaus\/wordpress\/?p=13489"},"modified":"2023-04-16T17:56:58","modified_gmt":"2023-04-16T16:56:58","slug":"guitar-crusher%c2%b4s-80th-bithday-celebration-i","status":"publish","type":"post","link":"https:\/\/zonenklaus.de\/wordpress\/?p=13489","title":{"rendered":"Guitar Crusher\u00b4s 80th Bithday Celebration (I)"},"content":{"rendered":"<p><a href=\"http:\/\/12decode.de\/zonenklaus\/wordpress\/wp-content\/uploads\/2011\/07\/Crusher-\u00e4.jpg\"><img loading=\"lazy\" decoding=\"async\" class=\"alignleft size-thumbnail wp-image-13491\" title=\"Im BH brannte die Blues-Luft\" src=\"http:\/\/12decode.de\/zonenklaus\/wordpress\/wp-content\/uploads\/2011\/07\/Crusher-\u00e4-150x97.jpg\" alt=\"\" width=\"150\" height=\"97\" srcset=\"https:\/\/zonenklaus.de\/wordpress\/wp-content\/uploads\/2011\/07\/Crusher-\u00e4-150x97.jpg 150w, https:\/\/zonenklaus.de\/wordpress\/wp-content\/uploads\/2011\/07\/Crusher-\u00e4-300x194.jpg 300w, https:\/\/zonenklaus.de\/wordpress\/wp-content\/uploads\/2011\/07\/Crusher-\u00e4.jpg 561w\" sizes=\"auto, (max-width: 150px) 100vw, 150px\" \/><\/a><a href=\"http:\/\/12decode.de\/zonenklaus\/wordpress\/wp-content\/uploads\/2011\/07\/IMG_0016-\u00e4.jpg\"><img loading=\"lazy\" decoding=\"async\" class=\"alignleft size-thumbnail wp-image-13504\" title=\"G.C.\" src=\"http:\/\/12decode.de\/zonenklaus\/wordpress\/wp-content\/uploads\/2011\/07\/IMG_0016-\u00e4-131x150.jpg\" alt=\"\" width=\"131\" height=\"150\" srcset=\"https:\/\/zonenklaus.de\/wordpress\/wp-content\/uploads\/2011\/07\/IMG_0016-\u00e4-131x150.jpg 131w, https:\/\/zonenklaus.de\/wordpress\/wp-content\/uploads\/2011\/07\/IMG_0016-\u00e4-262x300.jpg 262w, https:\/\/zonenklaus.de\/wordpress\/wp-content\/uploads\/2011\/07\/IMG_0016-\u00e4-897x1024.jpg 897w, https:\/\/zonenklaus.de\/wordpress\/wp-content\/uploads\/2011\/07\/IMG_0016-\u00e4.jpg 1036w\" sizes=\"auto, (max-width: 131px) 100vw, 131px\" \/><\/a>Eigentlich war ich gestern, gegen 22:30, nur kurz nach Hause gefahren, um mein Aufnahmeger\u00e4t mit einer neuen Mignon zu best\u00fccken.<br \/>\nDachte mir dann aber, wenn du anschlie\u00dfend die halbe Nacht noch versackst, dann schiebe dir noch schnell etwas zwischen die Kiemen.<br \/>\nGedacht.<br \/>\nGetan.<br \/>\nVor der Glotze zu m\u00fcmmeln, war nat\u00fcrlich ein riesiger Fehler.<br \/>\nAuf ARTE\u00a0 lief eine jener uns\u00e4glichen Dokus <a href=\"http:\/\/www.arte.tv\/de\/programm\/242,date=29\/7\/2011.html\">(Geheimsache Mauer)<\/a> \u00fcber die Mauer und trotzdem sah ich mir diesen Schei\u00df ein. Kam absolut nichts neues r\u00fcber, au\u00dfer, dass mein Blutdruck anstieg.<br \/>\nEntweder sind unz\u00e4hlige Filmheinze so bekloppt oder ewig ziehen noch Altlasten an den Strippen.<br \/>\nWarum werden immer wieder den T\u00e4tern Foren geboten, wo sie nostalgisch masturbieren d\u00fcrfen?<br \/>\nOhne Ausnahme bedient sich das Stalinistenpack, auch nach zwanzig Jahren, st\u00e4ndig des klassischen Sprachgebrauchs aus Zonenzeiten. Klar, ist ihnen ja seit Kindheitstagen in Fleisch und Blut \u00fcbergegangen. Am liebsten w\u00fcrden sie doch auch in der heutigen Zeit ihre Anweisungen diktieren, selbstverst\u00e4ndlich \u00fcber Kimme und Korn&#8230;<br \/>\nWarum nur auf solche Leute zur\u00fcckgegriffen wird, hat vielleicht den Grund, dass man sie auf Schritt und Tritt irgendwo antreffen kann. Problemlos schlitterten damals tragende S\u00e4ulen des sozialistischen Schlaraffenlandes in die neuen Gefilde. Was in den 90-ern ein Innenminister aus Neuf\u00fcnfland auch noch wohlwollend bef\u00fcrwortete &#8211;<br \/>\n<em>SPIEGEL: Der Beamtenstatus setzt ein besonderes Treueverh\u00e4ltnis zu unserem Staat voraus. Kann man diese Loyalit\u00e4t \u00fcberhaupt von Polizisten erwarten, die jahrelang ein Unterdr\u00fcckungssystem gest\u00fctzt haben?<br \/>\nEGGERT: Wenn Opportunismus staatstragend ist, jederzeit. Was wollen Sie machen? Es gab nicht 17 Millionen Widerstandsk\u00e4mpfer in der DDR, und man mu\u00df die Leute so nehmen, wie sie sind&#8230; &#8211; DER SPIEGEL 51\/1991<\/em><br \/>\nEin alter Freund brachte es damals anders auf den Punkt. Harte Schei\u00dfe schwimmt halt immer oben, dabei spielt die Qualit\u00e4t des Wasser keine Rolle&#8230;<br \/>\nF\u00fcr den Film h\u00e4tte ich mit einigen Bekannten der anderen Seite aufwarten k\u00f6nnen, sogar mit jemanden<strong>*<\/strong>, dem eine Mine den linken Huf wegriss&#8230;<br \/>\n<strong>*<\/strong>(Wer wei\u00df, ob er noch noch irgendwie unter uns weilt?)<!--more--><\/p>\n<p>&#8211; Nervig fand ich wiedermal die zeitweise Auslegung von bestimmten Situationen \u2013 allerdings kokettiert der Sender damit:<em> \u201e\u00dcber Computeranimationen wird Archivmaterial virtuell zum Leben erweckt, werden historische R\u00e4ume rekonstruiert und &#8211; eingebunden in die pers\u00f6nlichen Geschichten &#8211; die Funktionsweise der Mauer und der DDR-Grenzsicherung greifbar.\u201c<\/em><br \/>\nIch finde diese Art der Darstellung sehr manipulativ, entspricht aber der mickym\u00e4usigen Geschichtsinterpretation <a href=\"http:\/\/de.wikipedia.org\/wiki\/Histotainment\">(Histotainment)<\/a> eines Herrn Guido Knopp<br \/>\nVollkommener Tinnef, was die Greifbarmachung solch gesicherter Grenzen <em>(oder ganz spezieller, historischer Abl\u00e4ufe)<\/em> betrifft. Mit fiel dies immer wieder auf, wenn ich f\u00fcr unbedarfte Leute <em>(besonders Ausl\u00e4nder westlicher Demokraturen)<\/em>, z. B. im <strong><em>Mauermuseum<\/em><\/strong>, F\u00fchrungen veranstaltete oder Gaffer an der Mauer darauf ansprach.<br \/>\nEs ist fast nicht zu vermitteln, weshalb, warum, weswegen dies eigentlich in seiner Gesamtheit geschah. Da jeder das Kind seiner Zeit ist, mit seiner speziellen Sozialisation und dem daraus resultierenden Verst\u00e4ndnis f\u00fcr sich und gegen\u00fcber anderen. Mauer und Zaun stellten letztendlich nur eine politische Narbe zwischen den beiden Systemen dar, als Fazit jahrzehntelangen Versagens der V\u00f6lkergemeinschaft&#8230;<br \/>\nLustig ist dabei jene Tatsache, weil die neuen <em>F\u00fchrers<\/em> und <em>Kompetenz simulierenden\u00a0 Scharlatane<\/em> sich auf die gleichen Ideologien berufen, mit deren Hilfe diese Geschwulst heranwuchs und in den 80-ern platzte. Seit der Zeit versuchen alle krampfhaft, sie wieder zu flicken&#8230;<\/p>\n<p><strong>Fu\u00dfnote:<\/strong><br \/>\nAuf dem ersten Klassentreffen nach dem Mauerfall lie\u00df <em>Amalie<\/em>, meine Chemielehrerin, die ich auch sehr mochte, etwas verlauten. Es betraf meinen verbalen Umgang mit dem <em>Antifaschistischen Schutzwall.<\/em><br \/>\nMit dem eigentlichen Begriff: <em>Mauer<\/em>, brachte ich die Lehrer in m\u00e4chtige Schwierigkeiten. Jedes mal war es der Beleg, dass sie bei der Vermittlung des <em>Lernziels,<\/em> betreffs dieser vorgegebenen Interpretation des Berliner Bauwerkes, wiederholt versagt hatten&#8230;<br \/>\n<strong>Andere Fu\u00dfnote:<\/strong><br \/>\nAls in Bonn endlich klar war, dass Westberlin eingemauert wurde, wagte niemand den <em>bundesgermanischen<\/em> <em>Verteidigungsminister<\/em> zu wecken,\u00a0 Dr. h.c.<strong>*<\/strong> F.J.S. pennte sternhagelvoll seinen Rausch aus<\/p>\n<p><strong>*<\/strong>Ob es sich bei seinem Doktortitel auch um ein Plagiat handelt?<\/p>\n","protected":false},"excerpt":{"rendered":"<p>Eigentlich war ich gestern, gegen 22:30, nur kurz nach Hause gefahren, um mein Aufnahmeger\u00e4t mit einer neuen Mignon zu best\u00fccken. Dachte mir dann aber, wenn du anschlie\u00dfend die halbe Nacht noch versackst, dann schiebe dir noch schnell etwas zwischen die Kiemen. Gedacht. Getan. Vor der Glotze zu m\u00fcmmeln, war nat\u00fcrlich ein riesiger Fehler. Auf ARTE\u00a0 [&hellip;]<\/p>\n","protected":false},"author":6,"featured_media":0,"comment_status":"open","ping_status":"open","sticky":false,"template":"","format":"standard","meta":{"footnotes":""},"categories":[1],"tags":[],"class_list":["post-13489","post","type-post","status-publish","format-standard","hentry","category-allgemeines"],"_links":{"self":[{"href":"https:\/\/zonenklaus.de\/wordpress\/index.php?rest_route=\/wp\/v2\/posts\/13489","targetHints":{"allow":["GET"]}}],"collection":[{"href":"https:\/\/zonenklaus.de\/wordpress\/index.php?rest_route=\/wp\/v2\/posts"}],"about":[{"href":"https:\/\/zonenklaus.de\/wordpress\/index.php?rest_route=\/wp\/v2\/types\/post"}],"author":[{"embeddable":true,"href":"https:\/\/zonenklaus.de\/wordpress\/index.php?rest_route=\/wp\/v2\/users\/6"}],"replies":[{"embeddable":true,"href":"https:\/\/zonenklaus.de\/wordpress\/index.php?rest_route=%2Fwp%2Fv2%2Fcomments&post=13489"}],"version-history":[{"count":19,"href":"https:\/\/zonenklaus.de\/wordpress\/index.php?rest_route=\/wp\/v2\/posts\/13489\/revisions"}],"predecessor-version":[{"id":40026,"href":"https:\/\/zonenklaus.de\/wordpress\/index.php?rest_route=\/wp\/v2\/posts\/13489\/revisions\/40026"}],"wp:attachment":[{"href":"https:\/\/zonenklaus.de\/wordpress\/index.php?rest_route=%2Fwp%2Fv2%2Fmedia&parent=13489"}],"wp:term":[{"taxonomy":"category","embeddable":true,"href":"https:\/\/zonenklaus.de\/wordpress\/index.php?rest_route=%2Fwp%2Fv2%2Fcategories&post=13489"},{"taxonomy":"post_tag","embeddable":true,"href":"https:\/\/zonenklaus.de\/wordpress\/index.php?rest_route=%2Fwp%2Fv2%2Ftags&post=13489"}],"curies":[{"name":"wp","href":"https:\/\/api.w.org\/{rel}","templated":true}]}}