{"id":13568,"date":"2011-08-03T22:14:38","date_gmt":"2011-08-03T21:14:38","guid":{"rendered":"http:\/\/12decode.de\/zonenklaus\/wordpress\/?p=13568"},"modified":"2011-08-04T00:04:32","modified_gmt":"2011-08-03T23:04:32","slug":"wacken-lasst%c2%b4s-knacken","status":"publish","type":"post","link":"https:\/\/zonenklaus.de\/wordpress\/?p=13568","title":{"rendered":"Wacken l\u00e4sst\u00b4s knacken"},"content":{"rendered":"<p><strong>H<\/strong>abe mal zus\u00e4tzlich noch im Netz gestochert<br \/>\n<a href=\"http:\/\/www.wacken.com\/\">W:O:A &#8211; Wacken Open Air : INTRO<\/a><br \/>\n<a href=\"http:\/\/www.welt.de\/newsticker\/dpa_nt\/infoline_nt\/boulevard_nt\/musik_nt\/article13524665\/Ein-Dorf-rockt-schon-vor-Festivalstart.html\">Ein Dorf rockt schon vor Festivalstart<\/a><br \/>\n<a href=\"http:\/\/www.stupidedia.org\/stupi\/Wacken\">\\&#8221;Nicht lange schnacken, auf nach Wacken\\&#8221; <\/a><br \/>\n<a href=\"http:\/\/web.de\/magazine\/musik\/bildergalerien\/bilder\/13365130-wacken-im-festival-fieber.html#0\">Wacken im Festival-Fieber<\/a><!--more--><\/p>\n<p><a href=\"http:\/\/12decode.de\/zonenklaus\/wordpress\/wp-content\/uploads\/2011\/08\/IMG_0045-\u00e4.jpg\"><img loading=\"lazy\" decoding=\"async\" class=\"alignleft size-thumbnail wp-image-13572\" title=\"S-Bahnhof, Blick nach S\u00fcd-West\" src=\"http:\/\/12decode.de\/zonenklaus\/wordpress\/wp-content\/uploads\/2011\/08\/IMG_0045-\u00e4-112x150.jpg\" alt=\"\" width=\"112\" height=\"150\" srcset=\"https:\/\/zonenklaus.de\/wordpress\/wp-content\/uploads\/2011\/08\/IMG_0045-\u00e4-112x150.jpg 112w, https:\/\/zonenklaus.de\/wordpress\/wp-content\/uploads\/2011\/08\/IMG_0045-\u00e4-225x300.jpg 225w, https:\/\/zonenklaus.de\/wordpress\/wp-content\/uploads\/2011\/08\/IMG_0045-\u00e4-768x1024.jpg 768w, https:\/\/zonenklaus.de\/wordpress\/wp-content\/uploads\/2011\/08\/IMG_0045-\u00e4.jpg 1056w\" sizes=\"auto, (max-width: 112px) 100vw, 112px\" \/><\/a><a href=\"http:\/\/12decode.de\/zonenklaus\/wordpress\/wp-content\/uploads\/2011\/08\/IMG_0044-\u00e4.jpg\"><img loading=\"lazy\" decoding=\"async\" class=\"alignleft size-thumbnail wp-image-13573\" title=\"Hinter den Mauern der Klub\" src=\"http:\/\/12decode.de\/zonenklaus\/wordpress\/wp-content\/uploads\/2011\/08\/IMG_0044-\u00e4-150x112.jpg\" alt=\"\" width=\"150\" height=\"112\" srcset=\"https:\/\/zonenklaus.de\/wordpress\/wp-content\/uploads\/2011\/08\/IMG_0044-\u00e4-150x112.jpg 150w, https:\/\/zonenklaus.de\/wordpress\/wp-content\/uploads\/2011\/08\/IMG_0044-\u00e4-300x225.jpg 300w, https:\/\/zonenklaus.de\/wordpress\/wp-content\/uploads\/2011\/08\/IMG_0044-\u00e4-1024x768.jpg 1024w, https:\/\/zonenklaus.de\/wordpress\/wp-content\/uploads\/2011\/08\/IMG_0044-\u00e4.jpg 1408w\" sizes=\"auto, (max-width: 150px) 100vw, 150px\" \/><\/a><a href=\"http:\/\/12decode.de\/zonenklaus\/wordpress\/wp-content\/uploads\/2011\/08\/IMG_0043-\u00e4.jpg\"><img loading=\"lazy\" decoding=\"async\" class=\"alignleft size-thumbnail wp-image-13574\" title=\"Eingang von der Hochstrasse\" src=\"http:\/\/12decode.de\/zonenklaus\/wordpress\/wp-content\/uploads\/2011\/08\/IMG_0043-\u00e4-112x150.jpg\" alt=\"\" width=\"112\" height=\"150\" srcset=\"https:\/\/zonenklaus.de\/wordpress\/wp-content\/uploads\/2011\/08\/IMG_0043-\u00e4-112x150.jpg 112w, https:\/\/zonenklaus.de\/wordpress\/wp-content\/uploads\/2011\/08\/IMG_0043-\u00e4-225x300.jpg 225w, https:\/\/zonenklaus.de\/wordpress\/wp-content\/uploads\/2011\/08\/IMG_0043-\u00e4-768x1024.jpg 768w, https:\/\/zonenklaus.de\/wordpress\/wp-content\/uploads\/2011\/08\/IMG_0043-\u00e4.jpg 1056w\" sizes=\"auto, (max-width: 112px) 100vw, 112px\" \/><\/a><a href=\"http:\/\/12decode.de\/zonenklaus\/wordpress\/wp-content\/uploads\/2011\/08\/IMG_0041-\u00e4.jpg\"><img loading=\"lazy\" decoding=\"async\" class=\"alignleft size-thumbnail wp-image-13576\" title=\"&quot;Kunst am Bau&quot; - imagin\u00e4re Lippen\" src=\"http:\/\/12decode.de\/zonenklaus\/wordpress\/wp-content\/uploads\/2011\/08\/IMG_0041-\u00e4-112x150.jpg\" alt=\"\" width=\"112\" height=\"150\" srcset=\"https:\/\/zonenklaus.de\/wordpress\/wp-content\/uploads\/2011\/08\/IMG_0041-\u00e4-112x150.jpg 112w, https:\/\/zonenklaus.de\/wordpress\/wp-content\/uploads\/2011\/08\/IMG_0041-\u00e4-225x300.jpg 225w, https:\/\/zonenklaus.de\/wordpress\/wp-content\/uploads\/2011\/08\/IMG_0041-\u00e4-768x1024.jpg 768w, https:\/\/zonenklaus.de\/wordpress\/wp-content\/uploads\/2011\/08\/IMG_0041-\u00e4.jpg 1056w\" sizes=\"auto, (max-width: 112px) 100vw, 112px\" \/><\/a><a href=\"http:\/\/12decode.de\/zonenklaus\/wordpress\/wp-content\/uploads\/2011\/08\/IMG_0034-\u00e4.jpg\"><img loading=\"lazy\" decoding=\"async\" class=\"alignleft size-thumbnail wp-image-13577\" title=\"Afghanistan l\u00e4sst gr\u00fc\u00dfen\" src=\"http:\/\/12decode.de\/zonenklaus\/wordpress\/wp-content\/uploads\/2011\/08\/IMG_0034-\u00e4-150x112.jpg\" alt=\"\" width=\"150\" height=\"112\" srcset=\"https:\/\/zonenklaus.de\/wordpress\/wp-content\/uploads\/2011\/08\/IMG_0034-\u00e4-150x112.jpg 150w, https:\/\/zonenklaus.de\/wordpress\/wp-content\/uploads\/2011\/08\/IMG_0034-\u00e4-300x225.jpg 300w, https:\/\/zonenklaus.de\/wordpress\/wp-content\/uploads\/2011\/08\/IMG_0034-\u00e4-1024x768.jpg 1024w, https:\/\/zonenklaus.de\/wordpress\/wp-content\/uploads\/2011\/08\/IMG_0034-\u00e4.jpg 1408w\" sizes=\"auto, (max-width: 150px) 100vw, 150px\" \/><\/a>Direkt am und im S-Bahnhof \u201eHumboldthain\u201c befindet sich \u201e<a href=\"http:\/\/www.the-ace-berlin.com\/\">The ACE<\/a>\u201c, ein witziger Laden &#8211; innen wie au\u00dfen.<\/p>\n<p><a href=\"http:\/\/12decode.de\/zonenklaus\/wordpress\/wp-content\/uploads\/2011\/08\/IMG_0035-\u00e4.jpg\"><img loading=\"lazy\" decoding=\"async\" class=\"alignleft size-thumbnail wp-image-13579\" title=\"Hinter diesem Fenster befand sich mal ein MG-Nest mit dem letzten Aufgabot. Scheintote Alte und Rotzl\u00f6ffel mit feuchten Ohren.\" src=\"http:\/\/12decode.de\/zonenklaus\/wordpress\/wp-content\/uploads\/2011\/08\/IMG_0035-\u00e4-150x112.jpg\" alt=\"\" width=\"150\" height=\"112\" srcset=\"https:\/\/zonenklaus.de\/wordpress\/wp-content\/uploads\/2011\/08\/IMG_0035-\u00e4-150x112.jpg 150w, https:\/\/zonenklaus.de\/wordpress\/wp-content\/uploads\/2011\/08\/IMG_0035-\u00e4-300x225.jpg 300w, https:\/\/zonenklaus.de\/wordpress\/wp-content\/uploads\/2011\/08\/IMG_0035-\u00e4-1024x768.jpg 1024w, https:\/\/zonenklaus.de\/wordpress\/wp-content\/uploads\/2011\/08\/IMG_0035-\u00e4.jpg 1408w\" sizes=\"auto, (max-width: 150px) 100vw, 150px\" \/><\/a><a href=\"http:\/\/12decode.de\/zonenklaus\/wordpress\/wp-content\/uploads\/2011\/08\/IMG_0036-\u00e4.jpg\"><img loading=\"lazy\" decoding=\"async\" class=\"alignleft size-thumbnail wp-image-13580\" title=\"Die Knarre vom sowjetischen Scharfsch\u00fctzen war nicht korrekt eingeschossen, sie zog nach links unten.!\" src=\"http:\/\/12decode.de\/zonenklaus\/wordpress\/wp-content\/uploads\/2011\/08\/IMG_0036-\u00e4-150x112.jpg\" alt=\"\" width=\"150\" height=\"112\" srcset=\"https:\/\/zonenklaus.de\/wordpress\/wp-content\/uploads\/2011\/08\/IMG_0036-\u00e4-150x112.jpg 150w, https:\/\/zonenklaus.de\/wordpress\/wp-content\/uploads\/2011\/08\/IMG_0036-\u00e4-300x225.jpg 300w, https:\/\/zonenklaus.de\/wordpress\/wp-content\/uploads\/2011\/08\/IMG_0036-\u00e4-1024x768.jpg 1024w, https:\/\/zonenklaus.de\/wordpress\/wp-content\/uploads\/2011\/08\/IMG_0036-\u00e4.jpg 1408w\" sizes=\"auto, (max-width: 150px) 100vw, 150px\" \/><\/a><a href=\"http:\/\/12decode.de\/zonenklaus\/wordpress\/wp-content\/uploads\/2011\/08\/IMG_0038-\u00e4.jpg\"><img loading=\"lazy\" decoding=\"async\" class=\"alignleft size-thumbnail wp-image-13578\" title=\"Der eigentliche Biergarten\" src=\"http:\/\/12decode.de\/zonenklaus\/wordpress\/wp-content\/uploads\/2011\/08\/IMG_0038-\u00e4-150x112.jpg\" alt=\"\" width=\"150\" height=\"112\" srcset=\"https:\/\/zonenklaus.de\/wordpress\/wp-content\/uploads\/2011\/08\/IMG_0038-\u00e4-150x112.jpg 150w, https:\/\/zonenklaus.de\/wordpress\/wp-content\/uploads\/2011\/08\/IMG_0038-\u00e4-300x225.jpg 300w, https:\/\/zonenklaus.de\/wordpress\/wp-content\/uploads\/2011\/08\/IMG_0038-\u00e4-1024x768.jpg 1024w, https:\/\/zonenklaus.de\/wordpress\/wp-content\/uploads\/2011\/08\/IMG_0038-\u00e4.jpg 1408w\" sizes=\"auto, (max-width: 150px) 100vw, 150px\" \/><\/a><a href=\"http:\/\/12decode.de\/zonenklaus\/wordpress\/wp-content\/uploads\/2011\/08\/IMG_0040-\u00e4.jpg\"><img loading=\"lazy\" decoding=\"async\" class=\"alignleft size-thumbnail wp-image-13581\" title=\"Irak l\u00e4sst auch gr\u00fc\u00dfen!\" src=\"http:\/\/12decode.de\/zonenklaus\/wordpress\/wp-content\/uploads\/2011\/08\/IMG_0040-\u00e4-150x112.jpg\" alt=\"\" width=\"150\" height=\"112\" srcset=\"https:\/\/zonenklaus.de\/wordpress\/wp-content\/uploads\/2011\/08\/IMG_0040-\u00e4-150x112.jpg 150w, https:\/\/zonenklaus.de\/wordpress\/wp-content\/uploads\/2011\/08\/IMG_0040-\u00e4-300x225.jpg 300w, https:\/\/zonenklaus.de\/wordpress\/wp-content\/uploads\/2011\/08\/IMG_0040-\u00e4-1024x768.jpg 1024w, https:\/\/zonenklaus.de\/wordpress\/wp-content\/uploads\/2011\/08\/IMG_0040-\u00e4.jpg 1408w\" sizes=\"auto, (max-width: 150px) 100vw, 150px\" \/><\/a><\/p>\n<p>Diese Bahnstation nebst Bunker hatten offenkundig mehrere Leben wo die Post abging. In den 20-er Jahren sicher nicht ganz so wild. Etwas sp\u00e4ter dann, als so ganz nebenbei der Untergrund vom Bahnhof \u201eGesundbrunnen\u201c mit G\u00e4ngen und Aufenthaltsr\u00e4umen best\u00fcckt, l\u00f6chrig wie ein Schweizer K\u00e4se, in eine riesige <a href=\"http:\/\/www.berlin.de\/kultur-und-tickets\/events\/berliner_unterwelten_tour3.php\">Bunkeranlage<\/a> umfunktioniert wurde. Kr\u00f6nender Abschluss war der <a href=\"http:\/\/www.google.de\/search?q=flakturm+humboldthain&amp;hl=de&amp;biw=1280&amp;bih=611&amp;prmd=ivns&amp;tbm=isch&amp;tbo=u&amp;source=univ&amp;sa=X&amp;ei=19M5TrH7KtHHswa6uMndBA&amp;sqi=2&amp;ved=0CEEQsAQ\">Flakturm<\/a> auf dem Hain, dem Humboldthain. <em>(Scheinbar hat man im Angedenken jenes Klotzes dort auf dem H\u00fcgel, diese h\u00e4ssliche (Info-) H\u00fctte auf dem Schlossplatz \u201eHumboldt-Box\u201c genannt.) <\/em><br \/>\nSchon eine Schei\u00dfe, wie mit dem Angedenken dieser beiden Knaben rumgehurt wird&#8230;<br \/>\nIrgendwann war mir das Gl\u00fcck in der diesj\u00e4hrigen \u201eSommersaison\u201c hold und ich konnte mich auf einem Sofa suhlen, Hufen auf dem Tisch, daneben ein k\u00fchles Bier und \u201e<a href=\"http:\/\/www.youtube.com\/watch?v=5B9FF8x70Jg&amp;feature=fvst\">Lemmy<\/a>\u201c dr\u00f6hnte aus den Boxen. Allerdings st\u00f6rten mich immer wieder die An- und Abfahrtger\u00e4usche der S-Bahn beim Lesen.<\/p>\n<p><a href=\"http:\/\/12decode.de\/zonenklaus\/wordpress\/wp-content\/uploads\/2011\/08\/IMG_0023-\u00e4.jpg\"><img loading=\"lazy\" decoding=\"async\" class=\"alignleft size-thumbnail wp-image-13582\" title=\"\u00c4nschie?\" src=\"http:\/\/12decode.de\/zonenklaus\/wordpress\/wp-content\/uploads\/2011\/08\/IMG_0023-\u00e4-112x150.jpg\" alt=\"\" width=\"112\" height=\"150\" srcset=\"https:\/\/zonenklaus.de\/wordpress\/wp-content\/uploads\/2011\/08\/IMG_0023-\u00e4-112x150.jpg 112w, https:\/\/zonenklaus.de\/wordpress\/wp-content\/uploads\/2011\/08\/IMG_0023-\u00e4-225x300.jpg 225w, https:\/\/zonenklaus.de\/wordpress\/wp-content\/uploads\/2011\/08\/IMG_0023-\u00e4-768x1024.jpg 768w, https:\/\/zonenklaus.de\/wordpress\/wp-content\/uploads\/2011\/08\/IMG_0023-\u00e4.jpg 1056w\" sizes=\"auto, (max-width: 112px) 100vw, 112px\" \/><\/a><a href=\"http:\/\/12decode.de\/zonenklaus\/wordpress\/wp-content\/uploads\/2011\/08\/IMG_0024-\u00e4.jpg\"><img loading=\"lazy\" decoding=\"async\" class=\"alignleft size-thumbnail wp-image-13583\" title=\"Schleichwerbung\" src=\"http:\/\/12decode.de\/zonenklaus\/wordpress\/wp-content\/uploads\/2011\/08\/IMG_0024-\u00e4-150x112.jpg\" alt=\"\" width=\"150\" height=\"112\" srcset=\"https:\/\/zonenklaus.de\/wordpress\/wp-content\/uploads\/2011\/08\/IMG_0024-\u00e4-150x112.jpg 150w, https:\/\/zonenklaus.de\/wordpress\/wp-content\/uploads\/2011\/08\/IMG_0024-\u00e4-300x225.jpg 300w, https:\/\/zonenklaus.de\/wordpress\/wp-content\/uploads\/2011\/08\/IMG_0024-\u00e4-1024x768.jpg 1024w, https:\/\/zonenklaus.de\/wordpress\/wp-content\/uploads\/2011\/08\/IMG_0024-\u00e4.jpg 1408w\" sizes=\"auto, (max-width: 150px) 100vw, 150px\" \/><\/a><a href=\"http:\/\/12decode.de\/zonenklaus\/wordpress\/wp-content\/uploads\/2011\/08\/IMG_0026-\u00e4.jpg\"><img loading=\"lazy\" decoding=\"async\" class=\"alignleft size-thumbnail wp-image-13584\" title=\"Der Scheffffffffffff\" src=\"http:\/\/12decode.de\/zonenklaus\/wordpress\/wp-content\/uploads\/2011\/08\/IMG_0026-\u00e4-112x150.jpg\" alt=\"\" width=\"112\" height=\"150\" srcset=\"https:\/\/zonenklaus.de\/wordpress\/wp-content\/uploads\/2011\/08\/IMG_0026-\u00e4-112x150.jpg 112w, https:\/\/zonenklaus.de\/wordpress\/wp-content\/uploads\/2011\/08\/IMG_0026-\u00e4-225x300.jpg 225w, https:\/\/zonenklaus.de\/wordpress\/wp-content\/uploads\/2011\/08\/IMG_0026-\u00e4-768x1024.jpg 768w, https:\/\/zonenklaus.de\/wordpress\/wp-content\/uploads\/2011\/08\/IMG_0026-\u00e4.jpg 1056w\" sizes=\"auto, (max-width: 112px) 100vw, 112px\" \/><\/a><a href=\"http:\/\/12decode.de\/zonenklaus\/wordpress\/wp-content\/uploads\/2011\/08\/IMG_0031-\u00e4.jpg\"><img loading=\"lazy\" decoding=\"async\" class=\"alignleft size-thumbnail wp-image-13585\" title=\"Im Zentrum des Bunkers\" src=\"http:\/\/12decode.de\/zonenklaus\/wordpress\/wp-content\/uploads\/2011\/08\/IMG_0031-\u00e4-150x112.jpg\" alt=\"\" width=\"150\" height=\"112\" srcset=\"https:\/\/zonenklaus.de\/wordpress\/wp-content\/uploads\/2011\/08\/IMG_0031-\u00e4-150x112.jpg 150w, https:\/\/zonenklaus.de\/wordpress\/wp-content\/uploads\/2011\/08\/IMG_0031-\u00e4-300x225.jpg 300w, https:\/\/zonenklaus.de\/wordpress\/wp-content\/uploads\/2011\/08\/IMG_0031-\u00e4-1024x768.jpg 1024w, https:\/\/zonenklaus.de\/wordpress\/wp-content\/uploads\/2011\/08\/IMG_0031-\u00e4.jpg 1408w\" sizes=\"auto, (max-width: 150px) 100vw, 150px\" \/><\/a><a href=\"http:\/\/12decode.de\/zonenklaus\/wordpress\/wp-content\/uploads\/2011\/08\/IMG_0025-\u00e4.jpg\"><img loading=\"lazy\" decoding=\"async\" class=\"alignleft size-thumbnail wp-image-13586\" title=\"Keine Erinnerung an Fort Knox - hinter dieser schwedischen Gardine befindet sich die Whiskey-Bar!\" src=\"http:\/\/12decode.de\/zonenklaus\/wordpress\/wp-content\/uploads\/2011\/08\/IMG_0025-\u00e4-112x150.jpg\" alt=\"\" width=\"112\" height=\"150\" srcset=\"https:\/\/zonenklaus.de\/wordpress\/wp-content\/uploads\/2011\/08\/IMG_0025-\u00e4-112x150.jpg 112w, https:\/\/zonenklaus.de\/wordpress\/wp-content\/uploads\/2011\/08\/IMG_0025-\u00e4-225x300.jpg 225w, https:\/\/zonenklaus.de\/wordpress\/wp-content\/uploads\/2011\/08\/IMG_0025-\u00e4-768x1024.jpg 768w, https:\/\/zonenklaus.de\/wordpress\/wp-content\/uploads\/2011\/08\/IMG_0025-\u00e4.jpg 1056w\" sizes=\"auto, (max-width: 112px) 100vw, 112px\" \/><\/a><\/p>\n<p>Zu jenem Zeitpunkt hatte ich bereits etwas anderes vor, sonst w\u00e4re ich um die Ecke zu dieser <a href=\"http:\/\/www.verfuehrer-berlin.de\/article-entry67.php\">Vernissage<\/a> gegangen.<\/p>\n","protected":false},"excerpt":{"rendered":"<p>Habe mal zus\u00e4tzlich noch im Netz gestochert W:O:A &#8211; Wacken Open Air : INTRO Ein Dorf rockt schon vor Festivalstart \\&#8221;Nicht lange schnacken, auf nach Wacken\\&#8221; Wacken im Festival-Fieber<\/p>\n","protected":false},"author":6,"featured_media":0,"comment_status":"open","ping_status":"open","sticky":false,"template":"","format":"standard","meta":{"footnotes":""},"categories":[1],"tags":[],"class_list":["post-13568","post","type-post","status-publish","format-standard","hentry","category-allgemeines"],"_links":{"self":[{"href":"https:\/\/zonenklaus.de\/wordpress\/index.php?rest_route=\/wp\/v2\/posts\/13568","targetHints":{"allow":["GET"]}}],"collection":[{"href":"https:\/\/zonenklaus.de\/wordpress\/index.php?rest_route=\/wp\/v2\/posts"}],"about":[{"href":"https:\/\/zonenklaus.de\/wordpress\/index.php?rest_route=\/wp\/v2\/types\/post"}],"author":[{"embeddable":true,"href":"https:\/\/zonenklaus.de\/wordpress\/index.php?rest_route=\/wp\/v2\/users\/6"}],"replies":[{"embeddable":true,"href":"https:\/\/zonenklaus.de\/wordpress\/index.php?rest_route=%2Fwp%2Fv2%2Fcomments&post=13568"}],"version-history":[{"count":9,"href":"https:\/\/zonenklaus.de\/wordpress\/index.php?rest_route=\/wp\/v2\/posts\/13568\/revisions"}],"predecessor-version":[{"id":13575,"href":"https:\/\/zonenklaus.de\/wordpress\/index.php?rest_route=\/wp\/v2\/posts\/13568\/revisions\/13575"}],"wp:attachment":[{"href":"https:\/\/zonenklaus.de\/wordpress\/index.php?rest_route=%2Fwp%2Fv2%2Fmedia&parent=13568"}],"wp:term":[{"taxonomy":"category","embeddable":true,"href":"https:\/\/zonenklaus.de\/wordpress\/index.php?rest_route=%2Fwp%2Fv2%2Fcategories&post=13568"},{"taxonomy":"post_tag","embeddable":true,"href":"https:\/\/zonenklaus.de\/wordpress\/index.php?rest_route=%2Fwp%2Fv2%2Ftags&post=13568"}],"curies":[{"name":"wp","href":"https:\/\/api.w.org\/{rel}","templated":true}]}}