{"id":13602,"date":"2011-08-05T22:19:31","date_gmt":"2011-08-05T21:19:31","guid":{"rendered":"http:\/\/12decode.de\/zonenklaus\/wordpress\/?p=13602"},"modified":"2011-08-05T22:19:31","modified_gmt":"2011-08-05T21:19:31","slug":"tagesspitzel-iii-viii-mmxii-die-lehren-aus-norwegen","status":"publish","type":"post","link":"https:\/\/zonenklaus.de\/wordpress\/?p=13602","title":{"rendered":"TAGESSPITZEL, III. VIII. MMXII &#8211; Die Lehren aus Norwegen"},"content":{"rendered":"<p style=\"text-align: left;\">Hier ein versp\u00e4teter Aprilscherz: <a href=\"http:\/\/www.tagesspiegel.de\/meinung\/nur-ein-schaerferes-waffenrecht-kann-taeter-stoppen\/4457538.html\">Nur ein sch\u00e4rferes Waffenrecht kann T\u00e4ter stoppen<\/a><br \/>\nEin sch\u00e4rferes Waffenrecht nicht als der Weisheit letzter Schluss gelten, wie Herr Alexander S. Kekul\u00e9 uns wei\u00df machen will.<br \/>\n<strong>(<\/strong>Siehe den heutigen <a href=\"http:\/\/www.tagesspiegel.de\/berlin\/er-muss-wahnsinnig-geworden-sein\/4470744.html\">Artikel<\/a>: \u201e<em>Nach den Todessch\u00fcssen von Wedding fragen sich die Menschen im Kiez, wie Mehmet Yildirim zum Doppelm\u00f6rder werden konnte.\u201c<\/em><br \/>\nFrage mich, wen die Leute im Kiez denn nun fragen und was sie eigentlich fragen wollen?<br \/>\nDa will sicher mancher nur wissen, wo M.Y. die Knarre her hatte und was so ein Ballermann kostet.<strong>)<\/strong><br \/>\nWas will ASK \u00fcberhaupt sagen?<br \/>\nEr l\u00e4sst Herrn Kauder wieder welschen und bem\u00fcht den Christsozialist Hape Uhl, der auch hier wieder sein schales S\u00fcppchen aufkochen darf: \u201eIn Wahrheit wurde diese Tat auch im Internet geboren\u201c, schlie\u00dflich ist das \u201eweltweiten Netz sogar die Mutter des B\u00f6sen\u201c &#8211; anscheinend handelt es sich mal wieder um eine \u201eUnbefleckte Empf\u00e4ngnis\u201c.<br \/>\nZumindest hat der Verfasser des Artikels allen Leuten unter die Arme gegriffen, die der englischen oder norwegischen Sprache nicht m\u00e4chtig sind und die allerwichtigsten Punkte aus dem \u201eManifest\u201c nochmals zusammengefasst, was bestimmte Verhaltensmuster angehen, wenn sich jemand auf gewaltt\u00e4tige Pfade begeben m\u00f6chte.<br \/>\nEins wurde vergessen, man sollte niemals mit Hilfe einer Telefonkarte mehrfache Gespr\u00e4che f\u00fchren, auch dadurch lassen sich Bewegungsprofile erstellen&#8230;<br \/>\nAchtung! Wer b\u00fcrgerlich und unauff\u00e4llig seinen Lebensweg gestaltet, wird gegenw\u00e4rtig ebenso als potentieller T\u00e4ter ins Visier genommen!<br \/>\nHeia Safari, es ist es heute eine Freude zu leben!<br \/>\nErst als vorangegangene Satz stand, fiel mir ein, ich war gerade in das gleiche Tellereisen gelatscht, wie letztens Heiner <a href=\"http:\/\/www.welt.de\/debatte\/kolumnen\/Fuhrs-Woche\/article13528210\/Geissler-Goebbels-und-der-hypersexuelle-Terrier.html\">Gei\u00dflein<\/a>. Mit \u201eHeia Safari\u201c habe ich mich auf das verbale Parkett des letzten Reiches begeben. Ja, ja das latente&#8230;<\/p>\n","protected":false},"excerpt":{"rendered":"<p>Hier ein versp\u00e4teter Aprilscherz: Nur ein sch\u00e4rferes Waffenrecht kann T\u00e4ter stoppen Ein sch\u00e4rferes Waffenrecht nicht als der Weisheit letzter Schluss gelten, wie Herr Alexander S. Kekul\u00e9 uns wei\u00df machen will. (Siehe den heutigen Artikel: \u201eNach den Todessch\u00fcssen von Wedding fragen sich die Menschen im Kiez, wie Mehmet Yildirim zum Doppelm\u00f6rder werden konnte.\u201c Frage mich, wen [&hellip;]<\/p>\n","protected":false},"author":6,"featured_media":0,"comment_status":"open","ping_status":"open","sticky":false,"template":"","format":"standard","meta":{"footnotes":""},"categories":[1],"tags":[],"class_list":["post-13602","post","type-post","status-publish","format-standard","hentry","category-allgemeines"],"_links":{"self":[{"href":"https:\/\/zonenklaus.de\/wordpress\/index.php?rest_route=\/wp\/v2\/posts\/13602","targetHints":{"allow":["GET"]}}],"collection":[{"href":"https:\/\/zonenklaus.de\/wordpress\/index.php?rest_route=\/wp\/v2\/posts"}],"about":[{"href":"https:\/\/zonenklaus.de\/wordpress\/index.php?rest_route=\/wp\/v2\/types\/post"}],"author":[{"embeddable":true,"href":"https:\/\/zonenklaus.de\/wordpress\/index.php?rest_route=\/wp\/v2\/users\/6"}],"replies":[{"embeddable":true,"href":"https:\/\/zonenklaus.de\/wordpress\/index.php?rest_route=%2Fwp%2Fv2%2Fcomments&post=13602"}],"version-history":[{"count":5,"href":"https:\/\/zonenklaus.de\/wordpress\/index.php?rest_route=\/wp\/v2\/posts\/13602\/revisions"}],"predecessor-version":[{"id":13607,"href":"https:\/\/zonenklaus.de\/wordpress\/index.php?rest_route=\/wp\/v2\/posts\/13602\/revisions\/13607"}],"wp:attachment":[{"href":"https:\/\/zonenklaus.de\/wordpress\/index.php?rest_route=%2Fwp%2Fv2%2Fmedia&parent=13602"}],"wp:term":[{"taxonomy":"category","embeddable":true,"href":"https:\/\/zonenklaus.de\/wordpress\/index.php?rest_route=%2Fwp%2Fv2%2Fcategories&post=13602"},{"taxonomy":"post_tag","embeddable":true,"href":"https:\/\/zonenklaus.de\/wordpress\/index.php?rest_route=%2Fwp%2Fv2%2Ftags&post=13602"}],"curies":[{"name":"wp","href":"https:\/\/api.w.org\/{rel}","templated":true}]}}