{"id":13623,"date":"2011-08-06T22:49:30","date_gmt":"2011-08-06T21:49:30","guid":{"rendered":"http:\/\/12decode.de\/zonenklaus\/wordpress\/?p=13623"},"modified":"2011-08-06T23:54:58","modified_gmt":"2011-08-06T22:54:58","slug":"wahlkrampf-2","status":"publish","type":"post","link":"https:\/\/zonenklaus.de\/wordpress\/?p=13623","title":{"rendered":"Wahlkrampf"},"content":{"rendered":"<p><a href=\"http:\/\/12decode.de\/zonenklaus\/wordpress\/wp-content\/uploads\/2011\/08\/SPD-\u00e4.jpg\"><img loading=\"lazy\" decoding=\"async\" class=\"alignleft size-thumbnail wp-image-13624\" title=\"Soll\u00b4n mal auf dem Fundb\u00fcro nachfragen!\" src=\"http:\/\/12decode.de\/zonenklaus\/wordpress\/wp-content\/uploads\/2011\/08\/SPD-\u00e4-109x150.jpg\" alt=\"\" width=\"109\" height=\"150\" srcset=\"https:\/\/zonenklaus.de\/wordpress\/wp-content\/uploads\/2011\/08\/SPD-\u00e4-109x150.jpg 109w, https:\/\/zonenklaus.de\/wordpress\/wp-content\/uploads\/2011\/08\/SPD-\u00e4-219x300.jpg 219w, https:\/\/zonenklaus.de\/wordpress\/wp-content\/uploads\/2011\/08\/SPD-\u00e4-747x1024.jpg 747w, https:\/\/zonenklaus.de\/wordpress\/wp-content\/uploads\/2011\/08\/SPD-\u00e4.jpg 1238w\" sizes=\"auto, (max-width: 109px) 100vw, 109px\" \/><\/a>In dieser Woche fand ich jenen Schrieb weg.<br \/>\nScheint ja ein lustiges H\u00e4ufchen zu sein diese BI \u2013 aktive B\u00fcrgerinnen und B\u00fcrger und ganz sch\u00f6n verpennt, wegen der Headline: \u201eSPD verliert Glaubw\u00fcrdigkeit!\u201c<br \/>\nVor fast 100 Jahren hat Kalle Liebknecht diesen Verein bereits verlassen&#8230;<br \/>\nAus jener Zeit stammt folgender Spruch, modifiziert wurde er in den 80ern des letzten Jahrhunderts: \u201eWer hat uns immer verraten? DIE SOZIALDEMOKRATEN! Doch wer verr\u00e4t uns schneller? Die AL\u00b4ler!\u201c<!--more--><\/p>\n<p><a href=\"http:\/\/12decode.de\/zonenklaus\/wordpress\/wp-content\/uploads\/2011\/08\/Unbenannt-Duplizieren-05-\u00e4.jpg\"><img loading=\"lazy\" decoding=\"async\" class=\"alignleft size-thumbnail wp-image-13627\" title=\"Energiesparlampe\" src=\"http:\/\/12decode.de\/zonenklaus\/wordpress\/wp-content\/uploads\/2011\/08\/Unbenannt-Duplizieren-05-\u00e4-112x150.jpg\" alt=\"\" width=\"112\" height=\"150\" srcset=\"https:\/\/zonenklaus.de\/wordpress\/wp-content\/uploads\/2011\/08\/Unbenannt-Duplizieren-05-\u00e4-112x150.jpg 112w, https:\/\/zonenklaus.de\/wordpress\/wp-content\/uploads\/2011\/08\/Unbenannt-Duplizieren-05-\u00e4-225x300.jpg 225w, https:\/\/zonenklaus.de\/wordpress\/wp-content\/uploads\/2011\/08\/Unbenannt-Duplizieren-05-\u00e4-768x1024.jpg 768w, https:\/\/zonenklaus.de\/wordpress\/wp-content\/uploads\/2011\/08\/Unbenannt-Duplizieren-05-\u00e4.jpg 1056w\" sizes=\"auto, (max-width: 112px) 100vw, 112px\" \/><\/a>Das Grafitto wurde in der letzten Woche irgendwo abgelichtet, der Text ist von mir.<br \/>\nH\u00f6rt ihr das monotone Ger\u00e4usch aus Euren Boxen?<br \/>\nEs stammt von einer Bartwickelmaschine!<br \/>\nNur so als Hinweis!<br \/>\nAbgesehen von den vielen Parteien die im <a href=\"http:\/\/www.youtube.com\/watch?v=XoKmdFdnfOo\">Text<\/a> von Tucho vorkommen, ist alles auch nach \u00fcber 70 Jahren aktueller denn je&#8230;<br \/>\nHier noch ein Berlin spezifischer Fl\u00fcsterwitz.<strong><br \/>\nN<\/strong>ach einer Wahlveranstaltung der NSDAP l\u00e4uft der F\u00fchrer an Oma Kasupke vorbei. Begeistert greift sie seine H\u00e4nde und l\u00e4sst dabei ab: \u201eSie sind also der junge Mann, der Deutschland Brot versprochen hat?\u201c<br \/>\nBrubbelt Adolf genervt zur\u00fcck: \u201eVolksgenossin! Mein Name ist HITLERr und nicht <a href=\"http:\/\/www.berlinonline.de\/berliner-zeitung\/archiv\/.bin\/dump.fcgi\/1999\/0514\/lokales\/0076\/index.html\">WITTLERr<\/a>!\u201c<\/p>\n<p>Nun noch etwas zum Brandenburger Tor. Damit meine ich aber nicht jene Brandenburger Tore, den Wowi, den Platzeck und die vielen anderen.<br \/>\n<a href=\"http:\/\/12decode.de\/zonenklaus\/wordpress\/wp-content\/uploads\/2011\/08\/Brandenburger-Hintert\u00fcrchen.jpg\"><img loading=\"lazy\" decoding=\"async\" class=\"alignleft size-thumbnail wp-image-13637\" title=\"Brandenburger Hintert\u00fcrchen\" src=\"http:\/\/12decode.de\/zonenklaus\/wordpress\/wp-content\/uploads\/2011\/08\/Brandenburger-Hintert\u00fcrchen-150x122.jpg\" alt=\"\" width=\"150\" height=\"122\" srcset=\"https:\/\/zonenklaus.de\/wordpress\/wp-content\/uploads\/2011\/08\/Brandenburger-Hintert\u00fcrchen-150x122.jpg 150w, https:\/\/zonenklaus.de\/wordpress\/wp-content\/uploads\/2011\/08\/Brandenburger-Hintert\u00fcrchen-300x245.jpg 300w, https:\/\/zonenklaus.de\/wordpress\/wp-content\/uploads\/2011\/08\/Brandenburger-Hintert\u00fcrchen-1024x836.jpg 1024w, https:\/\/zonenklaus.de\/wordpress\/wp-content\/uploads\/2011\/08\/Brandenburger-Hintert\u00fcrchen.jpg 1600w\" sizes=\"auto, (max-width: 150px) 100vw, 150px\" \/><\/a>Mir kam letztens jenes Brandenburger T\u00fcrchen vor die Linse, es stammt von:<a href=\"http:\/\/12decode.de\/zonenklaus\/wordpress\/wp-content\/uploads\/2011\/08\/IMG_0016-\u00e4.jpg\"><img loading=\"lazy\" decoding=\"async\" class=\"alignleft size-thumbnail wp-image-13639\" title=\"BeZ\u00f6\" src=\"http:\/\/12decode.de\/zonenklaus\/wordpress\/wp-content\/uploads\/2011\/08\/IMG_0016-\u00e4-150x112.jpg\" alt=\"\" width=\"150\" height=\"112\" srcset=\"https:\/\/zonenklaus.de\/wordpress\/wp-content\/uploads\/2011\/08\/IMG_0016-\u00e4-150x112.jpg 150w, https:\/\/zonenklaus.de\/wordpress\/wp-content\/uploads\/2011\/08\/IMG_0016-\u00e4-300x225.jpg 300w, https:\/\/zonenklaus.de\/wordpress\/wp-content\/uploads\/2011\/08\/IMG_0016-\u00e4.jpg 704w\" sizes=\"auto, (max-width: 150px) 100vw, 150px\" \/><\/a><br \/>\ndie Erg\u00e4nzungen sind wieder von mir.<\/p>\n","protected":false},"excerpt":{"rendered":"<p>In dieser Woche fand ich jenen Schrieb weg. Scheint ja ein lustiges H\u00e4ufchen zu sein diese BI \u2013 aktive B\u00fcrgerinnen und B\u00fcrger und ganz sch\u00f6n verpennt, wegen der Headline: \u201eSPD verliert Glaubw\u00fcrdigkeit!\u201c Vor fast 100 Jahren hat Kalle Liebknecht diesen Verein bereits verlassen&#8230; Aus jener Zeit stammt folgender Spruch, modifiziert wurde er in den 80ern [&hellip;]<\/p>\n","protected":false},"author":6,"featured_media":0,"comment_status":"open","ping_status":"open","sticky":false,"template":"","format":"standard","meta":{"footnotes":""},"categories":[1],"tags":[],"class_list":["post-13623","post","type-post","status-publish","format-standard","hentry","category-allgemeines"],"_links":{"self":[{"href":"https:\/\/zonenklaus.de\/wordpress\/index.php?rest_route=\/wp\/v2\/posts\/13623","targetHints":{"allow":["GET"]}}],"collection":[{"href":"https:\/\/zonenklaus.de\/wordpress\/index.php?rest_route=\/wp\/v2\/posts"}],"about":[{"href":"https:\/\/zonenklaus.de\/wordpress\/index.php?rest_route=\/wp\/v2\/types\/post"}],"author":[{"embeddable":true,"href":"https:\/\/zonenklaus.de\/wordpress\/index.php?rest_route=\/wp\/v2\/users\/6"}],"replies":[{"embeddable":true,"href":"https:\/\/zonenklaus.de\/wordpress\/index.php?rest_route=%2Fwp%2Fv2%2Fcomments&post=13623"}],"version-history":[{"count":15,"href":"https:\/\/zonenklaus.de\/wordpress\/index.php?rest_route=\/wp\/v2\/posts\/13623\/revisions"}],"predecessor-version":[{"id":13648,"href":"https:\/\/zonenklaus.de\/wordpress\/index.php?rest_route=\/wp\/v2\/posts\/13623\/revisions\/13648"}],"wp:attachment":[{"href":"https:\/\/zonenklaus.de\/wordpress\/index.php?rest_route=%2Fwp%2Fv2%2Fmedia&parent=13623"}],"wp:term":[{"taxonomy":"category","embeddable":true,"href":"https:\/\/zonenklaus.de\/wordpress\/index.php?rest_route=%2Fwp%2Fv2%2Fcategories&post=13623"},{"taxonomy":"post_tag","embeddable":true,"href":"https:\/\/zonenklaus.de\/wordpress\/index.php?rest_route=%2Fwp%2Fv2%2Ftags&post=13623"}],"curies":[{"name":"wp","href":"https:\/\/api.w.org\/{rel}","templated":true}]}}