{"id":14314,"date":"2011-09-30T01:13:15","date_gmt":"2011-09-30T00:13:15","guid":{"rendered":"http:\/\/12decode.de\/zonenklaus\/wordpress\/?p=14314"},"modified":"2021-10-16T18:22:54","modified_gmt":"2021-10-16T17:22:54","slug":"rumbalotte","status":"publish","type":"post","link":"https:\/\/zonenklaus.de\/wordpress\/?p=14314","title":{"rendered":"RUMBALOTTE"},"content":{"rendered":"<p>In den n\u00e4chsten Tagen findet mal wieder eine Dampferfete statt. Unser Geburtstagskind w\u00fcnscht sich daf\u00fcr das entsprechende Outfit.<br \/>\nIn dem Zusammenhang fiel mir wieder ein, dass ich mich vor Jahren mal \u00fcber \u201eRumbalotte\u201c (<em>etwas Geschreibseltes)<\/em> von Bert Papenfu\u00df ausgelassen hatte, es aber irgendwo versenkte.<br \/>\nDas vorletzte Mal stolperte ich n\u00e4chtens, am diesj\u00e4hrigen Karfreitag, \u00fcber jenen Begriff.<br \/>\nTags\u00fcber waren wir, mein Gattin und zwei junge Eidgenossinnen in Oranienburg nebst dem dort ans\u00e4ssigen KZ aus braunen und roten Zeiten.<br \/>\nAbends ging es etwas beschaulicher weiter, ich zog mit den beiden M\u00e4dels in den Mauerpark, von dort weiter durch das Prenzelgebirge zum Alex. An einer bestimmten Kneipe in der Stredzkistrasse\u00a0 kam pl\u00f6tzlich ein Aufschrei von Nicky: \u201eEde, falls du <a href=\"http:\/\/www.kulturhof.org\/knofo\/\">Knofo<\/a> suchst, der h\u00e4ngt in der \u201e<a href=\"https:\/\/www.berliner-zeitung.de\/mensch-metropole\/raucherlokal-im-prenzlauer-berg-will-keine-reichen-gaeste-schnauze-voll-kulturspelunke-rumbalotte-macht-dicht-li.9542\">Rumbalotte<\/a>\u201c&#8230; Sag mal Alter, du wei\u00dft doch was das bedeutet?\u201c<br \/>\n\u201eLogo, wei\u00df man als Ex-Zoni was unter \u201eRumbalotte\u201c zu verstehen ist!\u201c Wieherndes Gel\u00e4chter von den anwesenden Zechern und unverst\u00e4ndliche Blicke meiner beiden Begleiterinnen, ich kl\u00e4rte sie aber anschlie\u00dfend sofort auf.<br \/>\nIn Papes Kneipe hockten mehrere der Kukident-Anarchoszene vom Berg herum, aber kein Knofo mehr dabei&#8230;<br \/>\nDunkel erinnerte ich mich an diese pseudo-intellektuellen <a href=\"http:\/\/www.dradio.de\/dkultur\/sendungen\/kritik\/439252\/\">Flitzekacke<\/a> eines Herrn Michael Opitz \u00fcber Papes Gedichte.<br \/>\nJener Rezensent lie\u00df etwas sehr merkw\u00fcrdiges dar\u00fcber ab. Wenn es sich bei MO um einen Ossi handeln sollte, der mit \u201eRumbalotte\u201c nichts anzufangen wei\u00df, dann muss jener eine merkw\u00fcrdige Sozialisation im kommunistischen Schlaraffenland hinter sich haben, als Wessi allerdings auch, dann bestimmt als K-Gruppensofti&#8230;<br \/>\nAllerdings traue ich Pape auch zu, dass er den Knaben ins Messer laufen lie\u00df und sich hinterher alle ein zweites Loch in ihren Arsch lachten. M\u00f6glicherweise besitzt Micha ein erworbenes Halbwissen, auf dem ZBW angeeignet und fabrizierte deshalb die Geschichte des O als einen <a href=\"http:\/\/de.wikipedia.org\/wiki\/Leipziger_Allerlei\">Leipziger Moppelkotz<\/a>.<br \/>\n<strong>Zitat:<\/strong> <em>Die einstige literarische Szene des Berliner Stadtbezirkes, zu der auch Papenfu\u00df geh\u00f6rte, hat sich trotz sehr individueller Tonlagen in einer Sprache artikuliert, die sich von der offiziellen, wie sie in der DDR gesprochen wurde, unterschied. <\/em><br \/>\nZur Erinnerung, gewisse Kunden \u2013 in Stasi-Jargon hie\u00dfen sie \u201eAktive Beatanh\u00e4nger\u201c und gro\u00dfe Teile der damaligen Halbstarken sprachen sowieso eine wesentlich bildhaftere Sprache als der gemeine Wessi gleichen Alters.<br \/>\n<strong>Zitat:<\/strong> <em>Der Titel &#8220;Rumbalotte&#8221; klingt seltsam, denn er bringt zwei Worte miteinander in Beziehung, die sich auszuschlie\u00dfen scheinen: Rumba<strong>*<\/strong>, dieser herausfordernde lateinamerikanische Tanz, geht mit dem Vornamen Lotte eine Verbindung ein, der durch Goethes &#8220;Werther&#8221; und Thomas Manns &#8220;Lotte in Weimar&#8221; Eingang in die Literatur fand. <\/em><br \/>\nMan k\u00f6nnte Papenfu\u00df dann auch unterstellen, dass er die Gattin von <a href=\"http:\/\/www.google.de\/search?q=walter+ulbricht&amp;hl=de&amp;biw=1280&amp;bih=592&amp;prmd=imvnsuo&amp;source=lnms&amp;tbm=isch&amp;ei=4P6ETvL4O4yTswbDnr3gAQ&amp;sa=X&amp;oi=mode_link&amp;ct=mode&amp;cd=2&amp;sqi=2&amp;ved=0CBoQ_AUoAQ\">Onkel WU<\/a> so mochte \u2013 nix mit Plagiat von Thomas Goethe oder Wolfgang von Mann!<br \/>\n<strong>Zitat:<\/strong> <em>Wie in dem Gedicht &#8220;Sturmgesang der Baltischen Horden&#8221;, in dem davon die Rede ist, dass die schwarze Fahne &#8211; Symbol der Anarchie &#8211; gehisst wird, wenn der &#8220;Norden den Osten k\u00fcsst&#8221;, pl\u00e4diert Papenfu\u00df f\u00fcr den Zusammenschluss von scheinbar Unvereinbarem.<br \/>\nWo findet der Mann etwas von der Anarcho-Fahne?<\/em><br \/>\nIn besagtem Gedicht hei\u00dft es:<br \/>\n<em>&#8230;wenn der norden den osten k\u00fc\u00dft<br \/>\nwerden die wei\u00dfen laken gehi\u00dft<br \/>\n\u00abniebieskoczarni\u00bb spielen wie sau<br \/>\nim glanz der finsteren frontfrau&#8230; <\/em><br \/>\n<strong>S<\/strong>o richtig kann ich damit zwar auch nichts anfangen, aber \u201e<em>niebiesko czarni<\/em>\u201c hei\u00dft im Deutschen aber blau schwarz und in Verbindung mit wei\u00df ist es die Estnische Nationalflagge.<br \/>\nVielleicht ist ja einer von beiden Farbenblind, bin mir da sehr sicher, Pape eher nicht!<\/p>\n<p><strong>Noch etwas zu &#8220;Rumbalotte&#8221; &#8211;<\/strong><br \/>\n<a href=\"http:\/\/www.engeler.de\/pressepapenfuss.html\">Pressestimmen zu Bert Papenfu\u00df &#8211; \u00abRumbalotte\u00bb<\/a><br \/>\n<a href=\"http:\/\/www.satt.org\/literatur\/05_10_papenfuss.html\">K\u00e4pt\u2019n Papenfu\u00df wirft neue Flaschenpost in die Untiefen des Lyrikbetriebs<\/a><\/p>\n<p><strong>*<\/strong>&#8220;Und sie tanzen eine Rumba,<br \/>\nKasavubu und Lumumba,<br \/>\nund die UNO kann nicht finden,<br \/>\nwas daran verd\u00e4chtig w\u00e4r&#8230;&#8221;<br \/>\nIrgendwann tauchte dieser Hit im Osten auf <em>(Anfang 60)<\/em>, mir ist nicht bekannt wo er herstammt&#8230;<br \/>\nDie Melodie kam von <a href=\"https:\/\/www.youtube.com\/watch?v=JdzvReSdvIg\">Hazy Osterwald<\/a><\/p>\n<p><strong>Was hat es nun wirklich auf sich mit der Rumbalotte?<\/strong><!--more--><br \/>\n<strong>E<\/strong>in wild t\u00e4towierter Seemann liegt im Krankenhaus. Zwei \u00e4lterer Schwestern tuscheln miteinander: &#8220;&#8230;und neulich hab ich ihn gebadet. Sogar auf seinem Pimmel ist der t\u00e4towiert! Da steht drauf: Rumbalotte&#8230;&#8221;<br \/>\nDie dralle Lernschwester h\u00f6rt das mit und sagt zu den beiden: &#8220;Was steht da? Rumbalotte? &#8211; Wenn ich ihn wasche steht da: Ruhm der baltischen Flotte!&#8221;<\/p>\n<p><strong>N<\/strong>och Anfang der 60er Jahre im letzten Jahrhundert, war dieser Witz den Schergen des &#8220;Zoffjetzonalen Ulbrichtregimes&#8221; <em>(Konny Adenauer benutzte diesen Ausdruck liebend gern)<\/em> einen Totensonntag in der Braunkohle wert.<a href=\"http:\/\/12decode.de\/zonenklaus\/wordpress\/wp-content\/uploads\/2011\/09\/Tattoo.jpg\"><img loading=\"lazy\" decoding=\"async\" class=\"alignleft size-medium wp-image-18927\" src=\"http:\/\/12decode.de\/zonenklaus\/wordpress\/wp-content\/uploads\/2011\/09\/Tattoo-300x114.jpg\" alt=\"\" width=\"300\" height=\"114\" srcset=\"https:\/\/zonenklaus.de\/wordpress\/wp-content\/uploads\/2011\/09\/Tattoo-300x114.jpg 300w, https:\/\/zonenklaus.de\/wordpress\/wp-content\/uploads\/2011\/09\/Tattoo-150x57.jpg 150w, https:\/\/zonenklaus.de\/wordpress\/wp-content\/uploads\/2011\/09\/Tattoo.jpg 644w\" sizes=\"auto, (max-width: 300px) 100vw, 300px\" \/><\/a><\/p>\n","protected":false},"excerpt":{"rendered":"<p>In den n\u00e4chsten Tagen findet mal wieder eine Dampferfete statt. Unser Geburtstagskind w\u00fcnscht sich daf\u00fcr das entsprechende Outfit. In dem Zusammenhang fiel mir wieder ein, dass ich mich vor Jahren mal \u00fcber \u201eRumbalotte\u201c (etwas Geschreibseltes) von Bert Papenfu\u00df ausgelassen hatte, es aber irgendwo versenkte. Das vorletzte Mal stolperte ich n\u00e4chtens, am diesj\u00e4hrigen Karfreitag, \u00fcber jenen [&hellip;]<\/p>\n","protected":false},"author":6,"featured_media":0,"comment_status":"open","ping_status":"open","sticky":false,"template":"","format":"standard","meta":{"footnotes":""},"categories":[1,17],"tags":[],"class_list":["post-14314","post","type-post","status-publish","format-standard","hentry","category-allgemeines","category-guldur-un-gunsd"],"_links":{"self":[{"href":"https:\/\/zonenklaus.de\/wordpress\/index.php?rest_route=\/wp\/v2\/posts\/14314","targetHints":{"allow":["GET"]}}],"collection":[{"href":"https:\/\/zonenklaus.de\/wordpress\/index.php?rest_route=\/wp\/v2\/posts"}],"about":[{"href":"https:\/\/zonenklaus.de\/wordpress\/index.php?rest_route=\/wp\/v2\/types\/post"}],"author":[{"embeddable":true,"href":"https:\/\/zonenklaus.de\/wordpress\/index.php?rest_route=\/wp\/v2\/users\/6"}],"replies":[{"embeddable":true,"href":"https:\/\/zonenklaus.de\/wordpress\/index.php?rest_route=%2Fwp%2Fv2%2Fcomments&post=14314"}],"version-history":[{"count":23,"href":"https:\/\/zonenklaus.de\/wordpress\/index.php?rest_route=\/wp\/v2\/posts\/14314\/revisions"}],"predecessor-version":[{"id":37251,"href":"https:\/\/zonenklaus.de\/wordpress\/index.php?rest_route=\/wp\/v2\/posts\/14314\/revisions\/37251"}],"wp:attachment":[{"href":"https:\/\/zonenklaus.de\/wordpress\/index.php?rest_route=%2Fwp%2Fv2%2Fmedia&parent=14314"}],"wp:term":[{"taxonomy":"category","embeddable":true,"href":"https:\/\/zonenklaus.de\/wordpress\/index.php?rest_route=%2Fwp%2Fv2%2Fcategories&post=14314"},{"taxonomy":"post_tag","embeddable":true,"href":"https:\/\/zonenklaus.de\/wordpress\/index.php?rest_route=%2Fwp%2Fv2%2Ftags&post=14314"}],"curies":[{"name":"wp","href":"https:\/\/api.w.org\/{rel}","templated":true}]}}