{"id":14654,"date":"2011-10-19T22:37:11","date_gmt":"2011-10-19T21:37:11","guid":{"rendered":"http:\/\/12decode.de\/zonenklaus\/wordpress\/?p=14654"},"modified":"2020-09-21T00:27:31","modified_gmt":"2020-09-20T23:27:31","slug":"francis","status":"publish","type":"post","link":"https:\/\/zonenklaus.de\/wordpress\/?p=14654","title":{"rendered":"Seit dem 17. August geht Francis nicht mehr einkaufen."},"content":{"rendered":"<p>Da war man am Arsch der Welt herangewachsen, fast 200 km s\u00fcdlich von Berlin, empfing \u00fcber die Berge RIAS II, allerdings aus Bayern und dies sollte es gewesen sein?<br \/>\nJeden Abend kamen noch die Veranstaltungstipps f\u00fcr irgendwelche L\u00e4den in der eingemauerten Insel, oft h\u00e4tte ich dabei abreihern k\u00f6nnen.<br \/>\nEnde \u00b475 war es dann so weit.<br \/>\nDas \u201e<a href=\"http:\/\/www.beppo-pohlmann.de\/goin.htm\">GO in<\/a>\u201c wurde bald abgehakt, der Laden entpuppte sich als teure Touriefalle und zu oft erklangen dort deutschsprachige Schunkelarien, allerdings gab es ein<br \/>\nHaufen L\u00e4den in unmittelbarer Umgebung: <em>Quasimodo<\/em>, <em>Banana<\/em>,<em> Steve-Club,<\/em>\u00a0 <em>Folkpub <\/em>und die unz\u00e4hligen Musikh\u00fctten in Richtung +<span style=\"font-size: large;\">berg<\/span>&#8230; Jeder war auf seine spezielle Richtung festgelegt, allerdings im <em>Quasi<\/em> mehr Blues und Jazz, aber in den anderen L\u00e4den brummte die Folkszene.<br \/>\nJeder war auf seine spezielle Richtung festgelegt, allerdings im <em>Quasi<\/em> mehr Blues und Jazz, aber in den anderen L\u00e4den brummte die Folkszene.<br \/>\n<strong>(<\/strong>Heute wei\u00df ich nicht mal mehr, ob der<em> Folkpub<\/em> in der <em>Krummen Stra\u00dfe<\/em> war&#8230;<strong>)<\/strong><br \/>\nWenn jemand die EURO-Norm f\u00fcr Luftverschmutzung in Betracht ziehen sollte, gegen Mitternacht herrschte dort mindestens die Smokestufe 82, nach sp\u00e4testens f\u00fcnf Minuten kullerten die Tr\u00e4nen w\u00e4hrend der Eingew\u00f6hnungsphase. Den anschlie\u00dfenden Gestank vom Shelly erw\u00e4hne ich hier gar nicht. Alles quarzte franz\u00f6sische oder spanische Kippen, mindestens aber<em> Rote Hand<\/em>, Softies vergn\u00fcgten sich mit <em>Reval<\/em>&#8230;<br \/>\nH\u00f6rnchen kreisten allerdings relativ selten in den L\u00e4den.<!--more--><br \/>\n<a title=\"27 von zonenklaus bei Flickr\" href=\"http:\/\/www.flickr.com\/photos\/zonenklaus\/6261330741\/\"><img loading=\"lazy\" decoding=\"async\" class=\"alignleft\" src=\"http:\/\/farm7.static.flickr.com\/6232\/6261330741_97aa2d142f_m.jpg\" alt=\"27\" width=\"180\" height=\"240\" \/><\/a>Von dieser Zeit an, kreuzten meine Wege oft die der <em><a href=\"https:\/\/liedertour.de\/projekte\/american-songwriter\/\">Hagelberge<\/a>r<\/em>. (Nicht ganz korrekt, da sp\u00e4ter angepinnt!)<br \/>\nIm Laufe der 80er wurde es ruhiger um sie.<br \/>\nIn den 90ern gab es noch den einen oder anderen heftigen Gig auf der Winzb\u00fchne im <em>Caf\u00e9 ConTakt,<\/em> mitten im beschaulichen Wilmersdorf , mit Smokestufe 98&#8230;<br \/>\nWas gab es dort ewig f\u00fcr \u00c4rger wegen der Lautst\u00e4rke.<br \/>\nEin gro\u00dfes Kuckucksei legte mal UNSER<em> abiturierte<\/em> Taxifahrer, als er besoffen den Tresen machte. Aus dem Nachbareingang tauchte Herr <em>Wichtig<\/em> auf, seines Zeichens Beamter. Ich glaube der war noch nicht mal ein echter Gendarm, mehr so ein Waschschutzheinz, den lie\u00df diese Tresenschlampe m\u00e4chtig auflaufen, statt ihm ein Bier nebst Schnaps zu offerieren&#8230;<br \/>\nNoch lustiger geb\u00e4rdete sich eine chronisch unterv\u00f6gelte Tussie von vie sa vie, aus dem oberen Stockwerk einer Sozialbaufickzelle. Kaum erklangen einige T\u00f6ne, hing die Alte am Rohr und rief die kleinen gr\u00fcnen M\u00e4nnchen. Gut, jeder wusste der Kneipier besa\u00df keine Genehmigung f\u00fcr<em> Livemucken<\/em>, deshalb liefen die Veranstaltungen auf privater Ebene mit <em>Clubbeitrag<\/em>.<br \/>\nIm sp\u00e4ter umbenannten Laden, er hie\u00df dann: <strong>Blue Caf\u00e9<\/strong> <em>(Wegen des Copyrights, weil das Lokal von Robby, in der K\u00f6rnerstra\u00dfe, <\/em><strong>Blues Caf\u00e9<\/strong><em> hie\u00df \u2013 eine Institution!)<\/em>, beschr\u00e4nkte sich die Kommunikation mit Francis nur noch auf Gru\u00df, Smalltalk und Tsch\u00fcss&#8230;<br \/>\nBin mir sicher, Francis w\u00e4re mit seinen Freunden, Kollegen und Bekannten zufrieden gewesen, wie sie ihn leise, aber guter Dinge, an seiner <a href=\"https:\/\/www.flickr.com\/photos\/zonenklaus\/albums\/72157627933272300\">Lieblingsweide,<\/a> am <a href=\"http:\/\/de.wikipedia.org\/wiki\/Flughafensee\">Tegler Flughafensee<\/a> verabschiedeten.<\/p>\n<p>Etwas fiel mir ein, als ich mich in der goldenen Oktobersonne aalte.<br \/>\nEnde der 70er machte die Polizei immer wieder Hasenjagd auf Leute, die sich nachmittags und abends illegal im dortigen Areal aufhielten. Sp\u00e4ter gab es sogar Aktionen von einigen Anwohnern der<em> Waldidyll-Siedlung<\/em>, die es nicht mochten, wenn man auf ihren Stra\u00dfen am Waldsaum parkte. Da existierten Arschkekse, die f\u00fchrten ihre Teppichratten aus und beobachteten die Ankommenden, ob sie baden gingen. Anschlie\u00dfend konnte es sein, dass man einen Plattfu\u00df hatte, weil in den Ventilen Streichh\u00f6lzer steckten. Ebenso gingen sie gegen die am Maschendrahtzaun angeschlossenen Fahrr\u00e4der vor und entfernten auch noch jene kleinen, sehr wichtigen Teilchen aus den Schl\u00e4uchen&#8230;<\/p>\n<p>Noch etwas Anhang: <a href=\"http:\/\/www.john-vaughan.com\/john-vaughan.htm\">John Vaughan <\/a>, <a href=\"http:\/\/www.joe-kucera.com\/\">Joe Kucera<\/a>, <a href=\"http:\/\/www.michael-beetz.de\/cms\/index.php?option=com_content&amp;task=view&amp;id=12&amp;Itemid=26\">Michael Beetz<\/a>, <a href=\"http:\/\/www.waynegrajeda.com\/dmusic.html\">Wayne Grajeda<\/a>, <a href=\"http:\/\/www.hagelberger14.com\/tagesspiegel.htm\">Tagesspitzel<\/a>, <a href=\"http:\/\/www.janhirte.de\/bio_de.html\">Jan Hirte<\/a>, <a href=\"http:\/\/www.hotnachos.de\/stargast_archiv.htm\">Hot Nachos<\/a>, <a href=\"http:\/\/www.paleochora-kreta.de\/index2.htm\">paleochora-kreta<\/a>,<a href=\"https:\/\/www.ronrandolf.de\/\"> Ron Randolf<\/a>, <a href=\"https:\/\/robertwilliamsmusic.com\/\">Robert Williams<\/a>, <span style=\"font-family: Times New Roman, serif;\"><span style=\"font-size: medium;\"><a href=\"http:\/\/www.tom-cunningham.com\/\">Tom Cunningham, <\/a><\/span><\/span><a href=\"http:\/\/12decode.de\/zonenklaus\/wordpress\/?p=13941\">ZK<\/a><\/p>\n","protected":false},"excerpt":{"rendered":"<p>Da war man am Arsch der Welt herangewachsen, fast 200 km s\u00fcdlich von Berlin, empfing \u00fcber die Berge RIAS II, allerdings aus Bayern und dies sollte es gewesen sein? Jeden Abend kamen noch die Veranstaltungstipps f\u00fcr irgendwelche L\u00e4den in der eingemauerten Insel, oft h\u00e4tte ich dabei abreihern k\u00f6nnen. Ende \u00b475 war es dann so weit. [&hellip;]<\/p>\n","protected":false},"author":6,"featured_media":0,"comment_status":"open","ping_status":"open","sticky":false,"template":"","format":"standard","meta":{"footnotes":""},"categories":[38],"tags":[],"class_list":["post-14654","post","type-post","status-publish","format-standard","hentry","category-in-den-ewigen-jagdgrunden"],"_links":{"self":[{"href":"https:\/\/zonenklaus.de\/wordpress\/index.php?rest_route=\/wp\/v2\/posts\/14654","targetHints":{"allow":["GET"]}}],"collection":[{"href":"https:\/\/zonenklaus.de\/wordpress\/index.php?rest_route=\/wp\/v2\/posts"}],"about":[{"href":"https:\/\/zonenklaus.de\/wordpress\/index.php?rest_route=\/wp\/v2\/types\/post"}],"author":[{"embeddable":true,"href":"https:\/\/zonenklaus.de\/wordpress\/index.php?rest_route=\/wp\/v2\/users\/6"}],"replies":[{"embeddable":true,"href":"https:\/\/zonenklaus.de\/wordpress\/index.php?rest_route=%2Fwp%2Fv2%2Fcomments&post=14654"}],"version-history":[{"count":17,"href":"https:\/\/zonenklaus.de\/wordpress\/index.php?rest_route=\/wp\/v2\/posts\/14654\/revisions"}],"predecessor-version":[{"id":35146,"href":"https:\/\/zonenklaus.de\/wordpress\/index.php?rest_route=\/wp\/v2\/posts\/14654\/revisions\/35146"}],"wp:attachment":[{"href":"https:\/\/zonenklaus.de\/wordpress\/index.php?rest_route=%2Fwp%2Fv2%2Fmedia&parent=14654"}],"wp:term":[{"taxonomy":"category","embeddable":true,"href":"https:\/\/zonenklaus.de\/wordpress\/index.php?rest_route=%2Fwp%2Fv2%2Fcategories&post=14654"},{"taxonomy":"post_tag","embeddable":true,"href":"https:\/\/zonenklaus.de\/wordpress\/index.php?rest_route=%2Fwp%2Fv2%2Ftags&post=14654"}],"curies":[{"name":"wp","href":"https:\/\/api.w.org\/{rel}","templated":true}]}}