{"id":15325,"date":"2011-11-29T23:09:22","date_gmt":"2011-11-29T22:09:22","guid":{"rendered":"http:\/\/12decode.de\/zonenklaus\/wordpress\/?p=15325"},"modified":"2011-11-30T00:21:22","modified_gmt":"2011-11-29T23:21:22","slug":"leiser-demokratischer-protest-ist-wie-ficken-fur-jungfraulichkeit","status":"publish","type":"post","link":"https:\/\/zonenklaus.de\/wordpress\/?p=15325","title":{"rendered":"Leiser, demokratischer Protest, ist wie ficken f\u00fcr Jungfr\u00e4ulichkeit!"},"content":{"rendered":"<p>Nun ist das Castor-Spielchen wiedermal beendet, jeder hatte ein bisschen fun dabei, besonders die Steuerzahler und -Innen. Letztendlich werden die Kosten sowieso unter Ulk verbucht und die Bullerei hat mal wieder eine \u00dcbung f\u00fcr kommende Zeiten \u00fcberstanden. Alles wird genaustens ausgewertet, damit es n\u00e4chstens noch effizienter vonstattengehen kann. Au\u00dferdem bereitet es doch einen Haufen Spa\u00df, wenn man seinem Ross die Sporen geben kann, das Vieh daraufhin abgeht wie ein Sektkorken und dann nix wie rin in die hockenden Massen. Auch der Einsatz von Pfefferspray kam gut, zumindest was die Bilder dar\u00fcber ausdr\u00fcckten. Kann es mir richtig vorstellen, denn aus so kurzer Distanz kommt immer viel Freude auf, allerdings nur auf einer Seite&#8230;<br \/>\nZumindest gabt es auch wieder einen Eintrag in mein pers\u00f6nliches Guinness-Buch.<br \/>\nDank an alle Protestler, besonders an all jene, die nicht nur mit Kerzchen herumstanden und dabei froren!<br \/>\nKlasse waren ja wieder die Aktionen der \u201eB\u00e4uerlichen Notgemeinschaft\u201c. <em>(Horst sah bei den Interviews aber schlecht aus.)<\/em><br \/>\nGr\u00fcsse auch nach Frankreich!!!<br \/>\n\u201eWehret den Anf\u00e4ngen\u201c, nun m\u00fcssen die Jungs und M\u00e4dels in UK motiviert werden&#8230;<!--more--><\/p>\n<p>Eben gab es auf \u201eKulturzeit\u201c einen kurzen Betrag zum \u201e<a href=\"http:\/\/www.3sat.de\/page\/?source=\/kulturzeit\/themen\/158800\/index.html\">demokratischen\u201c Protest<\/a>, mit Prof. Dr?! Nicole Deitelhoff. Wie oft diese Dame den Begriff \u201eDemokratie\u201c benutzte, es konnte einem schlecht werden.<br \/>\nSchlimmer kam es am Sonntag bei \u201ePh\u00f6nix\u201c r\u00fcber, aus einem Stuttgarter Sonderstudio wegen \u201eS21\u201c. Alle farbliche Schattierungen <em>(Der FDP-Fuzzi trug sogar einen gelben Kulturstrick um den Hals)<\/em> der obersten Volkszertreter des \u201eMusterl\u00e4ndles\u201c gaben sich die Ehre. Innerhalb der wenigen Minuten dachte ich, am Mikro schaffen sich Lokalpolitiker in einem Thesaurus-Wettbewerb um m\u00f6glichst viel Wortvariationen mit \u201eDemokratie\u201c zu erstellen. Diese vier Musketiere waren allesamt sehr lustig. Nun k\u00f6nnte ich ja bei allen noch etwas vorkramen, beschr\u00e4nke mich auf den gr\u00fcnen Willi. Solche Chlorophyllmarxisten mag ich sowieso, wochentags immer bereit f\u00fcr partiellen Klassenkampf, aber am Sonntag durch die Kirche robben, nun gut, das wird Kretschi nur zu Hause bei Mutti gemacht haben&#8230;<br \/>\nMit viel \u201eDemokratieuntermalung\u201c k\u00fcndigte er dann noch an: &#8230;\u201cdas Projekt ab sofort &#8216;kritisch und konstruktiv&#8217; zu begleiten\u201c.<br \/>\nMan h\u00f6re! Wieso ist der Mann nicht fr\u00fcher darauf gekommen?<br \/>\nMan beachte: KONSTUKTIV!<br \/>\nJeder wei\u00df doch was damit gemeint ist, in dem Fall unbedingt die FDP \u00fcbertrumpfen. Ge\u00f6ffnete Hintert\u00fcrchen nach allen Himmelsrichtungen und nebenbei permanent \u201ehalsen\u201c und \u201ewenden\u201c \u00fcben.<br \/>\nJetzt sind die Gr\u00fcnen m\u00e4chtig auf die Fresse gefallen. Wieso haben sich die Leute \u00fcberhaupt auf die landesweite, \u201edemokratische\u201c Volksbefragung eingelassen, schlie\u00dflich betrifft es doch lokale Interessen.<br \/>\nKretschi d\u00f6nst momentan nur noch herum. M\u00f6chte unbedingt die Wellen gl\u00e4tten und dabei keinem weh tun, hat aber \u00fcbersehen, dass es Ausma\u00dfe eines schw\u00e4bischen Tsunamis angenommen hat. Gegen ihn will er anscheinend mit der Mentalit\u00e4t eines Don Quichotte vorgehen, an seiner Seite Sancho \u00d6zdemir, der doch sonst f\u00fcr Frollein Roth den Minenhund spielt und nur ausgeliehen wurde.<br \/>\nWas plapperte der nun daher?<br \/>\n\u201eDie \u201eVolksbefragung\u201c war f\u00fcr alle ein Sieg, zumindest auf \u201edemokratischer\u201c Ebene&#8230;\u201c<br \/>\nSoll es hei\u00dfen, dass man nicht verloren hat, sondern nur verwonnen!<br \/>\nWas will mir dieser \u201eGuttenbergverschnitt\u201c, mit MHG, auf diese Weise verklickern? Cemi ist mittlerweile ein Politprofi geworden, respektlos und frei jeglichen Unrechtsbewusstseins, aber politisch korrekt. Er versucht mich zu verschei\u00dfern &#8211; alles soll auf die normative Kraft des Faktischen hinauslaufen&#8230;<br \/>\nWilli K. vergisst <em>(Dies macht er uns nur vor!) <\/em>beim Bahndeal die s.g. \u201eSprechklausel\u201c, egal wie sich die Baukosten aufbl\u00e4hen werden, das Land muss haften.<br \/>\nWette um eine Flasche Gehacktes, alles wird mindestens um ein Drittel teurer.<br \/>\nGanz anders wird ein Schuh daraus!<br \/>\nSchlie\u00dflich wusste doch jeder, wie die SPD zu \u201eS21\u201c stand.<br \/>\nGr\u00fcn befand sich nach der Wahl in einem H\u00f6henblindflug, erlag dabei der Arroganz der Macht und dachte, im Laufe der Zeit wird alles von ganz allein ins Lot kommen. So kurz vor dem Ziel wollten die politgeilen Empork\u00f6mmlinge den Stab nicht aus der Hand geben.<br \/>\nAnsonsten ist alles wie gehabt, erst den Karren in den Dreck schieben, anschlie\u00dfend die Schuld bei anderen suchen und auf die Vergesslichkeit des P\u00f6bels bauen&#8230;<\/p>\n<p>Mir f\u00e4llt noch etwas ein: \u201e<strong><a href=\"http:\/\/www.tagesspiegel.de\/berlin\/britische-firma-will-im-schlaubetal-nach-oel-suchen\/5897378.html\">Britische Firma will im Schlaubetal nach \u00d6l suchen<\/a><\/strong>\u201c<br \/>\nIn einer ganz geilen und weitestgehend unber\u00fchrten Gegend, fast vor der Haust\u00fcr&#8230;<br \/>\nDie ersten \u201eParlamentarier\u201c sind bereits umgekippt.<br \/>\nWarum wohl?<br \/>\nGlaube bei solchen Vorhaben nicht an die \u201eHurerei\u201c mit den 21 Arbeitspl\u00e4tzen f\u00fcr die <a href=\"http:\/\/www.schlaubetal-tourismus.de\/\">Region<\/a>. Bei einem Milliardengesch\u00e4ft befindet sich doch soviel Knete in der Portokasse, dass man daf\u00fcr auch anderer Verwendungen finden kann&#8230;<\/p>\n","protected":false},"excerpt":{"rendered":"<p>Nun ist das Castor-Spielchen wiedermal beendet, jeder hatte ein bisschen fun dabei, besonders die Steuerzahler und -Innen. Letztendlich werden die Kosten sowieso unter Ulk verbucht und die Bullerei hat mal wieder eine \u00dcbung f\u00fcr kommende Zeiten \u00fcberstanden. Alles wird genaustens ausgewertet, damit es n\u00e4chstens noch effizienter vonstattengehen kann. Au\u00dferdem bereitet es doch einen Haufen Spa\u00df, [&hellip;]<\/p>\n","protected":false},"author":6,"featured_media":0,"comment_status":"open","ping_status":"open","sticky":false,"template":"","format":"standard","meta":{"footnotes":""},"categories":[1,22],"tags":[],"class_list":["post-15325","post","type-post","status-publish","format-standard","hentry","category-allgemeines","category-der-tagesspiegel"],"_links":{"self":[{"href":"https:\/\/zonenklaus.de\/wordpress\/index.php?rest_route=\/wp\/v2\/posts\/15325","targetHints":{"allow":["GET"]}}],"collection":[{"href":"https:\/\/zonenklaus.de\/wordpress\/index.php?rest_route=\/wp\/v2\/posts"}],"about":[{"href":"https:\/\/zonenklaus.de\/wordpress\/index.php?rest_route=\/wp\/v2\/types\/post"}],"author":[{"embeddable":true,"href":"https:\/\/zonenklaus.de\/wordpress\/index.php?rest_route=\/wp\/v2\/users\/6"}],"replies":[{"embeddable":true,"href":"https:\/\/zonenklaus.de\/wordpress\/index.php?rest_route=%2Fwp%2Fv2%2Fcomments&post=15325"}],"version-history":[{"count":16,"href":"https:\/\/zonenklaus.de\/wordpress\/index.php?rest_route=\/wp\/v2\/posts\/15325\/revisions"}],"predecessor-version":[{"id":15341,"href":"https:\/\/zonenklaus.de\/wordpress\/index.php?rest_route=\/wp\/v2\/posts\/15325\/revisions\/15341"}],"wp:attachment":[{"href":"https:\/\/zonenklaus.de\/wordpress\/index.php?rest_route=%2Fwp%2Fv2%2Fmedia&parent=15325"}],"wp:term":[{"taxonomy":"category","embeddable":true,"href":"https:\/\/zonenklaus.de\/wordpress\/index.php?rest_route=%2Fwp%2Fv2%2Fcategories&post=15325"},{"taxonomy":"post_tag","embeddable":true,"href":"https:\/\/zonenklaus.de\/wordpress\/index.php?rest_route=%2Fwp%2Fv2%2Ftags&post=15325"}],"curies":[{"name":"wp","href":"https:\/\/api.w.org\/{rel}","templated":true}]}}