{"id":15342,"date":"2011-11-30T20:19:46","date_gmt":"2011-11-30T19:19:46","guid":{"rendered":"http:\/\/12decode.de\/zonenklaus\/wordpress\/?p=15342"},"modified":"2021-05-15T06:25:30","modified_gmt":"2021-05-15T05:25:30","slug":"fast-hatte-ich-etwas-vergessen-wg-georg-kreisler","status":"publish","type":"post","link":"https:\/\/zonenklaus.de\/wordpress\/?p=15342","title":{"rendered":"Fast h\u00e4tte ich etwas vergessen &#8211; wg. Georg Kreisler"},"content":{"rendered":"<p>Letzten Freitag ging ich etwas fr\u00fcher in die Kiste, da ich den \u201eTagesspitzel\u201c fertig lesen wollte und die Sodokus noch zumachen waren.<br \/>\nKurz vor der Geisterstunde wurde zus\u00e4tzlich der kleine Transistor<strong>*<\/strong> angeschaltet, ab 00:05 war fast nix mehr mit Zeitung und dies bis 3 Uhr!<br \/>\nEs gab am 26.11. eine Programm\u00e4nderung und die Wiederholung einer Sendung vom Februar 2010, da wenige Tage vorher Georg Kreislers Lebenslicht im Alter von 89 Jahren erlosch.<br \/>\n<a href=\"http:\/\/www.dradio.de\/dkultur\/sendungen\/langenacht\/1612148\/\">\u201eEine Lange Nacht \u00fcber Georg Kreisler\u201c<\/a> &#8211; <strong>Dann musste ich Jude \u00fcben statt Klavier<\/strong><br \/>\nIn den drei Stunden schien G\u00fcnther Rohleder aber auch nichts vergessen zuhaben.<br \/>\nJenes Feature war einfach nur geil, zwischendurch diese merkw\u00fcrdigen Kurznachrichten schienen sich l\u00fcckenlos einzupassen&#8230;<br \/>\nIm Programmhinweis von \u201e<strong>dradio<\/strong>\u201c l\u00e4sst sich auch etwas st\u00f6bern und in der \u201e<a href=\"http:\/\/www.youtube.com\/watch?v=FWI8I-4ifVA\">TUBE<\/a>\u201c sind viele Hits vom gro\u00dfen \u201eL\u00e4stermaul\u201c&#8230;<\/p>\n<p><strong> *B<\/strong>ei dieser kleinen M\u00f6hre handelt es sich um einen Weltempf\u00e4nger, der ungemein sparsam im Stromverbrauch ist, allerdings nur bei Mittel- und Kurzwelle: von 15 bis 52m.<br \/>\nBis vor kurzem benutzte ich noch einen \u201eYachtboy\u201c von Grundig, dort waren die Empfangseigenschaften etwas besser. Nat\u00fcrlich nicht zu vergleichen mit superfeinem digitalen Stereo-Sound. Trotzdem bleibt verbaler D\u00fcnnschiss auf den Sendern eben D\u00fcnnschiss, auch mit optimal aufgepeppter Elektronik&#8230;<!--more--><br \/>\n<a href=\"http:\/\/12decode.de\/zonenklaus\/wordpress\/wp-content\/uploads\/2011\/11\/IMG_1796-\u00e4.jpg\"><img loading=\"lazy\" decoding=\"async\" class=\"alignleft size-thumbnail wp-image-15343\" title=\"Sender 1991\" src=\"http:\/\/12decode.de\/zonenklaus\/wordpress\/wp-content\/uploads\/2011\/11\/IMG_1796-\u00e4-150x112.jpg\" alt=\"\" width=\"150\" height=\"112\" srcset=\"https:\/\/zonenklaus.de\/wordpress\/wp-content\/uploads\/2011\/11\/IMG_1796-\u00e4-150x112.jpg 150w, https:\/\/zonenklaus.de\/wordpress\/wp-content\/uploads\/2011\/11\/IMG_1796-\u00e4-300x225.jpg 300w, https:\/\/zonenklaus.de\/wordpress\/wp-content\/uploads\/2011\/11\/IMG_1796-\u00e4-1024x768.jpg 1024w, https:\/\/zonenklaus.de\/wordpress\/wp-content\/uploads\/2011\/11\/IMG_1796-\u00e4.jpg 1408w\" sizes=\"auto, (max-width: 150px) 100vw, 150px\" \/><\/a>1991 <em>(W\u00e4hrend des zweiten Golfkrieges: Irak-Kuweit &#8211; klang alles etwas anders von dort unten.)<\/em> hatte ich mir das B\u00fcchlein zugelegt &#8211; wegen meiner <a href=\"https:\/\/de.wikipedia.org\/wiki\/DXen\">DXer-Manie<\/a> aus Kindertagen &#8211; in dem Teil ist auch jeder kleine Kacksender verzeichnet, der irgendwie in Englischer oder Deutscher Sprache sendet.<\/p>\n<p>Manchmal l\u00e4uft der Transitor leise weiter, wie heute Nacht geschehen.<br \/>\nBei dieser uns\u00e4glichen Sendung: \u201eNachtgespr\u00e4che am Telefon\u201c 00800 &#8211; 2254 2254 <em>(Klingt fast wie eine St\u00f6hnnummer!)<\/em> lautete das heutige Thema: <strong>Der Freiher meldet sich<\/strong> &#8211; Soll Karl-Theodor zu Guttenberg zur\u00fcckkehren?<br \/>\n<strong>Nat\u00fcrlich nicht!<\/strong><br \/>\n<strong>Anno knips wurden solche Leute mit getrockneter Katzenschei\u00dfe erschossen&#8230;<\/strong><\/p>\n<p>Aus irgendeinem Grund klappt es nicht immer, dass ich beim entsprechenden Stichwort wach werde. Gleich nach den 3 Uhr Nachrichten ging es mir dann so. Im Zusammenhang mit Dota der \u201e<a href=\"https:\/\/kleingeldprinzessin.de\/\">Kleingeldprinzessin<\/a>\u201c fiel der Name <a href=\"http:\/\/www.utakoebernick.ch\/\">Uta K\u00f6bernick<\/a>. Ist auch schon wieder ein Weilchen her, dass sie uns \u00fcber den Weg lief und etwas weiter weg, in Z\u00fcrich oder Bern&#8230;<br \/>\n<strong>TONART<\/strong> &#8211; Chansons und Balladen mit Holger Beythien und der meint zu Uta:<br \/>\n<em>\u201eIn diesem Jahr hatte die in der Schweiz lebende Berliner Liedermacherin, Schauspielerin und Kabarettistin mit ihrem Solo-Deb\u00fctalbum &#8220;Auch nicht schlimmer&#8221; nicht nur die deutschsprachige Liederszene \u00fcberrascht.\u201c<\/em><br \/>\nDa verkennt er einiges, denn wer durch die Schule von <a href=\"https:\/\/de.wikipedia.org\/wiki\/Christof_St%C3%A4hlin\">Christof St\u00e4hlin<\/a> gegangen ist, der \u00fcberrascht die \u201edeutschsprachige Liederszene\u201c nicht mehr, da erwartet man gar nichts anderes, denn dieser Weg b\u00fcrgt f\u00fcr Qualit\u00e4t.<br \/>\nSchade, dass Uta uns \u00fcber die Wortspielerei von \u201euniformiert\u201c und \u201euninformiert\u201c im Dunklen lie\u00df.<\/p>\n<div id=\"_mcePaste\" style=\"position: absolute; left: -10000px; top: 722px; width: 1px; height: 1px; overflow: hidden;\">\n<p style=\"margin-bottom: 0cm;\"><span style=\"font-family: Times New Roman,serif;\">Schade, dass Uta uns \u00fcber die Wortspielerei von \u201euniformiert\u201c und \u201euninformiert\u201c im Dunklen lie\u00df.<\/span><\/p>\n<\/div>\n","protected":false},"excerpt":{"rendered":"<p>Letzten Freitag ging ich etwas fr\u00fcher in die Kiste, da ich den \u201eTagesspitzel\u201c fertig lesen wollte und die Sodokus noch zumachen waren. Kurz vor der Geisterstunde wurde zus\u00e4tzlich der kleine Transistor* angeschaltet, ab 00:05 war fast nix mehr mit Zeitung und dies bis 3 Uhr! Es gab am 26.11. eine Programm\u00e4nderung und die Wiederholung einer [&hellip;]<\/p>\n","protected":false},"author":6,"featured_media":0,"comment_status":"open","ping_status":"open","sticky":false,"template":"","format":"standard","meta":{"footnotes":""},"categories":[1],"tags":[],"class_list":["post-15342","post","type-post","status-publish","format-standard","hentry","category-allgemeines"],"_links":{"self":[{"href":"https:\/\/zonenklaus.de\/wordpress\/index.php?rest_route=\/wp\/v2\/posts\/15342","targetHints":{"allow":["GET"]}}],"collection":[{"href":"https:\/\/zonenklaus.de\/wordpress\/index.php?rest_route=\/wp\/v2\/posts"}],"about":[{"href":"https:\/\/zonenklaus.de\/wordpress\/index.php?rest_route=\/wp\/v2\/types\/post"}],"author":[{"embeddable":true,"href":"https:\/\/zonenklaus.de\/wordpress\/index.php?rest_route=\/wp\/v2\/users\/6"}],"replies":[{"embeddable":true,"href":"https:\/\/zonenklaus.de\/wordpress\/index.php?rest_route=%2Fwp%2Fv2%2Fcomments&post=15342"}],"version-history":[{"count":15,"href":"https:\/\/zonenklaus.de\/wordpress\/index.php?rest_route=\/wp\/v2\/posts\/15342\/revisions"}],"predecessor-version":[{"id":15349,"href":"https:\/\/zonenklaus.de\/wordpress\/index.php?rest_route=\/wp\/v2\/posts\/15342\/revisions\/15349"}],"wp:attachment":[{"href":"https:\/\/zonenklaus.de\/wordpress\/index.php?rest_route=%2Fwp%2Fv2%2Fmedia&parent=15342"}],"wp:term":[{"taxonomy":"category","embeddable":true,"href":"https:\/\/zonenklaus.de\/wordpress\/index.php?rest_route=%2Fwp%2Fv2%2Fcategories&post=15342"},{"taxonomy":"post_tag","embeddable":true,"href":"https:\/\/zonenklaus.de\/wordpress\/index.php?rest_route=%2Fwp%2Fv2%2Ftags&post=15342"}],"curies":[{"name":"wp","href":"https:\/\/api.w.org\/{rel}","templated":true}]}}