{"id":1616,"date":"2009-01-15T12:59:58","date_gmt":"2009-01-15T11:59:58","guid":{"rendered":"http:\/\/12decode.de\/zonenklaus\/wordpress\/?p=1616"},"modified":"2024-07-09T23:06:42","modified_gmt":"2024-07-09T22:06:42","slug":"uber-herrn-marxengels-zu-dem-furz","status":"publish","type":"post","link":"https:\/\/zonenklaus.de\/wordpress\/?p=1616","title":{"rendered":"\u00dcBER HERRN MARXENGELS zum &#8220;FURZ&#8221;"},"content":{"rendered":"<p>Vorgestern t\u00e4tigte ich einen B\u00fcchertausch, gab Band 14 aus dieser uns\u00e4glichen blauen Reihe vom \u201eDietzverlag&#8221; zur\u00fcck. Im Gegenzuge kehrten meine beiden B\u00e4nde, \u201eSittengeschichte des Weltkrieges&#8221; (1914-18), von Magnus Hirschfeld heim. Originalausgaben von 1930, leider schon recht mitgenommen.<\/p>\n<p><a href=\"http:\/\/12decode.de\/zonenklaus\/wordpress\/wp-content\/uploads\/2009\/01\/hir5.jpg\"><img loading=\"lazy\" decoding=\"async\" class=\"alignleft size-medium wp-image-1643\" src=\"http:\/\/12decode.de\/zonenklaus\/wordpress\/wp-content\/uploads\/2009\/01\/hir5-222x300.jpg\" alt=\"\" width=\"222\" height=\"300\" srcset=\"https:\/\/zonenklaus.de\/wordpress\/wp-content\/uploads\/2009\/01\/hir5-222x300.jpg 222w, https:\/\/zonenklaus.de\/wordpress\/wp-content\/uploads\/2009\/01\/hir5.jpg 640w\" sizes=\"auto, (max-width: 222px) 100vw, 222px\" \/><\/a><a href=\"http:\/\/12decode.de\/zonenklaus\/wordpress\/wp-content\/uploads\/2009\/01\/hir1a4.jpg\"><img loading=\"lazy\" decoding=\"async\" class=\"alignleft wp-image-1644 size-medium\" title=\"Ihr braucht euch nicht zu sputen, denn auch der Spie\u00df schei\u00dft 20 Minuten\" src=\"https:\/\/zonenklaus.de\/wordpress\/wp-content\/uploads\/2009\/01\/hir1a4-181x300.jpg\" alt=\"Du brauchst dich nicht zu sputen, auch der Spie\u00df schei\u00df 20 Minuten! Hier klicken!\" width=\"181\" height=\"300\" srcset=\"https:\/\/zonenklaus.de\/wordpress\/wp-content\/uploads\/2009\/01\/hir1a4-181x300.jpg 181w, https:\/\/zonenklaus.de\/wordpress\/wp-content\/uploads\/2009\/01\/hir1a4-619x1024.jpg 619w, https:\/\/zonenklaus.de\/wordpress\/wp-content\/uploads\/2009\/01\/hir1a4.jpg 640w\" sizes=\"auto, (max-width: 181px) 100vw, 181px\" \/><\/a><\/p>\n<p>&nbsp;<\/p>\n<p>&nbsp;<\/p>\n<p>&nbsp;<\/p>\n<p>&nbsp;<\/p>\n<p>&nbsp;<\/p>\n<p>&nbsp;<\/p>\n<p><!--more-->Der<em> Vielosoff<\/em> Axel meinte am Rande, dass es Jugendliche gibt, die sich Marx und Engels wieder einziehen. Ich kenne keinen davon, vielleicht hat er im Tran alles mit Karl May verwechselt, was ich auch nicht glauben w\u00fcrde.<br \/>\nDann w\u00e4re es ja heute umgekehrt, zumindest in der Zone schien es vor vielen Jahren andersherum.<br \/>\nDazu 60er Jahre Vox populi:<br \/>\nFrau <a href=\"http:\/\/de.wikisource.org\/wiki\/Diskussion:Allgemeines_Deutsches_Kommersbuch:307\">Wirtin<\/a> hatte ein Kanapee,<br \/>\ndarauf v\u00f6gelte die SED.<br \/>\nDoch nur die jungen Bengels!<br \/>\nDie alten sa\u00dfen drumherum<br \/>\nund lasen Marx und Engels.<\/p>\n<p style=\"text-align: left;\">Eigentlich wollte ich das vorangegangene gar nicht ablassen. Jetzt folgt der tats\u00e4chliche, stinkige Tippppp. Ein kurzweiliges\u201eSachbuch&#8221; \u00fcber K\u00f6rpergase: \u201eDer Furz&#8221;, Alfred Limbach, Heyne Verlag, M\u00fcnchen.<br \/>\nISBN 3-453-01678-5<\/p>\n<p style=\"text-align: left;\"><a href=\"http:\/\/12decode.de\/zonenklaus\/wordpress\/wp-content\/uploads\/2009\/01\/fur.jpg\"><img loading=\"lazy\" decoding=\"async\" class=\"alignleft size-medium wp-image-1627\" title=\"Wer\u00b4s zu erst gerochen, aus dem ist\u00b4s rausgekrochen\" src=\"http:\/\/12decode.de\/zonenklaus\/wordpress\/wp-content\/uploads\/2009\/01\/fur-214x300.jpg\" alt=\"Wer\u00b4s zu erst gerochen, aus dem ist\u00b4s rausgekrochen\" width=\"214\" height=\"300\" srcset=\"https:\/\/zonenklaus.de\/wordpress\/wp-content\/uploads\/2009\/01\/fur-214x300.jpg 214w, https:\/\/zonenklaus.de\/wordpress\/wp-content\/uploads\/2009\/01\/fur.jpg 640w\" sizes=\"auto, (max-width: 214px) 100vw, 214px\" \/><\/a><a href=\"http:\/\/12decode.de\/zonenklaus\/wordpress\/wp-content\/uploads\/2009\/01\/fur1.jpg\"><img loading=\"lazy\" decoding=\"async\" class=\"alignleft size-medium wp-image-1628\" src=\"http:\/\/12decode.de\/zonenklaus\/wordpress\/wp-content\/uploads\/2009\/01\/fur1-212x300.jpg\" alt=\"\" width=\"212\" height=\"300\" srcset=\"https:\/\/zonenklaus.de\/wordpress\/wp-content\/uploads\/2009\/01\/fur1-212x300.jpg 212w, https:\/\/zonenklaus.de\/wordpress\/wp-content\/uploads\/2009\/01\/fur1.jpg 640w\" sizes=\"auto, (max-width: 212px) 100vw, 212px\" \/><\/a><\/p>\n","protected":false},"excerpt":{"rendered":"<p>Vorgestern t\u00e4tigte ich einen B\u00fcchertausch, gab Band 14 aus dieser uns\u00e4glichen blauen Reihe vom \u201eDietzverlag&#8221; zur\u00fcck. Im Gegenzuge kehrten meine beiden B\u00e4nde, \u201eSittengeschichte des Weltkrieges&#8221; (1914-18), von Magnus Hirschfeld heim. Originalausgaben von 1930, leider schon recht mitgenommen. &nbsp; &nbsp; &nbsp; &nbsp; &nbsp; &nbsp;<\/p>\n","protected":false},"author":6,"featured_media":0,"comment_status":"open","ping_status":"closed","sticky":false,"template":"","format":"standard","meta":{"footnotes":""},"categories":[9],"tags":[],"class_list":["post-1616","post","type-post","status-publish","format-standard","hentry","category-bucher"],"_links":{"self":[{"href":"https:\/\/zonenklaus.de\/wordpress\/index.php?rest_route=\/wp\/v2\/posts\/1616","targetHints":{"allow":["GET"]}}],"collection":[{"href":"https:\/\/zonenklaus.de\/wordpress\/index.php?rest_route=\/wp\/v2\/posts"}],"about":[{"href":"https:\/\/zonenklaus.de\/wordpress\/index.php?rest_route=\/wp\/v2\/types\/post"}],"author":[{"embeddable":true,"href":"https:\/\/zonenklaus.de\/wordpress\/index.php?rest_route=\/wp\/v2\/users\/6"}],"replies":[{"embeddable":true,"href":"https:\/\/zonenklaus.de\/wordpress\/index.php?rest_route=%2Fwp%2Fv2%2Fcomments&post=1616"}],"version-history":[{"count":35,"href":"https:\/\/zonenklaus.de\/wordpress\/index.php?rest_route=\/wp\/v2\/posts\/1616\/revisions"}],"predecessor-version":[{"id":41878,"href":"https:\/\/zonenklaus.de\/wordpress\/index.php?rest_route=\/wp\/v2\/posts\/1616\/revisions\/41878"}],"wp:attachment":[{"href":"https:\/\/zonenklaus.de\/wordpress\/index.php?rest_route=%2Fwp%2Fv2%2Fmedia&parent=1616"}],"wp:term":[{"taxonomy":"category","embeddable":true,"href":"https:\/\/zonenklaus.de\/wordpress\/index.php?rest_route=%2Fwp%2Fv2%2Fcategories&post=1616"},{"taxonomy":"post_tag","embeddable":true,"href":"https:\/\/zonenklaus.de\/wordpress\/index.php?rest_route=%2Fwp%2Fv2%2Ftags&post=1616"}],"curies":[{"name":"wp","href":"https:\/\/api.w.org\/{rel}","templated":true}]}}