{"id":16354,"date":"2012-02-15T23:21:51","date_gmt":"2012-02-15T22:21:51","guid":{"rendered":"http:\/\/12decode.de\/zonenklaus\/wordpress\/?p=16354"},"modified":"2012-02-16T10:15:29","modified_gmt":"2012-02-16T09:15:29","slug":"kult-comedian-oliver-kalkofe-sitzt-sich-einen-wulff","status":"publish","type":"post","link":"https:\/\/zonenklaus.de\/wordpress\/?p=16354","title":{"rendered":"Kult-Comedian Oliver Kalkofe sitzt sich einen Wulff&#8230;"},"content":{"rendered":"<p><strong>&#8211; E<\/strong>ben ereilte mich ein Elektrobrief aus den H\u00f6hen des Prenzelgebirges.<br \/>\nDen Hinweis von Frau Ines verstand ich bestimmt wieder ganz falsch, obwohl es sich um etwas ganz Wichtiges aus der Berliner \u201eFleetstreet\u201c handelte.<br \/>\nNicht von der Sch\u00fclerzeitung aus der \u201eT\u043e\u0432\u0430\u0440\u0438\u0449 \u0414\u0443\u0447\u043a\u0435 Y\u043b\u0438\u0446\u0430\u201c, nee!<br \/>\nIcke meine \u201eAxel Caesars Palace\u201c in der der Kochstra\u00dfe.<br \/>\nH\u00e4tte nie gedacht irgendwann mal, auch nur partiell, mit den Redakteuren dieses Verbl\u00f6dungstempels auf einem Gleis zu rodeln. Da sie aber diesen Dauergrinser aus Niedersachsen abschie\u00dfen wollen &#8211; das hat was und kann sogar ich nachvollziehen.<br \/>\nIn diesem Moment f\u00e4llt mir ein, sie haben sogar mich gekrallt! Als vor vielen Jahren die Kampagne anlief: <strong>BILD DIR DEINE MEINUNG!<\/strong> &#8211; dachte ich, nun ist alles zu sp\u00e4t!<br \/>\nDarunter die Larve von <a href=\"http:\/\/www.google.de\/imgres?imgurl=http:\/\/www.nrhz.de\/flyer\/media\/11211\/105_Schwarzer.jpg&amp;imgrefurl=http:\/\/www.nrhz.de\/flyer\/beitrag.php%3Fid%3D11211&amp;usg=__T-VqOUEnAILfBknbUTp1rtuhI4M=&amp;h=400&amp;w=292&amp;sz=160&amp;hl=de&amp;start=0&amp;zoom=1&amp;tbnid=tyd6JvCjCzc3lM:&amp;tbnh=119&amp;tbnw=80&amp;ei=uFA8T7qNGMqUswa5uoz2BA&amp;prev=\/search%3Fq%3Dbild%2Bdir%2Beine%2Bmeinung%2Bbild%2Balice%26hl%3Dde%26sa%3DX%26biw%3D1270%26bih%3D607%26tbm%3Disch%26prmd%3Dimvns&amp;itbs=1&amp;iact=hc&amp;dur=405&amp;sig=105483735310851525772&amp;page=1&amp;ndsp=22&amp;ved=0CEQQrQMwAA&amp;tx=100&amp;ty=155&amp;vpx=171&amp;vpy=157&amp;hovh=175&amp;hovw=123\"><em>Alitze Schwatzer<\/em>,<\/a> als Steigerung dann <em>Udo Blindenberg<\/em>!<br \/>\nWei\u00df gar nicht, ob die beiden lebenslustigen Girls mit ihrem T-Shirt auch die Kampagne (<strong>BDDM<\/strong>) unterst\u00fctzen. Jedenfalls schauen sie aber wesentlich zufriedener aus ihrer W\u00e4sche als Alitze S.<br \/>\nNun bringe ich im Zuge der \u201eWahrheitsfindungen\u201c diese zwei <a href=\"http:\/\/www.myfunlink.to\/wer-leckt-wird-auch-geblasen_2513.html\">M\u00e4dels<\/a> rein, anschlie\u00dfend den Comedian Oliver Kalkofe.<br \/>\nTut mir leid!<br \/>\nWho the fuck is <strong>O<\/strong>.<strong>K<\/strong>.?<br \/>\nDer Typ ist mir eigentlich schei\u00dfegal, wichtig ist nur, dass er C.W. abschie\u00dfen will, sei es, weil er damit Knete verdienen kann.<br \/>\nAber eins verbitte ich mir von diesem ungebetenen Mitstreiter.<br \/>\nEr sollte niemals wieder diese irref\u00fchrende Wortspielerei: \u201eWulffman\u201c , in seinen Sabbel nehmen!<br \/>\nMit \u201e<a href=\"http:\/\/www.youtube.com\/watch?v=bA2m7KYqG5s\">Wolfman<\/a>\u201c verbinde ich eine Pers\u00f6nlichkeit und nicht Deutschlands gr\u00f6\u00dfte Lusche \u2013 die \u201eSchellen 7\u201c oder ist UNSER\u00a0 Bupr\u00e4si bereits die \u201eKaro 2\u201c?<br \/>\nHier bringe ich nur noch den Link: <a href=\"http:\/\/www.bild.de\/unterhaltung\/leute\/oliver-kalkofe\/das-wahre-interview-mit-bundespraesident-wulff-22633212.bild.html\">Das wahre TV-Interview mit dem Bundespr\u00e4sidenten<\/a><br \/>\n8ung!<br \/>\nVor diesem comedialen Placebo l\u00e4uft noch ellenlange Werbeg\u00fclle!<\/p>\n","protected":false},"excerpt":{"rendered":"<p>&#8211; Eben ereilte mich ein Elektrobrief aus den H\u00f6hen des Prenzelgebirges. Den Hinweis von Frau Ines verstand ich bestimmt wieder ganz falsch, obwohl es sich um etwas ganz Wichtiges aus der Berliner \u201eFleetstreet\u201c handelte. Nicht von der Sch\u00fclerzeitung aus der \u201eT\u043e\u0432\u0430\u0440\u0438\u0449 \u0414\u0443\u0447\u043a\u0435 Y\u043b\u0438\u0446\u0430\u201c, nee! Icke meine \u201eAxel Caesars Palace\u201c in der der Kochstra\u00dfe. H\u00e4tte nie [&hellip;]<\/p>\n","protected":false},"author":6,"featured_media":0,"comment_status":"open","ping_status":"open","sticky":false,"template":"","format":"standard","meta":{"footnotes":""},"categories":[1],"tags":[],"class_list":["post-16354","post","type-post","status-publish","format-standard","hentry","category-allgemeines"],"_links":{"self":[{"href":"https:\/\/zonenklaus.de\/wordpress\/index.php?rest_route=\/wp\/v2\/posts\/16354","targetHints":{"allow":["GET"]}}],"collection":[{"href":"https:\/\/zonenklaus.de\/wordpress\/index.php?rest_route=\/wp\/v2\/posts"}],"about":[{"href":"https:\/\/zonenklaus.de\/wordpress\/index.php?rest_route=\/wp\/v2\/types\/post"}],"author":[{"embeddable":true,"href":"https:\/\/zonenklaus.de\/wordpress\/index.php?rest_route=\/wp\/v2\/users\/6"}],"replies":[{"embeddable":true,"href":"https:\/\/zonenklaus.de\/wordpress\/index.php?rest_route=%2Fwp%2Fv2%2Fcomments&post=16354"}],"version-history":[{"count":16,"href":"https:\/\/zonenklaus.de\/wordpress\/index.php?rest_route=\/wp\/v2\/posts\/16354\/revisions"}],"predecessor-version":[{"id":16369,"href":"https:\/\/zonenklaus.de\/wordpress\/index.php?rest_route=\/wp\/v2\/posts\/16354\/revisions\/16369"}],"wp:attachment":[{"href":"https:\/\/zonenklaus.de\/wordpress\/index.php?rest_route=%2Fwp%2Fv2%2Fmedia&parent=16354"}],"wp:term":[{"taxonomy":"category","embeddable":true,"href":"https:\/\/zonenklaus.de\/wordpress\/index.php?rest_route=%2Fwp%2Fv2%2Fcategories&post=16354"},{"taxonomy":"post_tag","embeddable":true,"href":"https:\/\/zonenklaus.de\/wordpress\/index.php?rest_route=%2Fwp%2Fv2%2Ftags&post=16354"}],"curies":[{"name":"wp","href":"https:\/\/api.w.org\/{rel}","templated":true}]}}