{"id":17123,"date":"2012-04-26T18:52:00","date_gmt":"2012-04-26T17:52:00","guid":{"rendered":"http:\/\/12decode.de\/zonenklaus\/wordpress\/?p=17123"},"modified":"2012-05-13T16:03:11","modified_gmt":"2012-05-13T15:03:11","slug":"gmx-war-dabei-8","status":"publish","type":"post","link":"https:\/\/zonenklaus.de\/wordpress\/?p=17123","title":{"rendered":"GMX war dabei!"},"content":{"rendered":"<p>Mir kann wirklich nichts passieren, lagen doch heute ein paar Socken nebst eines Zettels in unserem Briefkasten. Wei\u00df nat\u00fcrlich welche Sabine f\u00fcr das \u201e<a href=\"http:\/\/www.gmx.net\/themen\/nachrichten\/panorama\/5692v0o-faellt-blitzsommer-flach\">Fr\u00fchsommerhilfswerk<\/a>\u201c schafft.<br \/>\n<a href=\"http:\/\/12decode.de\/zonenklaus\/wordpress\/wp-content\/uploads\/2012\/04\/Str\u00fcmpfe.jpg\"><img loading=\"lazy\" decoding=\"async\" class=\"alignleft size-thumbnail wp-image-17124\" src=\"http:\/\/12decode.de\/zonenklaus\/wordpress\/wp-content\/uploads\/2012\/04\/Str\u00fcmpfe-150x127.jpg\" alt=\"\" width=\"150\" height=\"127\" srcset=\"https:\/\/zonenklaus.de\/wordpress\/wp-content\/uploads\/2012\/04\/Str\u00fcmpfe-150x127.jpg 150w, https:\/\/zonenklaus.de\/wordpress\/wp-content\/uploads\/2012\/04\/Str\u00fcmpfe-300x255.jpg 300w, https:\/\/zonenklaus.de\/wordpress\/wp-content\/uploads\/2012\/04\/Str\u00fcmpfe.jpg 667w\" sizes=\"auto, (max-width: 150px) 100vw, 150px\" \/><\/a><a href=\"http:\/\/12decode.de\/zonenklaus\/wordpress\/wp-content\/uploads\/2012\/04\/IMG_3404-\u00e4.jpg\"><img loading=\"lazy\" decoding=\"async\" class=\"alignleft size-thumbnail wp-image-17125\" src=\"http:\/\/12decode.de\/zonenklaus\/wordpress\/wp-content\/uploads\/2012\/04\/IMG_3404-\u00e4-150x112.jpg\" alt=\"\" width=\"150\" height=\"112\" srcset=\"https:\/\/zonenklaus.de\/wordpress\/wp-content\/uploads\/2012\/04\/IMG_3404-\u00e4-150x112.jpg 150w, https:\/\/zonenklaus.de\/wordpress\/wp-content\/uploads\/2012\/04\/IMG_3404-\u00e4-300x225.jpg 300w, https:\/\/zonenklaus.de\/wordpress\/wp-content\/uploads\/2012\/04\/IMG_3404-\u00e4-1024x768.jpg 1024w, https:\/\/zonenklaus.de\/wordpress\/wp-content\/uploads\/2012\/04\/IMG_3404-\u00e4.jpg 1408w\" sizes=\"auto, (max-width: 150px) 100vw, 150px\" \/><\/a><a href=\"http:\/\/12decode.de\/zonenklaus\/wordpress\/wp-content\/uploads\/2012\/04\/IMG_3409-\u00e4.jpg\"><img loading=\"lazy\" decoding=\"async\" class=\"alignleft size-thumbnail wp-image-17126\" src=\"http:\/\/12decode.de\/zonenklaus\/wordpress\/wp-content\/uploads\/2012\/04\/IMG_3409-\u00e4-150x112.jpg\" alt=\"\" width=\"150\" height=\"112\" srcset=\"https:\/\/zonenklaus.de\/wordpress\/wp-content\/uploads\/2012\/04\/IMG_3409-\u00e4-150x112.jpg 150w, https:\/\/zonenklaus.de\/wordpress\/wp-content\/uploads\/2012\/04\/IMG_3409-\u00e4-300x225.jpg 300w, https:\/\/zonenklaus.de\/wordpress\/wp-content\/uploads\/2012\/04\/IMG_3409-\u00e4-1024x768.jpg 1024w, https:\/\/zonenklaus.de\/wordpress\/wp-content\/uploads\/2012\/04\/IMG_3409-\u00e4.jpg 1408w\" sizes=\"auto, (max-width: 150px) 100vw, 150px\" \/><\/a><\/p>\n<p>Super diese Teile, sie tragen sich wie eine zweite Haut, Farbe gef\u00e4llt mir auch&#8230;<br \/>\n\u201eDANKEEEEEEEEEE!!!\u201c<br \/>\nDiese wollenen Gehwarzenpr\u00e4ser kamen im richtigen Augenblick, hatte ich doch letztens meine wenigen Socken allesamt versaut, weil sie keine 60 Grad in der Waschmaschine m\u00f6gen&#8230;<br \/>\nVor einigen Jahren lief ich noch bis um die 10 Grad minus in Latschen umher, heute werden meine Hufen bereits bei angekipptem Fenster eisige Mauken und dies bei Fr\u00fchlingshaften Temperaturen drau\u00dfen&#8230;<br \/>\nIm Zusammenhang mit den tollen Socken fielen mir mehrere d\u00e4mliche Spr\u00fcche ein, die in einem zeitlichen Zusammenhang gesehen werden m\u00fcssen!<br \/>\nSogar Oma lie\u00df in jungen Jahren ab: \u201eWenn dich die b\u00f6sen Buben locken, dann bleib zuhaus und stopfe Socken!\u201c<br \/>\nSp\u00e4ter in der frauenbewegten Jahren hie\u00df es: \u201eWenn dich die geilen Buben locken, dann bleib zuhaus und lerne zocken!\u201c<br \/>\n\u2026und heute, wenn man nicht mehr ganz so taufrisch durch die Gegend sterzelt?<br \/>\n\u201eWenn schon lange keine Buben locken, dann bleib zuhaus und stricke Socken!\u201c<\/p>\n","protected":false},"excerpt":{"rendered":"<p>Mir kann wirklich nichts passieren, lagen doch heute ein paar Socken nebst eines Zettels in unserem Briefkasten. Wei\u00df nat\u00fcrlich welche Sabine f\u00fcr das \u201eFr\u00fchsommerhilfswerk\u201c schafft. Super diese Teile, sie tragen sich wie eine zweite Haut, Farbe gef\u00e4llt mir auch&#8230; \u201eDANKEEEEEEEEEE!!!\u201c Diese wollenen Gehwarzenpr\u00e4ser kamen im richtigen Augenblick, hatte ich doch letztens meine wenigen Socken allesamt [&hellip;]<\/p>\n","protected":false},"author":6,"featured_media":0,"comment_status":"open","ping_status":"open","sticky":false,"template":"","format":"standard","meta":{"footnotes":""},"categories":[37],"tags":[],"class_list":["post-17123","post","type-post","status-publish","format-standard","hentry","category-gmx-war-dabei"],"_links":{"self":[{"href":"https:\/\/zonenklaus.de\/wordpress\/index.php?rest_route=\/wp\/v2\/posts\/17123","targetHints":{"allow":["GET"]}}],"collection":[{"href":"https:\/\/zonenklaus.de\/wordpress\/index.php?rest_route=\/wp\/v2\/posts"}],"about":[{"href":"https:\/\/zonenklaus.de\/wordpress\/index.php?rest_route=\/wp\/v2\/types\/post"}],"author":[{"embeddable":true,"href":"https:\/\/zonenklaus.de\/wordpress\/index.php?rest_route=\/wp\/v2\/users\/6"}],"replies":[{"embeddable":true,"href":"https:\/\/zonenklaus.de\/wordpress\/index.php?rest_route=%2Fwp%2Fv2%2Fcomments&post=17123"}],"version-history":[{"count":10,"href":"https:\/\/zonenklaus.de\/wordpress\/index.php?rest_route=\/wp\/v2\/posts\/17123\/revisions"}],"predecessor-version":[{"id":17135,"href":"https:\/\/zonenklaus.de\/wordpress\/index.php?rest_route=\/wp\/v2\/posts\/17123\/revisions\/17135"}],"wp:attachment":[{"href":"https:\/\/zonenklaus.de\/wordpress\/index.php?rest_route=%2Fwp%2Fv2%2Fmedia&parent=17123"}],"wp:term":[{"taxonomy":"category","embeddable":true,"href":"https:\/\/zonenklaus.de\/wordpress\/index.php?rest_route=%2Fwp%2Fv2%2Fcategories&post=17123"},{"taxonomy":"post_tag","embeddable":true,"href":"https:\/\/zonenklaus.de\/wordpress\/index.php?rest_route=%2Fwp%2Fv2%2Ftags&post=17123"}],"curies":[{"name":"wp","href":"https:\/\/api.w.org\/{rel}","templated":true}]}}