{"id":17910,"date":"2012-06-26T20:58:18","date_gmt":"2012-06-26T19:58:18","guid":{"rendered":"http:\/\/12decode.de\/zonenklaus\/wordpress\/?p=17910"},"modified":"2012-06-26T21:01:08","modified_gmt":"2012-06-26T20:01:08","slug":"gedicht-mit-fusnote","status":"publish","type":"post","link":"https:\/\/zonenklaus.de\/wordpress\/?p=17910","title":{"rendered":"Gedicht mit Fu\u00dfnote"},"content":{"rendered":"<p>Die <a href=\"http:\/\/www.tagesspiegel.de\/politik\/teppich-affaere-staatsanwaltschaft-will-nicht-gegen-niebel-ermitteln\/6802176.html\">&#8220;Einstellung&#8221; der Potsdamer Staatsanwaltschaft<\/a> muss unbedingt mit dem Bundesblech, aber am Bande belohnt werden!<br \/>\nWeil sie sich weigert gegen den Entwicklungsminister Dirk Niebel zu ermitteln.<br \/>\nMan(n\/Frau) sehen keinen Anfangsverdacht auf eine Straftat!<br \/>\n&#8230;allerdings bin ich da anderer Meinung.<br \/>\nWenn seine Tat als Versehen im Zweitjob, dem eines Teppichh\u00e4ndler durchgehen sollte, muss man ihn aber anderweitig verknacken, da er dieses zweites Arbeitsverh\u00e4ltnis vorher nicht kundtat.<br \/>\nAuf der anderen Seite scheint ja dieser gekn\u00fcpfte Wollfetzen solche Ausma\u00dfe zuhaben, dass auch andere Kollegen, falls Bedarf best\u00e4nde, sie dann auch ohne weiteres ihren Dreck unter jenes Teil kehren k\u00f6nnten&#8230;<br \/>\nWas sich im Laufe eines Jahres bei den gelben, <a href=\"http:\/\/www.google.de\/imgres?q=fdp&amp;hl=de&amp;sa=X&amp;biw=1280&amp;bih=613&amp;tbm=isch&amp;prmd=imvnsuz&amp;tbnid=eG-p5m7gmHkmEM:&amp;imgrefurl=http:\/\/viral-total.de\/fdp-witz-video&amp;docid=RhUV85AsN8j1AM&amp;imgurl=http:\/\/viral-total.de\/wp-content\/uploads\/2009\/10\/FDP-witz.jpg&amp;w=560&amp;h=434&amp;ei=2RLqT-7xGc3ltQa91c2FDg&amp;zoom=1&amp;iact=hc&amp;vpx=447&amp;vpy=258&amp;dur=401&amp;hovh=156&amp;hovw=186&amp;tx=119&amp;ty=124&amp;sig=104124140198871297205&amp;page=2&amp;tbnh=131&amp;tbnw=145&amp;start=21&amp;ndsp=24&amp;ved=1t:429,r:2,s:21,i:211\">neoliberalen Wachstumsfetischisten<\/a> immer wieder so ansammelt, da ist dieses Ding eigentlich viel zu klein.<br \/>\nKein Problem, da wird eine zus\u00e4tzliche Auslegeware besorgt.<br \/>\nSchlie\u00dflich verf\u00fcgt der Entwicklungsminister ja nun \u00fcber die entsprechenden Connections.<br \/>\nGeh\u00e4ssige Zeitgenossen werden die Ansicht vertreten, dass sie bis hin zur Potsdamer Staatsanwaltschaft reichen&#8230;<br \/>\n<strong>Fu\u00dfnote:<\/strong><br \/>\nWenn ich meine Beziehungen zu Afghanistan mal wieder auffrischte, k\u00f6nnte der Herr Niebel von mir einen wesentlich preiswerteren Teppich absahnen.<br \/>\nHergestellt von einer Gruppe greiser Frauen und minderj\u00e4hrigen Kinder.<br \/>\nW\u00fcrde es bestimmt auch fertig bekommen, ihn korrekt am Zoll vorbei schleusen zulassen&#8230;<\/p>\n","protected":false},"excerpt":{"rendered":"<p>Die &#8220;Einstellung&#8221; der Potsdamer Staatsanwaltschaft muss unbedingt mit dem Bundesblech, aber am Bande belohnt werden! Weil sie sich weigert gegen den Entwicklungsminister Dirk Niebel zu ermitteln. Man(n\/Frau) sehen keinen Anfangsverdacht auf eine Straftat! &#8230;allerdings bin ich da anderer Meinung. Wenn seine Tat als Versehen im Zweitjob, dem eines Teppichh\u00e4ndler durchgehen sollte, muss man ihn aber [&hellip;]<\/p>\n","protected":false},"author":6,"featured_media":0,"comment_status":"open","ping_status":"open","sticky":false,"template":"","format":"standard","meta":{"footnotes":""},"categories":[1],"tags":[],"class_list":["post-17910","post","type-post","status-publish","format-standard","hentry","category-allgemeines"],"_links":{"self":[{"href":"https:\/\/zonenklaus.de\/wordpress\/index.php?rest_route=\/wp\/v2\/posts\/17910","targetHints":{"allow":["GET"]}}],"collection":[{"href":"https:\/\/zonenklaus.de\/wordpress\/index.php?rest_route=\/wp\/v2\/posts"}],"about":[{"href":"https:\/\/zonenklaus.de\/wordpress\/index.php?rest_route=\/wp\/v2\/types\/post"}],"author":[{"embeddable":true,"href":"https:\/\/zonenklaus.de\/wordpress\/index.php?rest_route=\/wp\/v2\/users\/6"}],"replies":[{"embeddable":true,"href":"https:\/\/zonenklaus.de\/wordpress\/index.php?rest_route=%2Fwp%2Fv2%2Fcomments&post=17910"}],"version-history":[{"count":6,"href":"https:\/\/zonenklaus.de\/wordpress\/index.php?rest_route=\/wp\/v2\/posts\/17910\/revisions"}],"predecessor-version":[{"id":17915,"href":"https:\/\/zonenklaus.de\/wordpress\/index.php?rest_route=\/wp\/v2\/posts\/17910\/revisions\/17915"}],"wp:attachment":[{"href":"https:\/\/zonenklaus.de\/wordpress\/index.php?rest_route=%2Fwp%2Fv2%2Fmedia&parent=17910"}],"wp:term":[{"taxonomy":"category","embeddable":true,"href":"https:\/\/zonenklaus.de\/wordpress\/index.php?rest_route=%2Fwp%2Fv2%2Fcategories&post=17910"},{"taxonomy":"post_tag","embeddable":true,"href":"https:\/\/zonenklaus.de\/wordpress\/index.php?rest_route=%2Fwp%2Fv2%2Ftags&post=17910"}],"curies":[{"name":"wp","href":"https:\/\/api.w.org\/{rel}","templated":true}]}}