{"id":17979,"date":"2012-07-04T07:21:01","date_gmt":"2012-07-04T06:21:01","guid":{"rendered":"http:\/\/12decode.de\/zonenklaus\/wordpress\/?p=17979"},"modified":"2012-07-04T07:21:01","modified_gmt":"2012-07-04T06:21:01","slug":"gmx-war-wiedermal-dabei-2","status":"publish","type":"post","link":"https:\/\/zonenklaus.de\/wordpress\/?p=17979","title":{"rendered":"GMX war wiedermal dabei!"},"content":{"rendered":"<p>Was zieht sich denn das Scheffchen der Christsozialisten f\u00fcr einen Dope ein, wenn dort von einer roten Linie gesprochen wird?<br \/>\n<a href=\"http:\/\/12decode.de\/zonenklaus\/wordpress\/wp-content\/uploads\/2012\/07\/IMG_3990-\u00e4.jpg\"><\/a><a href=\"http:\/\/12decode.de\/zonenklaus\/wordpress\/wp-content\/uploads\/2012\/07\/IMG_3990-\u00e4\u00e4.jpg\"><\/a><a href=\"http:\/\/12decode.de\/zonenklaus\/wordpress\/wp-content\/uploads\/2012\/07\/IMG_3990-\u00e4\u00e41.jpg\"><img loading=\"lazy\" decoding=\"async\" class=\"alignleft size-thumbnail wp-image-17983\" src=\"http:\/\/12decode.de\/zonenklaus\/wordpress\/wp-content\/uploads\/2012\/07\/IMG_3990-\u00e4\u00e41-150x125.jpg\" alt=\"\" width=\"150\" height=\"125\" srcset=\"https:\/\/zonenklaus.de\/wordpress\/wp-content\/uploads\/2012\/07\/IMG_3990-\u00e4\u00e41-150x125.jpg 150w, https:\/\/zonenklaus.de\/wordpress\/wp-content\/uploads\/2012\/07\/IMG_3990-\u00e4\u00e41-300x250.jpg 300w, https:\/\/zonenklaus.de\/wordpress\/wp-content\/uploads\/2012\/07\/IMG_3990-\u00e4\u00e41.jpg 607w\" sizes=\"auto, (max-width: 150px) 100vw, 150px\" \/><\/a><\/p>\n<p>Kann es sein, dass der Berichterstatter vielleicht Schwierigkeiten mit der Farbkennung hat?<br \/>\nGut, die Rot-Gr\u00fcn-Sehschw\u00e4che ist mit bekannt, aber eine Rot-Wei\u00df-Problematik kam mir noch nicht zu Ohren.<br \/>\nSollte man die angesprochene Linie nun politisch oder verwarnend werten &#8211; etwaig sogar mit einer bestimmten Droge in Verbindung bringen?<br \/>\nDiese staubigen Br\u00f6sel w\u00e4hren aber nach meinem Daf\u00fcrhalten wei\u00df und nicht rot!<br \/>\n<a href=\"http:\/\/12decode.de\/zonenklaus\/wordpress\/wp-content\/uploads\/2012\/07\/347125\u00e4\u00e4\u00e4\u00e4\u00e4\u00e4\u00e4\u00e4\u00e4\u00e4\u00e4\u00e4.jpg\"><img loading=\"lazy\" decoding=\"async\" class=\"alignleft size-thumbnail wp-image-17986\" src=\"http:\/\/12decode.de\/zonenklaus\/wordpress\/wp-content\/uploads\/2012\/07\/347125\u00e4\u00e4\u00e4\u00e4\u00e4\u00e4\u00e4\u00e4\u00e4\u00e4\u00e4\u00e4-150x105.jpg\" alt=\"\" width=\"150\" height=\"105\" srcset=\"https:\/\/zonenklaus.de\/wordpress\/wp-content\/uploads\/2012\/07\/347125\u00e4\u00e4\u00e4\u00e4\u00e4\u00e4\u00e4\u00e4\u00e4\u00e4\u00e4\u00e4-150x105.jpg 150w, https:\/\/zonenklaus.de\/wordpress\/wp-content\/uploads\/2012\/07\/347125\u00e4\u00e4\u00e4\u00e4\u00e4\u00e4\u00e4\u00e4\u00e4\u00e4\u00e4\u00e4-300x210.jpg 300w, https:\/\/zonenklaus.de\/wordpress\/wp-content\/uploads\/2012\/07\/347125\u00e4\u00e4\u00e4\u00e4\u00e4\u00e4\u00e4\u00e4\u00e4\u00e4\u00e4\u00e4.jpg 512w\" sizes=\"auto, (max-width: 150px) 100vw, 150px\" \/><\/a><\/p>\n<p>Eventuell handelte es sich ja um eine unerkannte hellblaue Linie, die lie\u00dfen sich dann mit gehacktem Viagra sehr leicht erkl\u00e4ren&#8230;<br \/>\nUnter Umst\u00e4nden ist etwas an mir vorbeigegangen&#8230;<br \/>\nMerkw\u00fcrdig&#8230;<\/p>\n","protected":false},"excerpt":{"rendered":"<p>Was zieht sich denn das Scheffchen der Christsozialisten f\u00fcr einen Dope ein, wenn dort von einer roten Linie gesprochen wird? Kann es sein, dass der Berichterstatter vielleicht Schwierigkeiten mit der Farbkennung hat? Gut, die Rot-Gr\u00fcn-Sehschw\u00e4che ist mit bekannt, aber eine Rot-Wei\u00df-Problematik kam mir noch nicht zu Ohren. Sollte man die angesprochene Linie nun politisch oder [&hellip;]<\/p>\n","protected":false},"author":6,"featured_media":0,"comment_status":"open","ping_status":"open","sticky":false,"template":"","format":"standard","meta":{"footnotes":""},"categories":[37],"tags":[],"class_list":["post-17979","post","type-post","status-publish","format-standard","hentry","category-gmx-war-dabei"],"_links":{"self":[{"href":"https:\/\/zonenklaus.de\/wordpress\/index.php?rest_route=\/wp\/v2\/posts\/17979","targetHints":{"allow":["GET"]}}],"collection":[{"href":"https:\/\/zonenklaus.de\/wordpress\/index.php?rest_route=\/wp\/v2\/posts"}],"about":[{"href":"https:\/\/zonenklaus.de\/wordpress\/index.php?rest_route=\/wp\/v2\/types\/post"}],"author":[{"embeddable":true,"href":"https:\/\/zonenklaus.de\/wordpress\/index.php?rest_route=\/wp\/v2\/users\/6"}],"replies":[{"embeddable":true,"href":"https:\/\/zonenklaus.de\/wordpress\/index.php?rest_route=%2Fwp%2Fv2%2Fcomments&post=17979"}],"version-history":[{"count":10,"href":"https:\/\/zonenklaus.de\/wordpress\/index.php?rest_route=\/wp\/v2\/posts\/17979\/revisions"}],"predecessor-version":[{"id":17993,"href":"https:\/\/zonenklaus.de\/wordpress\/index.php?rest_route=\/wp\/v2\/posts\/17979\/revisions\/17993"}],"wp:attachment":[{"href":"https:\/\/zonenklaus.de\/wordpress\/index.php?rest_route=%2Fwp%2Fv2%2Fmedia&parent=17979"}],"wp:term":[{"taxonomy":"category","embeddable":true,"href":"https:\/\/zonenklaus.de\/wordpress\/index.php?rest_route=%2Fwp%2Fv2%2Fcategories&post=17979"},{"taxonomy":"post_tag","embeddable":true,"href":"https:\/\/zonenklaus.de\/wordpress\/index.php?rest_route=%2Fwp%2Fv2%2Ftags&post=17979"}],"curies":[{"name":"wp","href":"https:\/\/api.w.org\/{rel}","templated":true}]}}