{"id":18142,"date":"2012-07-15T23:45:17","date_gmt":"2012-07-15T22:45:17","guid":{"rendered":"http:\/\/12decode.de\/zonenklaus\/wordpress\/?p=18142"},"modified":"2021-11-09T23:28:04","modified_gmt":"2021-11-09T22:28:04","slug":"heute-ab-12-uhr-kein-regen-mehr","status":"publish","type":"post","link":"https:\/\/zonenklaus.de\/wordpress\/?p=18142","title":{"rendered":"Heute ab 12 Uhr kein Regen mehr!"},"content":{"rendered":"<p>Muss ich irgendwo ankreuzen&#8230;<br \/>\nWir machten uns mit U- und S-Bahn in den Norden auf.<br \/>\nIn der Spichernstrasse stieg mittig ein Schwarzen zu, den ein besoffenen Kerl verfolgte von vielleicht 25 Jahren. Lautstark wurde den Mitfahrern lallend kund getan, dass er zwar nichts gegen Ausl\u00e4nder\u00a0 h\u00e4tte, aber zu viel von ihnen hier herumlaufen w\u00fcrden. Dabei sa\u00dfen sie alle, Japaner, T\u00fcrken, ganz junge Araber und alle versuchten ihn zu ignorieren. Aber keiner nahm Partei f\u00fcr den dunkelsten in ihrer Runde, zumal der auch noch betatscht wurde.<br \/>\nWas passierte nun, als ich dem Suffkopp zurief: \u201eHalte endlich deine d\u00e4mliche Schnauze und lass den Typen zufrieden!\u201c<br \/>\nRuckartig drehten sich in meiner N\u00e4he mehrere \u00e4ltere, weibliche Grauchen herum, deren Blicke unisono ausdr\u00fcckten &#8211; \u201eSind sie blo\u00df ruhig, wir wollen hier keinen \u00c4rger haben!\u201c<br \/>\nDer Besoffene blickte erstaunt in meine Richtung und nahm sich etwas zur\u00fcck. Allerdings schaute sich auch der Negro gequ\u00e4lt l\u00e4chelnd nach mir um, mit leichtem Kopfnicken gab ich ihm zu verstehen, dass ich auf seiner Seite stand und bereit war einzugreifen.<br \/>\nAn der n\u00e4chsten Station wechselten alle Asiaten den Waggon, allerdings stiegen zuf\u00e4llig mehrere von ihrer Volksgruppe neuerlich zu. Am Bahnhof Zoo verschwand der stark pigmentierte Mann, wenn ich es richtig sah, tauchte er im n\u00e4chsten Wagen wieder auf&#8230;<br \/>\nDas reduzierte Ges\u00fclze ging weiter, von wegen DEUTSCHER, der Bengel sprach mit einem ganz leichten russischen Akzent. Habe schon \u00f6fters erlebt, dass sich dieses Pack <em>(Ich wei\u00df, Gutmenschen finden diesen Ausdruck politisch nicht korrekt. Auch wenn mir daf\u00fcr ein anderer Begriff einfallen sollte, \u00e4ndert er aber rein gar nichts an der gerade geschilderten Tatsache! In \u00e4hnlichen Situationen, wenn es um den Beistand f\u00fcr schw\u00e4chere Zeitgenossen ging, habe ich noch niemals Sozialromantiker erlebt, die sich konsequent f\u00fcr andere einsetzten. Sie sollten deshalb lieber ihren Sabbel halten und auch im Vorfeld nicht pausenlos mit d\u00e4mliche Spr\u00fcche kommen! Wer bereit zum Handeln ist, der muss bekannterma\u00dfen nicht in jeder Lebenslagen alles mit \u201ewenn\u201c und \u201eaber\u201c kaschieren&#8230;)<\/em> am schlimmsten auff\u00fchrt, wenn sie noch jene harte, sowjetische Sozialisation genie\u00dfen durften.<br \/>\n<a title=\"Lustiger, pneumatisch gesteuerter Schrottkobold von zonenklaus bei Flickr\" href=\"http:\/\/www.flickr.com\/photos\/zonenklaus\/7576984846\/\"><img loading=\"lazy\" decoding=\"async\" class=\"alignleft\" src=\"http:\/\/farm9.staticflickr.com\/8288\/7576984846_a20e8b6a32_s.jpg\" alt=\"Lustiger, pneumatisch gesteuerter Schrottkobold\" width=\"75\" height=\"75\" \/><\/a>Mit den R\u00e4dern gings vom Gesundbrunnen zum Mauerpark, wo von allen das sch\u00f6ne Wetter genossen wurde.<br \/>\nAnschlie\u00dfend radelten wir quer durch sehr \u00f6de Ecken zum \u201eYorkschl\u00f6\u00dfchen\u201c, dort gab es \u201eErnies Sonntagscocktail\u201c f\u00fcr die Lauscher &#8211; der Scheff ohne Fluppe w\u00e4hrend seines Spiels und wie \u00fcblich souver\u00e4n an den Tasten, auch seine beiden G\u00e4ste kamen geil r\u00fcber!<br \/>\nEs lohnt sich in der Heimatseite vom \u201e<a href=\"http:\/\/www.yorckschloesschen.de\/index.htm\">Schl\u00f6\u00dfchen<\/a>\u201c mal etwas herum zu st\u00f6bern, dort sind alle wichtigen Dinge vermerkt!<br \/>\nAllerdings sollte die Rubriken &#8211; <em>Musikalische Freunde unseres Hauses aus Berlin und dem Rest der Welt <\/em><strong>und<\/strong> <em>Stammg\u00e4ste aus drei Jahrzehnten &#8211; eine (unvollst\u00e4ndige + subjektive!) Auswahl <\/em>&#8211; mal wieder \u00fcberarbeitet werden! Etliche der dort aufgef\u00fchrten haben sich n\u00e4mlich schon lange in die ewigen \u201eBlues-Jagdgr\u00fcnde\u201c verabschiedet.<\/p>\n","protected":false},"excerpt":{"rendered":"<p>Muss ich irgendwo ankreuzen&#8230; Wir machten uns mit U- und S-Bahn in den Norden auf. In der Spichernstrasse stieg mittig ein Schwarzen zu, den ein besoffenen Kerl verfolgte von vielleicht 25 Jahren. Lautstark wurde den Mitfahrern lallend kund getan, dass er zwar nichts gegen Ausl\u00e4nder\u00a0 h\u00e4tte, aber zu viel von ihnen hier herumlaufen w\u00fcrden. Dabei [&hellip;]<\/p>\n","protected":false},"author":6,"featured_media":0,"comment_status":"open","ping_status":"open","sticky":false,"template":"","format":"standard","meta":{"footnotes":""},"categories":[1],"tags":[],"class_list":["post-18142","post","type-post","status-publish","format-standard","hentry","category-allgemeines"],"_links":{"self":[{"href":"https:\/\/zonenklaus.de\/wordpress\/index.php?rest_route=\/wp\/v2\/posts\/18142","targetHints":{"allow":["GET"]}}],"collection":[{"href":"https:\/\/zonenklaus.de\/wordpress\/index.php?rest_route=\/wp\/v2\/posts"}],"about":[{"href":"https:\/\/zonenklaus.de\/wordpress\/index.php?rest_route=\/wp\/v2\/types\/post"}],"author":[{"embeddable":true,"href":"https:\/\/zonenklaus.de\/wordpress\/index.php?rest_route=\/wp\/v2\/users\/6"}],"replies":[{"embeddable":true,"href":"https:\/\/zonenklaus.de\/wordpress\/index.php?rest_route=%2Fwp%2Fv2%2Fcomments&post=18142"}],"version-history":[{"count":13,"href":"https:\/\/zonenklaus.de\/wordpress\/index.php?rest_route=\/wp\/v2\/posts\/18142\/revisions"}],"predecessor-version":[{"id":37355,"href":"https:\/\/zonenklaus.de\/wordpress\/index.php?rest_route=\/wp\/v2\/posts\/18142\/revisions\/37355"}],"wp:attachment":[{"href":"https:\/\/zonenklaus.de\/wordpress\/index.php?rest_route=%2Fwp%2Fv2%2Fmedia&parent=18142"}],"wp:term":[{"taxonomy":"category","embeddable":true,"href":"https:\/\/zonenklaus.de\/wordpress\/index.php?rest_route=%2Fwp%2Fv2%2Fcategories&post=18142"},{"taxonomy":"post_tag","embeddable":true,"href":"https:\/\/zonenklaus.de\/wordpress\/index.php?rest_route=%2Fwp%2Fv2%2Ftags&post=18142"}],"curies":[{"name":"wp","href":"https:\/\/api.w.org\/{rel}","templated":true}]}}