{"id":18489,"date":"2012-08-14T05:05:04","date_gmt":"2012-08-14T04:05:04","guid":{"rendered":"http:\/\/12decode.de\/zonenklaus\/wordpress\/?p=18489"},"modified":"2012-08-14T05:05:48","modified_gmt":"2012-08-14T04:05:48","slug":"nobel-geht-hier-die-welt-zugrunde","status":"publish","type":"post","link":"https:\/\/zonenklaus.de\/wordpress\/?p=18489","title":{"rendered":"Nobel geht hier die Welt zugrunde"},"content":{"rendered":"<p>Die Quoten standen wirklich gut!<br \/>\nSchlie\u00dflich gab es Massen (12 Milliarden Menschen auf der hiesigen Erdenscheibe &amp; mehrere Marsbewohner?) die drei Stunden dem lieben Gott Zeit stahlen und sich dieses Londoner Abschlussbrimborium der vergangenen, gut getarnten internationalen Apothekerspiele anschauten.<br \/>\nBerlin will auch wieder mitmischen, <a href=\"http:\/\/www.tagesspiegel.de\/berlin\/selbstbewusste-hauptstadt-berlin-steht-fuer-olympia-2024-bereit\/6992378.html\">allerdings 2014<\/a>!<br \/>\nErst die Freie-Wowereit-Bibliothek, dann das Berliner Stadtschloss &#8211; Ich fasse es nicht! &#8211; Endlich auch ein definitiver Termin f\u00fcr die Taufe des Feldflughafens am Stadtrand, eingebunden in die ganz Gro\u00dfberlin\/Brandenburgische Olympia Zeremonie.<br \/>\nHat UNSER Oberdorfschulze ein Gl\u00fcck! Und der Herr Platzeck erst!<br \/>\nEs lie\u00dfe sich ein Haufen Schotter sparen, wenn man sich entschlie\u00dfen w\u00fcrde und das alte Logo der Olympiabewerbung aus dem Jahre 2000 reaktivierte, jenes<a href=\"http:\/\/12decode.de\/zonenklaus\/wordpress\/wp-content\/uploads\/2012\/08\/2000.jpg\"><img loading=\"lazy\" decoding=\"async\" class=\"alignleft size-thumbnail wp-image-18490\" src=\"http:\/\/12decode.de\/zonenklaus\/wordpress\/wp-content\/uploads\/2012\/08\/2000-150x116.jpg\" alt=\"\" width=\"150\" height=\"116\" srcset=\"https:\/\/zonenklaus.de\/wordpress\/wp-content\/uploads\/2012\/08\/2000-150x116.jpg 150w, https:\/\/zonenklaus.de\/wordpress\/wp-content\/uploads\/2012\/08\/2000-300x232.jpg 300w, https:\/\/zonenklaus.de\/wordpress\/wp-content\/uploads\/2012\/08\/2000.jpg 542w\" sizes=\"auto, (max-width: 150px) 100vw, 150px\" \/><\/a> eines B\u00e4ren mit der Hasenscharte, aber nun mit seiner Gaumenspalte auf der anderen Seite!<br \/>\nNotfalls sollte dazu eine Volksbefragung ins Auge gefasst werden!<br \/>\nHier auch einige Vorschl\u00e4ge wie die sonnt\u00e4gliche Olympia-Abgesang-Show zu toppen w\u00e4re, als Verkn\u00fcpfung zur Vergangenheit &#8211; 88 Jahre retour.<br \/>\nOh, fuck!<br \/>\nGeht nicht, wegen der magischen Zahl f\u00fcr Rechte!<br \/>\nVielleicht merkt es ja niemand.<br \/>\nImmer diese aufgeplusterten, arschteuren, stinkenden Illuminationsgewitter am n\u00e4chtlichen Firmament. Bin mehr f\u00fcr die konservative Beschaulichkeit &#8211; back to the roots! Allerdings auch mit dem entsprechenden Liedgut, von <a href=\"http:\/\/www.youtube.com\/watch?v=LFKM2VYDPjg\">Zarah Leander<\/a> bis \u201eStoney Beton and his five M\u00f6rtels\u201c und <a href=\"http:\/\/www.youtube.com\/watch?v=DYfqqZm3mjY&amp;feature=related\">Maffay<\/a> und <a href=\"http:\/\/www.youtube.com\/watch?v=queDnG9ZeNk\">Wester-M\u00fcllernhagen<\/a> und und und&#8230;<br \/>\nDazu stille, grazile Lichtdome aus Flakscheinwerfern vom Typ &#8211; Varta Volkssturm<strong>*<\/strong> &#8211; nach uralten Rezepten von Albert Speer&#8230;<br \/>\nVielleicht k\u00f6nnten sogar einige Urenkel alliierter Piloten in nostalgischen \u201e<a href=\"http:\/\/de.wikipedia.org\/wiki\/Avro_Lancaster\">Lancastern<\/a>\u201c und in <a href=\"http:\/\/de.wikipedia.org\/wiki\/Consolidated_B-24\">B-17 bis 29<\/a> \u00fcber Berlin Christb\u00e4ume setzen&#8230;<\/p>\n<p>*(Aus <a href=\"http:\/\/www.youtube.com\/watch?v=ORgsstGBWhU\">Stenkelfeld<\/a>)<\/p>\n","protected":false},"excerpt":{"rendered":"<p>Die Quoten standen wirklich gut! Schlie\u00dflich gab es Massen (12 Milliarden Menschen auf der hiesigen Erdenscheibe &amp; mehrere Marsbewohner?) die drei Stunden dem lieben Gott Zeit stahlen und sich dieses Londoner Abschlussbrimborium der vergangenen, gut getarnten internationalen Apothekerspiele anschauten. Berlin will auch wieder mitmischen, allerdings 2014! Erst die Freie-Wowereit-Bibliothek, dann das Berliner Stadtschloss &#8211; Ich [&hellip;]<\/p>\n","protected":false},"author":6,"featured_media":0,"comment_status":"open","ping_status":"open","sticky":false,"template":"","format":"standard","meta":{"footnotes":""},"categories":[22],"tags":[],"class_list":["post-18489","post","type-post","status-publish","format-standard","hentry","category-der-tagesspiegel"],"_links":{"self":[{"href":"https:\/\/zonenklaus.de\/wordpress\/index.php?rest_route=\/wp\/v2\/posts\/18489","targetHints":{"allow":["GET"]}}],"collection":[{"href":"https:\/\/zonenklaus.de\/wordpress\/index.php?rest_route=\/wp\/v2\/posts"}],"about":[{"href":"https:\/\/zonenklaus.de\/wordpress\/index.php?rest_route=\/wp\/v2\/types\/post"}],"author":[{"embeddable":true,"href":"https:\/\/zonenklaus.de\/wordpress\/index.php?rest_route=\/wp\/v2\/users\/6"}],"replies":[{"embeddable":true,"href":"https:\/\/zonenklaus.de\/wordpress\/index.php?rest_route=%2Fwp%2Fv2%2Fcomments&post=18489"}],"version-history":[{"count":14,"href":"https:\/\/zonenklaus.de\/wordpress\/index.php?rest_route=\/wp\/v2\/posts\/18489\/revisions"}],"predecessor-version":[{"id":18504,"href":"https:\/\/zonenklaus.de\/wordpress\/index.php?rest_route=\/wp\/v2\/posts\/18489\/revisions\/18504"}],"wp:attachment":[{"href":"https:\/\/zonenklaus.de\/wordpress\/index.php?rest_route=%2Fwp%2Fv2%2Fmedia&parent=18489"}],"wp:term":[{"taxonomy":"category","embeddable":true,"href":"https:\/\/zonenklaus.de\/wordpress\/index.php?rest_route=%2Fwp%2Fv2%2Fcategories&post=18489"},{"taxonomy":"post_tag","embeddable":true,"href":"https:\/\/zonenklaus.de\/wordpress\/index.php?rest_route=%2Fwp%2Fv2%2Ftags&post=18489"}],"curies":[{"name":"wp","href":"https:\/\/api.w.org\/{rel}","templated":true}]}}