{"id":18516,"date":"2012-08-20T23:05:26","date_gmt":"2012-08-20T22:05:26","guid":{"rendered":"http:\/\/12decode.de\/zonenklaus\/wordpress\/?p=18516"},"modified":"2025-04-17T15:20:19","modified_gmt":"2025-04-17T14:20:19","slug":"alles-schleeft-keinar-wacht","status":"publish","type":"post","link":"https:\/\/zonenklaus.de\/wordpress\/?p=18516","title":{"rendered":"Alles Schleeft, Einar wacht!"},"content":{"rendered":"<p>Heute bekam ich den Auftrag in meinem Gekrusche herumzuw\u00fchlen, da die Dame des Hauses zwei wichtige Kopien vermisste und sie der Hoffnung aufsa\u00df, sie w\u00fcrden sich bei mir anfinden. Alles m\u00f6gliche Zeugs fiel in meine Krallen aber keine der beiden Ablichtungen.<br \/>\nEin belangloser Brief von Einar Schleef erinnerte mich an das begonnene Geschreibsel von gestern, er bedankte sich f\u00fcr Kopien, sie betrafen eine kurze <a href=\"https:\/\/www.flickr.com\/photos\/zonenklaus\/albums\/72157630882699954\/with\/7703828960\">Chronik von Sangerhausen<\/a>.<br \/>\nLetzten Freitag besuchte ich das Spengler-Museum in Sangerhausen, was eigentlich letzten November schon vorgesehen ward. Alles lief unter ganz falschen Vorstellungen ab, da mir die Tante an der Kasse versicherte, es w\u00fcrde sich um seine ber\u00fchmte Ausstellung mit dem Reliefstadtplan seines Geburtsortes handeln, wie bereits in den 80ern im Rathaus Sch\u00f6neberg gesehen.<br \/>\nWas fand ich aber dort vor?<br \/>\nEine verwinkelte, etwas gr\u00f6\u00dfere Besenkammer mehr schlecht als recht best\u00fcckt mit Fotos aus dem Suhrkamp-B\u00fcchlein&#8230;<br \/>\nGleich links in dem flur\u00e4hnlichen Gang hing seine Betrachtung der verschiedenen Interpretationen von <em>Zuhause<\/em>.<br \/>\nGeradezu an der gegen\u00fcberliegenden Wand steht linksseitig ein Monstrum f\u00fcr Bild und Ton, hinten rechts ein Monitor an der Wand, gleich um die Ecke der n\u00e4chste. Beide plapperten unentwegt, wobei der im anderen Raum sehr laute Ger\u00e4usche ablie\u00df von Auff\u00fchrungen aus Frankfurter Zeiten.<br \/>\nNat\u00fcrlich befanden sich keine Sitzgelegenheiten vor den Bildschirmen, deshalb setzte ich mich hin und sah aus jener Perspektive diese merkw\u00fcrdigen Biographie an.<br \/>\nDann erschien eine Familie mit mehreren G\u00f6ren, alle st\u00fcrzten sofort zur Audio-Video-Kiste, nun pl\u00e4rrte es von drei verschiedenen Seiten&#8230;<br \/>\nAls zeitloses Wesen war mir nicht so richtig klar, wie lange der merkw\u00fcrdige Streifen lief, in dem Schleef ewig etwas ablie\u00df.<br \/>\nAls die Schleife von vorn begann, \u00fcberkam es mich doch etwas, denn eine Stimme sagte ungef\u00e4hr folgendes: \u201eEinar Schleef wurde 1944 in Sangerhausen, in der ehemaligen DDR, geboren&#8230;\u201c<br \/>\nH\u00e4\u00e4hhh? <a href=\"https:\/\/zonenklaus.de\/wordpress\/wp-content\/uploads\/2012\/08\/SCHLEEF.mp3\">Nachtrag!<\/a><br \/>\nKein Wunder, ab und zu schaue ich ja mal in die Hausseite vom Verein, da hocken mit Bestimmtheit viele ganz <em><strong>wichtige Leute<\/strong><\/em>, denen zu Zonenzeiten Einar vollkommen unbekannt war, vielleicht sogar mancher darunter, der seinen Namen noch nicht mal richtig schreiben kann &#8211; dies hat <strong>E. S.<\/strong> nun wirklich nicht verdient! Haben bestimmt auch vergessen, in welchem Zustand sich sein Grab jahrelang befand. Irgendwann schrieb ich mit einem sehr fetten Edding auf die Einfriedung: <em><a href=\"http:\/\/12decode.de\/zonenklaus\/wordpress\/?p=8739#more-8739\">Alles Schleeft, Einar wacht!<\/a> <\/em>&#8211; so als Wink mit dem Zaunpfahl, f\u00fcr all die Leute, welche auf der Suche nach seiner letzten \u201eRuhest\u00e4tte\u201c dort umherirren&#8230;<br \/>\nHier abschlie\u00dfend noch ein Artikel aus der <a href=\"http:\/\/www.faz.net\/aktuell\/feuilleton\/buecher\/rezensionen\/sachbuch\/theater-von-unten-1163728.html\">FAZ<\/a>, vom 30.04.2004.<br \/>\nDer Autor schien von einem intellektuellen <a href=\"http:\/\/www.sprachnudel.de\/woerterbuch\/spr%FChfurz\">Spr\u00fchfurz<\/a> \u00fcbermannt worden, hartleibig w\u00e4re es bestimmt nicht m\u00f6glich gewesen, sich so d\u00fcnnfl\u00fcssig auszulassen &#8211; man kann den Schreiberling noch nicht mal als Deppen bezeichnen, schlie\u00dflich zog er nur \u00fcber einen Antipoden von Einar her, der in Sanger<em><strong>s<\/strong><\/em>hausen geboren wurde&#8230;<\/p>\n","protected":false},"excerpt":{"rendered":"<p>Heute bekam ich den Auftrag in meinem Gekrusche herumzuw\u00fchlen, da die Dame des Hauses zwei wichtige Kopien vermisste und sie der Hoffnung aufsa\u00df, sie w\u00fcrden sich bei mir anfinden. Alles m\u00f6gliche Zeugs fiel in meine Krallen aber keine der beiden Ablichtungen. Ein belangloser Brief von Einar Schleef erinnerte mich an das begonnene Geschreibsel von gestern, [&hellip;]<\/p>\n","protected":false},"author":6,"featured_media":0,"comment_status":"open","ping_status":"open","sticky":false,"template":"","format":"standard","meta":{"footnotes":""},"categories":[32],"tags":[],"class_list":["post-18516","post","type-post","status-publish","format-standard","hentry","category-sangerhausen"],"_links":{"self":[{"href":"https:\/\/zonenklaus.de\/wordpress\/index.php?rest_route=\/wp\/v2\/posts\/18516","targetHints":{"allow":["GET"]}}],"collection":[{"href":"https:\/\/zonenklaus.de\/wordpress\/index.php?rest_route=\/wp\/v2\/posts"}],"about":[{"href":"https:\/\/zonenklaus.de\/wordpress\/index.php?rest_route=\/wp\/v2\/types\/post"}],"author":[{"embeddable":true,"href":"https:\/\/zonenklaus.de\/wordpress\/index.php?rest_route=\/wp\/v2\/users\/6"}],"replies":[{"embeddable":true,"href":"https:\/\/zonenklaus.de\/wordpress\/index.php?rest_route=%2Fwp%2Fv2%2Fcomments&post=18516"}],"version-history":[{"count":13,"href":"https:\/\/zonenklaus.de\/wordpress\/index.php?rest_route=\/wp\/v2\/posts\/18516\/revisions"}],"predecessor-version":[{"id":43784,"href":"https:\/\/zonenklaus.de\/wordpress\/index.php?rest_route=\/wp\/v2\/posts\/18516\/revisions\/43784"}],"wp:attachment":[{"href":"https:\/\/zonenklaus.de\/wordpress\/index.php?rest_route=%2Fwp%2Fv2%2Fmedia&parent=18516"}],"wp:term":[{"taxonomy":"category","embeddable":true,"href":"https:\/\/zonenklaus.de\/wordpress\/index.php?rest_route=%2Fwp%2Fv2%2Fcategories&post=18516"},{"taxonomy":"post_tag","embeddable":true,"href":"https:\/\/zonenklaus.de\/wordpress\/index.php?rest_route=%2Fwp%2Fv2%2Ftags&post=18516"}],"curies":[{"name":"wp","href":"https:\/\/api.w.org\/{rel}","templated":true}]}}