{"id":18931,"date":"2012-09-29T23:02:12","date_gmt":"2012-09-29T22:02:12","guid":{"rendered":"http:\/\/12decode.de\/zonenklaus\/wordpress\/?p=18931"},"modified":"2012-09-30T09:56:56","modified_gmt":"2012-09-30T08:56:56","slug":"wo-soll-ich-hier-etwas-positivieren-konnen","status":"publish","type":"post","link":"https:\/\/zonenklaus.de\/wordpress\/?p=18931","title":{"rendered":"Wo soll ich hier etwas positivieren k\u00f6nnen ?"},"content":{"rendered":"<p>Heute kam von der Spardose ein Schrieb &#8211; alles wird demn\u00e4chst besser, sch\u00f6ner, bunter, voller Vorteile &#8211; nat\u00fcrlich nur f\u00fcr mich!<\/p>\n<p><a href=\"http:\/\/12decode.de\/zonenklaus\/wordpress\/wp-content\/uploads\/2012\/09\/Kasse-1-\u00e41.jpg\"><img loading=\"lazy\" decoding=\"async\" class=\"alignleft size-medium wp-image-18935\" src=\"http:\/\/12decode.de\/zonenklaus\/wordpress\/wp-content\/uploads\/2012\/09\/Kasse-1-\u00e41-214x300.jpg\" alt=\"\" width=\"214\" height=\"300\" srcset=\"https:\/\/zonenklaus.de\/wordpress\/wp-content\/uploads\/2012\/09\/Kasse-1-\u00e41-214x300.jpg 214w, https:\/\/zonenklaus.de\/wordpress\/wp-content\/uploads\/2012\/09\/Kasse-1-\u00e41-107x150.jpg 107w, https:\/\/zonenklaus.de\/wordpress\/wp-content\/uploads\/2012\/09\/Kasse-1-\u00e41-732x1024.jpg 732w, https:\/\/zonenklaus.de\/wordpress\/wp-content\/uploads\/2012\/09\/Kasse-1-\u00e41.jpg 1241w\" sizes=\"auto, (max-width: 214px) 100vw, 214px\" \/><\/a><a href=\"http:\/\/12decode.de\/zonenklaus\/wordpress\/wp-content\/uploads\/2012\/09\/kasse-21.jpg\"><img loading=\"lazy\" decoding=\"async\" class=\"alignleft size-medium wp-image-18936\" src=\"http:\/\/12decode.de\/zonenklaus\/wordpress\/wp-content\/uploads\/2012\/09\/kasse-21-213x300.jpg\" alt=\"\" width=\"213\" height=\"300\" srcset=\"https:\/\/zonenklaus.de\/wordpress\/wp-content\/uploads\/2012\/09\/kasse-21-213x300.jpg 213w, https:\/\/zonenklaus.de\/wordpress\/wp-content\/uploads\/2012\/09\/kasse-21-106x150.jpg 106w, https:\/\/zonenklaus.de\/wordpress\/wp-content\/uploads\/2012\/09\/kasse-21-727x1024.jpg 727w, https:\/\/zonenklaus.de\/wordpress\/wp-content\/uploads\/2012\/09\/kasse-21.jpg 1241w\" sizes=\"auto, (max-width: 213px) 100vw, 213px\" \/><\/a><br \/>\nIiiiigittttt.<br \/>\n<em>&#8230;ab dem 1. 1. 2013 bieten vor dem dem Hintergrund unserer Optimierung unserer Produktpalette das von Ihnen genutzte Girokonto nicht mehr an. Daf\u00fcr bitten wir um Ihr Verst\u00e4ndnis. <\/em><br \/>\nDaf\u00fcr k\u00f6nnte ich Mister Unbekannt in seine Eier latschen, wegen des zu erwartenden Verst\u00e4ndnisses&#8230;<br \/>\nMache ich aber nicht, weil seit einiger Zeit zwei kosteng\u00fcnstigere Konditionsmodelle auf dem Schn\u00e4ppchentisch &#8211; wie bei RUDIS RESTERAMPE &#8211; offeriert werden.<br \/>\n8 Wochen h\u00e4tte ich sogar Zeit, zwischen Pest und Cholera zu w\u00e4hlen.<br \/>\nAls Kirchenaustreter danke ich meinem verblichenen Gott!<br \/>\n<em>(Viele Jahre nach dem Anschluss erfuhr ich durch Stasi-Methoden, von konfessionellen B\u00fcrokraten, dass man mich als Frischling bereits traumatisiert hatte.) <\/em><br \/>\nInformationen \u00fcber das neue Girokonto Comfort (<em>Fr\u00fcher wurde Comfort mit \u201eK\u201c geschrieben, da war au\u00dferdem Komfort noch Komfort &#8211; in Ost und West &#8211; in fast allen Lebenslagen!)<\/em><br \/>\nHeute habe ich \u201eComfort\u201c und wei\u00df mit der gro\u00dfen G\u00fcte \u00fcberhaupt nichts mehr anzufangen und dies hat absolut nichts mit meinem Alter zu tun!<br \/>\nFR\u00dcHER muss ich nochmals benutzen, meine damit nicht die Zeiten unter Herrn Kaiser oder Adolf dem G\u00fctigen.<br \/>\nNeeee!<br \/>\nFr\u00fchere Westzeiten, so ab Mitte \u00b476, da wurde jeder Wisch der Spardose von dem Knecht am Tresen unterzeichnet, mit dem ich so manches mal auch Auge um Auge konferieren durfte.<br \/>\nHeute werde ich vom Bildschirm aus begr\u00fc\u00dft und unter den tausendfachen Kopien prangt: Heinz Helmut M\u00fcller<em> (Meinen Vornamen finde ich schon Schei\u00dfe, aber He-He, na ich wei\u00df nicht.)<\/em> der froh sein kann, dass er nicht Meier hei\u00dft. Trotzdem hat Ihmchen es schon bis zum Abteilungsleiter geschafft. \u00dcber seinem Spannemann auf dem Schrieb will ich nicht gro\u00df etwas ablassen. Meiner Ansicht nach (als Westentaschen-Graphologe), h\u00e4tte der sich bei mir bis kurz vor der Pension als Hauptpr\u00e4sidentenoberscheffportier bew\u00e4hren d\u00fcrfen und dort mit seinem Titel &#8211; Produktmanager &#8211; alte Omis bezirzen k\u00f6nnen.<br \/>\nZumindest m\u00fcsste es fast allen Ostlern aufgegangen sein, wegen des 40-j\u00e4hrigen Vorlaufs, dass die<br \/>\nFunktion der Parteisekret\u00e4re hier im Westen BWL-ler oder Produktmanager \u00fcbernahmen und die haben wie damals &#8211; eins sehr viel &#8211; n\u00e4mlich wenig Ahnung.<br \/>\nUnd da soll ich mir nicht verschei\u00dfert vorkommen?<\/p>\n","protected":false},"excerpt":{"rendered":"<p>Heute kam von der Spardose ein Schrieb &#8211; alles wird demn\u00e4chst besser, sch\u00f6ner, bunter, voller Vorteile &#8211; nat\u00fcrlich nur f\u00fcr mich! Iiiiigittttt. &#8230;ab dem 1. 1. 2013 bieten vor dem dem Hintergrund unserer Optimierung unserer Produktpalette das von Ihnen genutzte Girokonto nicht mehr an. Daf\u00fcr bitten wir um Ihr Verst\u00e4ndnis. Daf\u00fcr k\u00f6nnte ich Mister Unbekannt [&hellip;]<\/p>\n","protected":false},"author":6,"featured_media":0,"comment_status":"open","ping_status":"open","sticky":false,"template":"","format":"standard","meta":{"footnotes":""},"categories":[1],"tags":[],"class_list":["post-18931","post","type-post","status-publish","format-standard","hentry","category-allgemeines"],"_links":{"self":[{"href":"https:\/\/zonenklaus.de\/wordpress\/index.php?rest_route=\/wp\/v2\/posts\/18931","targetHints":{"allow":["GET"]}}],"collection":[{"href":"https:\/\/zonenklaus.de\/wordpress\/index.php?rest_route=\/wp\/v2\/posts"}],"about":[{"href":"https:\/\/zonenklaus.de\/wordpress\/index.php?rest_route=\/wp\/v2\/types\/post"}],"author":[{"embeddable":true,"href":"https:\/\/zonenklaus.de\/wordpress\/index.php?rest_route=\/wp\/v2\/users\/6"}],"replies":[{"embeddable":true,"href":"https:\/\/zonenklaus.de\/wordpress\/index.php?rest_route=%2Fwp%2Fv2%2Fcomments&post=18931"}],"version-history":[{"count":9,"href":"https:\/\/zonenklaus.de\/wordpress\/index.php?rest_route=\/wp\/v2\/posts\/18931\/revisions"}],"predecessor-version":[{"id":18942,"href":"https:\/\/zonenklaus.de\/wordpress\/index.php?rest_route=\/wp\/v2\/posts\/18931\/revisions\/18942"}],"wp:attachment":[{"href":"https:\/\/zonenklaus.de\/wordpress\/index.php?rest_route=%2Fwp%2Fv2%2Fmedia&parent=18931"}],"wp:term":[{"taxonomy":"category","embeddable":true,"href":"https:\/\/zonenklaus.de\/wordpress\/index.php?rest_route=%2Fwp%2Fv2%2Fcategories&post=18931"},{"taxonomy":"post_tag","embeddable":true,"href":"https:\/\/zonenklaus.de\/wordpress\/index.php?rest_route=%2Fwp%2Fv2%2Ftags&post=18931"}],"curies":[{"name":"wp","href":"https:\/\/api.w.org\/{rel}","templated":true}]}}