{"id":19021,"date":"2012-10-08T13:08:26","date_gmt":"2012-10-08T12:08:26","guid":{"rendered":"http:\/\/12decode.de\/zonenklaus\/wordpress\/?p=19021"},"modified":"2012-10-08T13:08:26","modified_gmt":"2012-10-08T12:08:26","slug":"die-krise-der-volkswirtschaftslehre","status":"publish","type":"post","link":"https:\/\/zonenklaus.de\/wordpress\/?p=19021","title":{"rendered":"Die Krise der Volkswirtschaftslehre"},"content":{"rendered":"<p>Dieser gef\u00e4llige Artikel ist nichts weltbewegendes. Aber f\u00fcr Leute, die ganz am Rande etwas \u00fcber gewisse Zw\u00e4nge in der \u00d6konomie erfahren wollen, kann er als (sachter \u2194 fragw\u00fcrdiger) Einstieg gewertet werden&#8230;<\/p>\n<p>Olaf Storbeck und Norbert H\u00e4ring wollten scheinbar in einer spiritistische Sitzung den Kontakt zu<br \/>\ndem lange verblichenen Schotten aufnehmen, vielleicht sogar in den Katakomben von Fort Knox. Deshalb die hilflose Fragestellung: \u201e<a href=\"http:\/\/www.handelsblatt.com\/politik\/oekonomie\/nachrichten\/die-krise-der-volkswirtschaftslehre-was-nun-herr-smith-seite-all\/7188670-all.html\">Was nun, Herr Smith?<\/a>\u201c &#8211; dabei h\u00e4tten es die Jungs eigentlich belassen sollen! Auf der anderen Seite gilt Adam S., besonders in Kreisen von neoliberalen Wachstumsfetischisten, immer noch als deren Prophet und daher r\u00fchrt auch dieser unersch\u00fctterliche Glaube an jene imagin\u00e4ren Selbstheilungskr\u00e4fte der M\u00e4rkte&#8230;<br \/>\nKlar!<br \/>\nDas Geld liegt massenhaft auf der Stra\u00dfe herum, man muss sich nur danach b\u00fccken! &#8230;<br \/>\n<em>(Genosse Steinbr\u00fcck ist daf\u00fcr der lebende Beweis. Wer etwas ver\u00e4ndern oder regulieren m\u00f6chte, sei es nur f\u00fcr sich, der muss einfach seinen Finger aus dem Arsch ziehen und loslegen! Ist doch alles ganz einfach, den Rest regelt wirklich der Markt und zwar in allen Lebenslagen!)<\/em><br \/>\nAnfangs taucht irgendwo der folgende Satz auf: <em>\u201eIn den vergangenen 200 Jahren ist der Wohlstand der Nationen in einer schier unvorstellbaren Weise explodiert.\u201c<\/em><br \/>\n&#8211; Deshalb haben WIR uns ganz nebenbei auch zwei Weltkriege geleistet&#8230;<br \/>\nLustigerweise darf sich der Berliner Makro\u00f6konom Michael Burda als Sparwitzverk\u00fcnder produzieren.<br \/>\n<em>\u201eMan muss erst einmal die Basismodelle gelernt und verstanden haben. Dann hat man das intellektuelle Handwerkszeug, um sie kritisieren zu k\u00f6nnen.\u201c Burda sieht keinen Reformbedarf f\u00fcr sein Fach &#8211; der Ball liege bei der Politik, die auf die falschen oder gar nicht auf \u00d6konomen h\u00f6ren.<\/em><br \/>\n&#8211; Der Joke klemmt aber m\u00e4chtig.<br \/>\nNun ist Politik bekanntlich der Spielraum den das Kapital l\u00e4sst. Dies kann jeder weltweit am synchronen Einsatz von Politikern nebst Lobbyistenmeute beobachten. Da existieren nur unbedeutende Abweichungen, deren Verschiedenartigkeit lediglich aus historisch gewachsenen Strukturen der einzelnen Staaten herr\u00fchren.<br \/>\nDeshalb sind alle Ergebnisse jene Marionetten vollkommen \u00fcbereinstimmend, wenn sie zum Wohlgefallen des Kapital deren Vorgaben umsetzen.<br \/>\nNat\u00fcrlich darf John Maynard Keynes nicht fehlen, die L\u00e4nge seiner immer wieder angebrachten Zitate reichen in 12-Punktschrift bestimmt bis zum Mond&#8230;<br \/>\nDabei k\u00f6nnte man gewisse Teile seine Schrift &#8211; \u201eDie wirtschaftlichen Folgen des Friedensvertrages\u201c &#8211; in der jetzigen Situation auf Griechenland und Spanien \u00fcbertragen&#8230;<br \/>\nAber wer will das schon versuchen?<br \/>\nSchlie\u00dflich sollten die Folgen nach dem Vertrag von Versailles hinreichend bekannt sein!<br \/>\nOder wurde bereits alles vergessen?<br \/>\nNa dann m\u00fcssen WIR es nochmals durchleben\u201c<\/p>\n","protected":false},"excerpt":{"rendered":"<p>Dieser gef\u00e4llige Artikel ist nichts weltbewegendes. Aber f\u00fcr Leute, die ganz am Rande etwas \u00fcber gewisse Zw\u00e4nge in der \u00d6konomie erfahren wollen, kann er als (sachter \u2194 fragw\u00fcrdiger) Einstieg gewertet werden&#8230; Olaf Storbeck und Norbert H\u00e4ring wollten scheinbar in einer spiritistische Sitzung den Kontakt zu dem lange verblichenen Schotten aufnehmen, vielleicht sogar in den Katakomben [&hellip;]<\/p>\n","protected":false},"author":6,"featured_media":0,"comment_status":"open","ping_status":"open","sticky":false,"template":"","format":"standard","meta":{"footnotes":""},"categories":[1],"tags":[],"class_list":["post-19021","post","type-post","status-publish","format-standard","hentry","category-allgemeines"],"_links":{"self":[{"href":"https:\/\/zonenklaus.de\/wordpress\/index.php?rest_route=\/wp\/v2\/posts\/19021","targetHints":{"allow":["GET"]}}],"collection":[{"href":"https:\/\/zonenklaus.de\/wordpress\/index.php?rest_route=\/wp\/v2\/posts"}],"about":[{"href":"https:\/\/zonenklaus.de\/wordpress\/index.php?rest_route=\/wp\/v2\/types\/post"}],"author":[{"embeddable":true,"href":"https:\/\/zonenklaus.de\/wordpress\/index.php?rest_route=\/wp\/v2\/users\/6"}],"replies":[{"embeddable":true,"href":"https:\/\/zonenklaus.de\/wordpress\/index.php?rest_route=%2Fwp%2Fv2%2Fcomments&post=19021"}],"version-history":[{"count":14,"href":"https:\/\/zonenklaus.de\/wordpress\/index.php?rest_route=\/wp\/v2\/posts\/19021\/revisions"}],"predecessor-version":[{"id":19035,"href":"https:\/\/zonenklaus.de\/wordpress\/index.php?rest_route=\/wp\/v2\/posts\/19021\/revisions\/19035"}],"wp:attachment":[{"href":"https:\/\/zonenklaus.de\/wordpress\/index.php?rest_route=%2Fwp%2Fv2%2Fmedia&parent=19021"}],"wp:term":[{"taxonomy":"category","embeddable":true,"href":"https:\/\/zonenklaus.de\/wordpress\/index.php?rest_route=%2Fwp%2Fv2%2Fcategories&post=19021"},{"taxonomy":"post_tag","embeddable":true,"href":"https:\/\/zonenklaus.de\/wordpress\/index.php?rest_route=%2Fwp%2Fv2%2Ftags&post=19021"}],"curies":[{"name":"wp","href":"https:\/\/api.w.org\/{rel}","templated":true}]}}