{"id":19059,"date":"2012-10-09T23:27:40","date_gmt":"2012-10-09T22:27:40","guid":{"rendered":"http:\/\/12decode.de\/zonenklaus\/wordpress\/?p=19059"},"modified":"2012-10-10T01:44:31","modified_gmt":"2012-10-10T00:44:31","slug":"keine-90-minuten-vor-der-glotze","status":"publish","type":"post","link":"https:\/\/zonenklaus.de\/wordpress\/?p=19059","title":{"rendered":"Keine 90 Minuten vor der Glotze"},"content":{"rendered":"<p>Es wurde ein recht kurzer Fernsehabend.<br \/>\nDabei begann er vielversprechend mit <a href=\"http:\/\/www.3sat.de\/mediathek\/?display=1&amp;mode=play&amp;obj=32868\">Tom Tykwer<\/a> auf Kulturzeit. Er geh\u00f6rt f\u00fcr mich zu den wenigen K\u00fcnstlern, die vor Ort mit ihrer Knete etwas ausrichten.<br \/>\nWenn ich an die tr\u00e4llernde Zunft denke, deren Angeh\u00f6rige zwar \u00fcberall auftauchen wenn irgendwo Protest angesagt ist, dann mit Betroffenheitslyrik die Leute nerven &#8211; zwischendurch pausenlos dummschw\u00e4tzen &#8211; damit zwangsl\u00e4ufig ihre Plattenums\u00e4tze steigen und anschlie\u00dfend daf\u00fcr auch noch die Knechte der GEMA in Anspruch nehmen&#8230;Brrrrrr<br \/>\nW\u00e4hrend der Nachrichten gab es noch nicht mal eine vern\u00fcnftige Panikmeldung, nur die \u00fcbliche Verarsche. Mir fiel auf, dass bei \u00c4nschies Rede weder die Decke des Saales gezeigt wurde, vielleicht haben sich die Balken gebogen &#8211; keinesfalls h\u00fcpfte sie heute hinter dem Rednerpult umher &#8211;\u00a0 ebenso kamen in entscheidenden Momenten ihre H\u00e4nde \u00fcberhaupt nicht ins Bild, da sie ja sonst alle rhythmisch als <a href=\"http:\/\/www.google.de\/imgres?q=zeigefinger+daumen+kreis&amp;hl=de&amp;sa=X&amp;biw=1280&amp;bih=599&amp;tbm=isch&amp;prmd=imvnsfd&amp;tbnid=G_MgtFF5KUlCdM:&amp;imgrefurl=http:\/\/www.asklubo.com\/de\/unterhaltung\/beleidigende-gesten-international-aufgepasst&amp;docid=Q5HCF_RNSz4_9M&amp;imgurl=http:\/\/www.asklubo.com\/uploads\/attachments\/published\/20\/5011\/de\/beleidigende-gesten.jpg&amp;w=500&amp;h=500&amp;ei=7ax0UL_CHsSxtAazjYCYBw&amp;zoom=1&amp;iact=hc&amp;vpx=231&amp;vpy=261&amp;dur=1261&amp;hovh=225&amp;hovw=225&amp;tx=118&amp;ty=157&amp;sig=104124140198871297205&amp;page=3&amp;tbnh=131&amp;tbnw=131&amp;start=46&amp;ndsp=24&amp;ved=1t:429,r:13,s:46,i:263\">Arschl\u00f6cher<\/a> betitelt. Vielleicht befanden die sich hinter ihrem R\u00fccken und der Mittelfinger lag verschr\u00e4nkt \u00fcber dem ausgestreckten Zeigefinger&#8230;<br \/>\nAbschlie\u00dfend kam noch ein gemeinsamer Spaziergang mit ihrem Gastgeber, alles ohne Ton&#8230;<br \/>\nBeim Auftritt des U-Ministers redete der Sprecher ewig vom \u201eRunden Tisch\u201c, jeder sah die eckige Anordnung. <a href=\"http:\/\/12decode.de\/zonenklaus\/wordpress\/wp-content\/uploads\/2012\/10\/IMG_5620-\u00e4.jpg\"><img loading=\"lazy\" decoding=\"async\" class=\"alignleft size-thumbnail wp-image-19060\" src=\"http:\/\/12decode.de\/zonenklaus\/wordpress\/wp-content\/uploads\/2012\/10\/IMG_5620-\u00e4-150x102.jpg\" alt=\"\" width=\"150\" height=\"102\" srcset=\"https:\/\/zonenklaus.de\/wordpress\/wp-content\/uploads\/2012\/10\/IMG_5620-\u00e4-150x102.jpg 150w, https:\/\/zonenklaus.de\/wordpress\/wp-content\/uploads\/2012\/10\/IMG_5620-\u00e4-300x204.jpg 300w, https:\/\/zonenklaus.de\/wordpress\/wp-content\/uploads\/2012\/10\/IMG_5620-\u00e4-1024x698.jpg 1024w, https:\/\/zonenklaus.de\/wordpress\/wp-content\/uploads\/2012\/10\/IMG_5620-\u00e4.jpg 1402w\" sizes=\"auto, (max-width: 150px) 100vw, 150px\" \/><\/a><\/p>\n<p>Deshalb werde ich diese Metapher einfach nur auf die Worte des Herren \u00fcbertragen und sie deshalb zwingend unter Ulk verbuchen!<br \/>\nDa kann er plappern bis zum Sankt Nimmerleinstag<br \/>\n20 Uhr 15 folgte eine gelungene <a href=\"http:\/\/www.rbb-online.de\/doku\/titel_mit_m__n\/n.html\">Dokumentation<\/a>, zu deren Fazit ich aber noch etwas ablassen muss. Anhand der folgenden <a href=\"http:\/\/www.spiegel.de\/thema\/contergan_skandal\/\">Artikeln<\/a> kann sich jeder ausrechnen, wann und wie mal irgendetwas passieren wird, inbegriffen ist da bereits die biologischen <em>Endl\u00f6sung<\/em>&#8230;<br \/>\nWesentlich wichtiger wird es in den kommenden Jahren sein, Banker<em>te<\/em> weitere hunderte Milliarden in ihre fetten \u00c4rsche zuschieben, als einige Peanuts mal abzuzweigen.<br \/>\nBeim darauffolgenden Beitrag sollte es sich auch um einen <a href=\"http:\/\/www.ardmediathek.de\/das-erste\/reportage-dokumentation\/vier-wochen-asyl-ein-selbstversuch-mit-rueckkehrrecht?documentId=11732774\">Dokfilm<\/a> handeln, ich musste nach 15 Minuten abschalten. Was wollten jene Macher mit dieser schr\u00e4gen Betroffenheitsarie eigentlich bezwecken?<br \/>\nIm \u00fcbertragenen Sinne konnte er als Nachruf auf den verblichenen Mimen durchgehen, der da ewig lallte: \u201eIch bin ein Star &#8211; Holt mich hier raus!\u201c<\/p>\n","protected":false},"excerpt":{"rendered":"<p>Es wurde ein recht kurzer Fernsehabend. Dabei begann er vielversprechend mit Tom Tykwer auf Kulturzeit. Er geh\u00f6rt f\u00fcr mich zu den wenigen K\u00fcnstlern, die vor Ort mit ihrer Knete etwas ausrichten. Wenn ich an die tr\u00e4llernde Zunft denke, deren Angeh\u00f6rige zwar \u00fcberall auftauchen wenn irgendwo Protest angesagt ist, dann mit Betroffenheitslyrik die Leute nerven &#8211; [&hellip;]<\/p>\n","protected":false},"author":6,"featured_media":0,"comment_status":"open","ping_status":"open","sticky":false,"template":"","format":"standard","meta":{"footnotes":""},"categories":[1],"tags":[],"class_list":["post-19059","post","type-post","status-publish","format-standard","hentry","category-allgemeines"],"_links":{"self":[{"href":"https:\/\/zonenklaus.de\/wordpress\/index.php?rest_route=\/wp\/v2\/posts\/19059","targetHints":{"allow":["GET"]}}],"collection":[{"href":"https:\/\/zonenklaus.de\/wordpress\/index.php?rest_route=\/wp\/v2\/posts"}],"about":[{"href":"https:\/\/zonenklaus.de\/wordpress\/index.php?rest_route=\/wp\/v2\/types\/post"}],"author":[{"embeddable":true,"href":"https:\/\/zonenklaus.de\/wordpress\/index.php?rest_route=\/wp\/v2\/users\/6"}],"replies":[{"embeddable":true,"href":"https:\/\/zonenklaus.de\/wordpress\/index.php?rest_route=%2Fwp%2Fv2%2Fcomments&post=19059"}],"version-history":[{"count":12,"href":"https:\/\/zonenklaus.de\/wordpress\/index.php?rest_route=\/wp\/v2\/posts\/19059\/revisions"}],"predecessor-version":[{"id":19072,"href":"https:\/\/zonenklaus.de\/wordpress\/index.php?rest_route=\/wp\/v2\/posts\/19059\/revisions\/19072"}],"wp:attachment":[{"href":"https:\/\/zonenklaus.de\/wordpress\/index.php?rest_route=%2Fwp%2Fv2%2Fmedia&parent=19059"}],"wp:term":[{"taxonomy":"category","embeddable":true,"href":"https:\/\/zonenklaus.de\/wordpress\/index.php?rest_route=%2Fwp%2Fv2%2Fcategories&post=19059"},{"taxonomy":"post_tag","embeddable":true,"href":"https:\/\/zonenklaus.de\/wordpress\/index.php?rest_route=%2Fwp%2Fv2%2Ftags&post=19059"}],"curies":[{"name":"wp","href":"https:\/\/api.w.org\/{rel}","templated":true}]}}