{"id":19078,"date":"2012-10-11T23:24:56","date_gmt":"2012-10-11T22:24:56","guid":{"rendered":"http:\/\/12decode.de\/zonenklaus\/wordpress\/?p=19078"},"modified":"2012-10-12T01:02:52","modified_gmt":"2012-10-12T00:02:52","slug":"ein-neuer-krieg-im-nahen-osten-droht","status":"publish","type":"post","link":"https:\/\/zonenklaus.de\/wordpress\/?p=19078","title":{"rendered":"Ein neuer Krieg im Nahen Osten droht"},"content":{"rendered":"<p>Na endlich!<br \/>\nOder sind es nur wieder leere <a href=\"http:\/\/www.tagesspiegel.de\/politik\/konflikt-zwischen-syrien-und-tuerkei-ein-neuer-krieg-im-nahen-osten-droht\/7242262.html\">Versprechungen<\/a>?<br \/>\nZwangsl\u00e4ufig scharrt die NATO auch schon ihre Startl\u00f6cher.<br \/>\nNebenher muss sich Deutschland nun endlich und nachtr\u00e4glich zu seiner besonderen Verantwortung gegen\u00fcber der T\u00fcrkei bekennen. Schlie\u00dflich kam es durch Enver Paschas damals zum Kriegsb\u00fcndnis mit dem Kaiserreich und \u00d6sterreich-Ungarn, was bekanntlich in die Hose ging. Allerdings \u00fcberfra\u00dfen sich UK und Frankreich an ihren sp\u00e4teren Mandatsgebieten, in den Gefilden des ehemaligen Osmanischen Reiches. Auch wenn sie deshalb schon lange nicht mehr kotzen, aber ein Rest Sodbrennen ist bis in die heutige Zeit erhalten geblieben.<br \/>\nIsraelischen Milit\u00e4rs werden dadurch auch ganz neue M\u00f6glichkeiten offeriert, um im Endeffekt auch ihre Milit\u00e4rmaschinerie in Gang zusetzen, anfangs zwar in die entgegengesetzte Richtung, aber besser als gar nichts. Die ganze Angelegenheit wird Tel Aviv f\u00fcr ein geniales Kabinettst\u00fcckchen ausnutzen k\u00f6nnen. Wie gehabt, kann es dann zum wiederholten und damals bew\u00e4hrten\u00a0 <a href=\"http:\/\/de.wikipedia.org\/wiki\/Sichelschnittplan\">\u201eSichelschnittplan\u201c<\/a> \u00fcbergehen. So ganz nebenbei den Versuch starten und parallel dazu in den Iran einmarschieren.<br \/>\nAu\u00dferdem ist die t\u00fcrkische Generalit\u00e4t endlich in der Lage die <a href=\"http:\/\/de.wikipedia.org\/wiki\/Zypernkonflikt\">Scharte von 1974<\/a> auszuwetzen.<br \/>\nH\u00e4tten die greisen Altt\u00fcrken (<em>Die fr\u00fcheren Jungt\u00fcrken.<\/em>) damals den Arsch in der Hose gehabt, g\u00e4be es die heutigen Probleme mit Griechenland \u00fcberhaupt nicht!<br \/>\nAber dies steht auf einem ganz anderen Blatt.<br \/>\nJedenfalls ist der Arsch kein G\u00e4nsehals!<!--more--><br \/>\nF\u00fcrs Kapital w\u00e4re ein etwas gr\u00f6\u00dferer Krieg im Nahen Osten ein wirklicher Segen!<br \/>\nIn deren Folge w\u00fcrde der DAX abgehen wie ein Sektkorken.<br \/>\nDie Automobilindustrie Frankreichs d\u00fcrfte massenhaft rollendes Milit\u00e4requipment herstellen&#8230;<br \/>\nS\u00e4mtliche Freier des deutsch-franz\u00f6sischen Luftfahrt- und R\u00fcstungskonzern EADS w\u00fcrden ruckartig alles anders sehen, sich postwendend und dummgeil auf den britischen\u00a0 Waffenhersteller BAE st\u00fcrzen wie auf eine preiswerte Luxusdirne und beim Quicky auf dem Verhandlungstisch, noch w\u00e4hrend eines optimal vorgef\u00fchrten Scheinorgasmus\u00b4, pl\u00f6tzliches Einvernehmen hecheln&#8230;<br \/>\nIm selben Moment k\u00e4me der DAX an die erste kosmische Geschwindigkeit heran&#8230;<br \/>\nPutin holte dann erst mal Ban Ki Moon ans Rohr, der anschlie\u00dfend mit Betroffenheitsmine irgendetwas unverst\u00e4ndliches plappert und mit seinem R\u00fccktritt droht&#8230;<br \/>\nDer bekennende Kommunist und nagelneue Literaturnobelpreistr\u00e4ger, Mo Yan (<em>Dieses Pseudonym bedeutet so viel wie &#8220;Sprich nicht&#8221;<\/em>) aus China, hockte sich sofort unter sein Mao-Bildnis und beg\u00e4nne\u00a0 postwendend eine \u201eOde an den Weltfrieden\u201c zu kalligraphieren &#8211; ohne Worte aber in Brailleschrift! &#8211; die Bono simultan intonieren muss.<br \/>\nGleichzeitig wird von der Doppelspitze Ted Turner\/Thomas Gottschalk, in einer Liveschaltung aus Stockholm bekannt gegeben, dass man sich entschlossen hat &#8211; um die vielen chinesischen Dissident noch mehr zu br\u00fcskieren &#8211; M.Y. f\u00fcr n\u00e4chstes Jahr nochmals besagte Ehrung erhalten w\u00fcrde und Bono sich aussuchen darf,  ob er gemeinsam mit Wolfgang Niedecken um den Friedensnobelpreis knobeln m\u00f6chte&#8230;<\/p>\n<p><strong>Hier folgt Realsatire als Fu\u00dfnote:<\/strong><br \/>\nDie Schwedische Akademie gab am 11. Oktober in Stockholm kund.<br \/>\n<strong>O-Ton: <\/strong><em>Der Schriftsteller vermische mit &#8220;halluzinatorischem Realismus&#8221; Volksm\u00e4rchen<\/em> (Logisch &#8211; als verkappten Kommunisten bleibt ihm ja nichts anders \u00fcbrig, schlie\u00dflich m\u00f6chte er keine gesiebte Luft inhalieren&#8230;)<em>, Geschichte und Gegenwart, so das zust\u00e4ndige Komitee. Mo Yan sei eine &#8220;Mischung aus Faulkner, Charles Dickens und Rabelais&#8221;, sagte der Sprecher der Jury, Peter Englund, im Rundfunksender SR.<\/em><br \/>\nWelche Drogen machten bei diesem Brainstorming eigentlich die Runde?<br \/>\n&#8211; Ob Angeh\u00f6rige des verantwortlichen Nobel-Komitees jemals etwas von Faulkner*, Charls Dickens und Rabelais* gelesen haben? (<em>Dies mit den drei Namen war scheinbar nur so ein Geistesblitz am Rande, deshalb fiel niemand deren Vornamen ein, schlie\u00dflich muss ja irgendetwas gesagt werden. Der erstgenannte Typ hie\u00df *William und der andere *Fran\u00e7ois.<\/em>)<br \/>\nEigentlich sollte Bono doch allein den F-Nobelpreis bekommen! Denn jener Barde vermischt ja auch mit gewissen halluzinatorischem Realismus M\u00e4rchen, Geschichten, Sackstand- und Betroffenheitslyrik usw. (<em>Die beil\u00e4ufig, oft ohne Vorwarnung, zu den unm\u00f6glichsten Tageszeiten aus x-beliebigen Lautsprechern dr\u00f6hnen.<\/em>), au\u00dferdem ist er eine Mischung aus St. Patrick, El Cid und Don Quichotte&#8230;<\/p>\n","protected":false},"excerpt":{"rendered":"<p>Na endlich! Oder sind es nur wieder leere Versprechungen? Zwangsl\u00e4ufig scharrt die NATO auch schon ihre Startl\u00f6cher. Nebenher muss sich Deutschland nun endlich und nachtr\u00e4glich zu seiner besonderen Verantwortung gegen\u00fcber der T\u00fcrkei bekennen. Schlie\u00dflich kam es durch Enver Paschas damals zum Kriegsb\u00fcndnis mit dem Kaiserreich und \u00d6sterreich-Ungarn, was bekanntlich in die Hose ging. Allerdings \u00fcberfra\u00dfen [&hellip;]<\/p>\n","protected":false},"author":6,"featured_media":0,"comment_status":"open","ping_status":"open","sticky":false,"template":"","format":"standard","meta":{"footnotes":""},"categories":[22],"tags":[],"class_list":["post-19078","post","type-post","status-publish","format-standard","hentry","category-der-tagesspiegel"],"_links":{"self":[{"href":"https:\/\/zonenklaus.de\/wordpress\/index.php?rest_route=\/wp\/v2\/posts\/19078","targetHints":{"allow":["GET"]}}],"collection":[{"href":"https:\/\/zonenklaus.de\/wordpress\/index.php?rest_route=\/wp\/v2\/posts"}],"about":[{"href":"https:\/\/zonenklaus.de\/wordpress\/index.php?rest_route=\/wp\/v2\/types\/post"}],"author":[{"embeddable":true,"href":"https:\/\/zonenklaus.de\/wordpress\/index.php?rest_route=\/wp\/v2\/users\/6"}],"replies":[{"embeddable":true,"href":"https:\/\/zonenklaus.de\/wordpress\/index.php?rest_route=%2Fwp%2Fv2%2Fcomments&post=19078"}],"version-history":[{"count":17,"href":"https:\/\/zonenklaus.de\/wordpress\/index.php?rest_route=\/wp\/v2\/posts\/19078\/revisions"}],"predecessor-version":[{"id":19095,"href":"https:\/\/zonenklaus.de\/wordpress\/index.php?rest_route=\/wp\/v2\/posts\/19078\/revisions\/19095"}],"wp:attachment":[{"href":"https:\/\/zonenklaus.de\/wordpress\/index.php?rest_route=%2Fwp%2Fv2%2Fmedia&parent=19078"}],"wp:term":[{"taxonomy":"category","embeddable":true,"href":"https:\/\/zonenklaus.de\/wordpress\/index.php?rest_route=%2Fwp%2Fv2%2Fcategories&post=19078"},{"taxonomy":"post_tag","embeddable":true,"href":"https:\/\/zonenklaus.de\/wordpress\/index.php?rest_route=%2Fwp%2Fv2%2Ftags&post=19078"}],"curies":[{"name":"wp","href":"https:\/\/api.w.org\/{rel}","templated":true}]}}