{"id":19117,"date":"2012-10-14T19:07:43","date_gmt":"2012-10-14T18:07:43","guid":{"rendered":"http:\/\/12decode.de\/zonenklaus\/wordpress\/?p=19117"},"modified":"2012-10-14T19:07:54","modified_gmt":"2012-10-14T18:07:54","slug":"zu-meinem-anteil-am-noblen-orden-mochte-ich-noch-eine-narrenkappe","status":"publish","type":"post","link":"https:\/\/zonenklaus.de\/wordpress\/?p=19117","title":{"rendered":"Zu meinem Anteil am noblen Orden m\u00f6chte ich noch eine Narrenkappe!"},"content":{"rendered":"<p>Existiert \u00fcberhaupt eine allgemeing\u00fcltige Erg\u00e4nzung zu Murphys Gesetzen?<br \/>\nMeine damit die Steigerung in s\u00e4mtliche nur denkbaren Dimensionen von Gut und B\u00f6se, nach unten, oben, schr\u00e4g und gekr\u00fcmmt ebenso in alle Himmelsrichtungen&#8230;<br \/>\nDiese beiden S\u00e4tze fielen mit noch am Freitag, kurz vor der Geisterstunde ein.<br \/>\nJetzt wei\u00df ich wieder nicht, wie die \u00dcberleitung gelingen soll, da die Nacht dr\u00fcber herging&#8230;<br \/>\nAlles erinnert mich an l\u00e4ngst vergangene Zeiten, als Oma noch versuchte eine korrekte Linie reinzubringen, was Ortographie, den Umgang mit Regelwerke der Grammatik betrafen und dialektfreie Kommunikation&#8230;<br \/>\nBis auf die gewissenhafte Anwendung &#8211; wirklich aller Kommaregeln &#8211; ging es ja.<br \/>\nZumal Opa auf meiner Seite stand, der irgendwann ablie\u00df, \u201enimm es nicht so schwer! Wenn du es mal zu etwas gebracht hast und nicht hundertprozentig der deutschen Sprache m\u00e4chtig bist, dann musst du dir auf Arbeit eine fitte Sekret\u00e4rin zulegen, ansonsten nat\u00fcrlich auch eine entsprechende Gattin, die es dann erledigen&#8230;\u201c<br \/>\nAch so, die STEIGERUNG!<br \/>\nEs blieb eine Latrinenparole, was jene <em>LobhudelFriedensnobelpreisVerk\u00fcndung<\/em> und Birne betraf, aber es kam aber dann noch schlimmer&#8230;<br \/>\nWollte mich Freitag eigentlich noch l\u00e4nger vor die Glotze hocken, aber dieses Gehabe um den \u201ePreis\u201c lie\u00dfen mich noch nicht mal die Sp\u00e4tnachrichten durchstehen, ging ins Nest und las&#8230;<br \/>\nAm n\u00e4chsten Morgen, nach meiner Wochenmarktrunde, gings es mit einem ehemaligen Nachbar zu einem kurzen Brainstorming ins <a href=\"http:\/\/www.happiness-heart-cafe.de\/\">Happiness-Heart CAF\u00c9<\/a>. Kaffee und Kleinigkeiten sind OK, man sitzt dort gut, der esoterische Touch interessiert mich nicht weiter, au\u00dferdem haben sie kostenloses Wireless Local Area Network.<br \/>\nKurz darauf enterten Frau R. und Frau E. den Laden, nach der Begr\u00fc\u00dfung gratulierten uns die beiden M\u00e4dels zum anteilsm\u00e4\u00dfigen Nobelpreis, wollten aber Herrn W. davon ausschlie\u00dfen. Was nat\u00fcrlich nicht ging, denn auch ein \u00d6si obwohl er schon l\u00e4nger im Amiland lebt, ist immer noch ein Pass-Europ\u00e4er. Nebenbei wurde die Summe genannt, die laut Auskunft der \u201eheute-Show\u201c<a href=\"http:\/\/12decode.de\/zonenklaus\/wordpress\/wp-content\/uploads\/2012\/10\/heute-show.mp3\"><\/a>, jedem hiesigen Eingeborenen zustand, bin allerdings auf ein anderes S\u00fcmmchen gekommen&#8230;<br \/>\nGegen 18:00 Uhr wurde f\u00fcr meine t\u00e4gliche Collage im Netz gest\u00f6bert, suchte dabei eine bestimmte Aussage in den ARD-Nachrichten vom vergangenen Tag. Klickte auf auf die Sp\u00e4tausgabe.<br \/>\nHoppla, nach meinen Erinnerungen kamen zu den laufenden Bildern, pl\u00f6tzlich ein ganz anderer Text<a href=\"http:\/\/12decode.de\/zonenklaus\/wordpress\/wp-content\/uploads\/2012\/10\/Nobel.21.mp3\"><\/a>, fand das Original dann in den vorangegangenen 20:00 Uhr News<a href=\"http:\/\/12decode.de\/zonenklaus\/wordpress\/wp-content\/uploads\/2012\/10\/Nobel.20.mp3\"><\/a>.<br \/>\nDort wurde noch von der \u201eBefriedung\u201c Europas gesprochen, was ja den Tatsachen entsprach. M\u00f6chte dabei nur an die Bombardierung von Belgrad oder an den Massenmord von <a href=\"http:\/\/de.wikipedia.org\/wiki\/Massaker_von_Srebrenica\">Srebrenica<\/a>, im Juli 1995, ansprechen. Wo unter Aufsicht oder kann man es auch unter \u201eSchirmherrschaft der UNO\u201c bezeichnen, als ungef\u00e4hr 8000 Bosniaken ins Grass bissen&#8230;<br \/>\nKlar ist nat\u00fcrlich, Mord und Totschlag hielten sich in den letzten Jahrzehnten wirklich in Grenzen, abgesehen von winzigen Kollateralsch\u00e4den auf dem Weg ins vereinte Europa. Dabei erinnert sich sowieso niemand mehr an die Eins\u00e4tze der OAS und an die blutigen Jahre, von Irland bis zur T\u00fcrkei&#8230;<br \/>\nNun sind ja seit Freitag Sternstunden der Dummschw\u00e4tzer angebrochen von unten, oben, schr\u00e4g und gekr\u00fcmmt ebenso aus allen Himmelsrichtungen, in Stereo und Super-HDTV&#8230;<!--more--><br \/>\nGanz nebenbei musste sich Harry Val\u00e9rien, mit 88 Lenzen auf seinem Buckel, auch noch entschlie\u00dfen um in der n\u00e4chsten Zeit die Radieschen von unten zu betrachten. Hierf\u00fcr erfolgten ewige Einspielungen, die witzigste kam von 1985, in jener Zeit bekam UNS-Bobbele noch keinen vollst\u00e4ndigen Satz zustande. Er h\u00e4tte ja vorher ein bisschen \u00fcben k\u00f6nnen, zumal neben ihm der blaubl\u00fctige Berufsopportunist hockte.<br \/>\nGestern reichte es mir dann. Bereits zu den ZDF-Nachrichten las ich nebenher, weil die ganze Schose nicht zu ertragen war, schaltete dann aufs \u201earteJOURNAL\u201c um. Der Beitrag \u00fcber die Umweltaktivistin <a href=\"http:\/\/www.arte.tv\/de\/wahlkampf-einer-umweltaktivistin\/6993026.html\">Jewgenija Tschirikowa<\/a> (<em>Momentan ist dieses Vijo nicht zusehen, da die Verantwortlichen letztens vor den Politkern und dem Kapital einen Kotau machten!<\/em>) und ihre Mitstreiter war herausragend und im Westen interessiert es niemad&#8230;<br \/>\nAls Kr\u00f6nung fand ich anschlie\u00dfen, gleich zu Beginn der \u201e<a href=\"http:\/\/www.rbb-online.de\/abendschau\/archiv\/archiv.media.!etc!medialib!rbb!rbb!abendschau!abendschau_20121013_news1.html\">Berliner Abendschau<\/a>\u201c, einen kurze Sequenz, wo es darum ging, dass ein 32-J\u00e4hriger Mann mittags vor dem Reichstagsgeb\u00e4ude freiwillig sein leben zur\u00fcckgab, scheinbar nach der Devise: Doppelt h\u00e4lt besser! War er vielleicht ein Fan gewisser nostalgischer T\u00f6tungsvarianten aus dem alten Japan? Auf der anderen Seite, ganz billig scheint sein warmes Finale auch nicht gewesen zu sein &#8211; bei den heutigen Spritpreisen!<br \/>\nAber darauf wollte ich gar nicht hinaus!<br \/>\nMeine Frage.<br \/>\nWelchen informativen Wert ma\u00df denn der verantwortliche Radakteur dem Einsatz der drei Feuerwehrleute zu?<br \/>\nNun reichte es mir!<br \/>\nWollte noch schnell den Rekorder auf \u201e3sat\u201c programmieren, wegen Leonard Cohen: Bird on a wire, stellte mich aber zu bl\u00f6de an und verkr\u00fcmelte mich ins Wirtshaus.<br \/>\nTraf dort einen repr\u00e4sentativen Querschnitt von Volksdrogenabh\u00e4ngigen dieser Gesellschaft an, einschlie\u00dflich der Zapferin drei Frauen, acht Typen, davon ein t\u00fcrkischer Muselmane und ein Engl\u00e4nder aus UK.<br \/>\nNach meiner Begr\u00fc\u00dfung gratulierte ich allen Anwesenden zum verliehenen Nobelpreis: Mein Gott, gab das ein Aufjaulen, Proteste und merkw\u00fcrdige Kommentare, ganz anders als in den Medien&#8230;<br \/>\nNachdem wieder Ruhe eingekehrt war, kam mein Einwand, dass meine Knete als Spende an Joseph Ackermann gehen soll, da er als Eidgenosse bekanntlich leer ausgehen w\u00fcrde.<br \/>\nDer Tommy wollte sich sein Geld erst mal auszahlen lassen und dann weiter sehen&#8230;<\/p>\n","protected":false},"excerpt":{"rendered":"<p>Existiert \u00fcberhaupt eine allgemeing\u00fcltige Erg\u00e4nzung zu Murphys Gesetzen? Meine damit die Steigerung in s\u00e4mtliche nur denkbaren Dimensionen von Gut und B\u00f6se, nach unten, oben, schr\u00e4g und gekr\u00fcmmt ebenso in alle Himmelsrichtungen&#8230; Diese beiden S\u00e4tze fielen mit noch am Freitag, kurz vor der Geisterstunde ein. Jetzt wei\u00df ich wieder nicht, wie die \u00dcberleitung gelingen soll, da [&hellip;]<\/p>\n","protected":false},"author":6,"featured_media":0,"comment_status":"open","ping_status":"open","sticky":false,"template":"","format":"standard","meta":{"footnotes":""},"categories":[1],"tags":[],"class_list":["post-19117","post","type-post","status-publish","format-standard","hentry","category-allgemeines"],"_links":{"self":[{"href":"https:\/\/zonenklaus.de\/wordpress\/index.php?rest_route=\/wp\/v2\/posts\/19117","targetHints":{"allow":["GET"]}}],"collection":[{"href":"https:\/\/zonenklaus.de\/wordpress\/index.php?rest_route=\/wp\/v2\/posts"}],"about":[{"href":"https:\/\/zonenklaus.de\/wordpress\/index.php?rest_route=\/wp\/v2\/types\/post"}],"author":[{"embeddable":true,"href":"https:\/\/zonenklaus.de\/wordpress\/index.php?rest_route=\/wp\/v2\/users\/6"}],"replies":[{"embeddable":true,"href":"https:\/\/zonenklaus.de\/wordpress\/index.php?rest_route=%2Fwp%2Fv2%2Fcomments&post=19117"}],"version-history":[{"count":11,"href":"https:\/\/zonenklaus.de\/wordpress\/index.php?rest_route=\/wp\/v2\/posts\/19117\/revisions"}],"predecessor-version":[{"id":19131,"href":"https:\/\/zonenklaus.de\/wordpress\/index.php?rest_route=\/wp\/v2\/posts\/19117\/revisions\/19131"}],"wp:attachment":[{"href":"https:\/\/zonenklaus.de\/wordpress\/index.php?rest_route=%2Fwp%2Fv2%2Fmedia&parent=19117"}],"wp:term":[{"taxonomy":"category","embeddable":true,"href":"https:\/\/zonenklaus.de\/wordpress\/index.php?rest_route=%2Fwp%2Fv2%2Fcategories&post=19117"},{"taxonomy":"post_tag","embeddable":true,"href":"https:\/\/zonenklaus.de\/wordpress\/index.php?rest_route=%2Fwp%2Fv2%2Ftags&post=19117"}],"curies":[{"name":"wp","href":"https:\/\/api.w.org\/{rel}","templated":true}]}}