{"id":19132,"date":"2012-10-13T21:33:34","date_gmt":"2012-10-13T20:33:34","guid":{"rendered":"http:\/\/12decode.de\/zonenklaus\/wordpress\/?p=19132"},"modified":"2012-10-14T20:26:07","modified_gmt":"2012-10-14T19:26:07","slug":"gotz-widmann-extrem-liedermaching","status":"publish","type":"post","link":"https:\/\/zonenklaus.de\/wordpress\/?p=19132","title":{"rendered":"G\u00f6tz Widmann &#8211; Extrem Liedermaching"},"content":{"rendered":"<p>Mitte der 90ger Jahre kamen seine Hits nur bei \u201eUniRadio Berlin-Brandenburg\u201c \u00fcber den Sender, alle anderen knickten in diesem Dorf ein.<br \/>\n<a href=\"http:\/\/www.tagesspiegel.de\/kultur\/liedermacher-in-kevelaer-extrem-liedermaching\/7248718.html\">Hoffentlich bleibt G\u00f6tz am Ball!<\/a><br \/>\nHier noch der <a href=\"http:\/\/www.youtube.com\/watch?v=c5tTtt6t3cw&amp;feature=related\">Hit<\/a>, den er heute bestimmt auch mit anderen Augen sieht &#8211; ich nicht!<br \/>\nWenn ich daran denke, was aus Leuten, wie Reinhard Mey und Hannes Wader wurde.<br \/>\nMey mutierte irgendwann zum Heino der \u201eDritten Programme\u201c, von V\u00e4terchen Franz und Wader ging mir irgendwann mal das Ges\u00fclze: \u201eDie DDR ist der besser deutsche Staat\u201c, m\u00e4chtig auf den Z\u00fcnder. \u00dcber Biermann will ich nichts weiter ablassen.<br \/>\nFand es sehr interessant, was Chistof St\u00e4hlin \u00fcber die damalige Zeit ablie\u00df und warum er sich dort aus dem Staub machte.<br \/>\nIn den Endsiebzigern erlebte ich Genossen Wader \u00f6fters in bestimmten Kneipen am Savignyplatz, wie er sich in seinem Soziologenchinesich beim Monologisieren gefiel, war schon krankhaft, dabei immer die ganz gro\u00dfen Sachen vor Augen&#8230;<br \/>\nWo und wie diese Vorstellungen implodierten ist hinreichend bekannt.<br \/>\nKann ihm ja egal sein, er hat damit reichlich Knete eingefahren. Er geh\u00f6rt bestimmt auch zu den Leuten, die heute in der GEMA ihre Speerspitzen f\u00fcr eigene Bed\u00fcrfnisse sehen, gr\u00e4sslich diese Linxwixer&#8230;<\/p>\n","protected":false},"excerpt":{"rendered":"<p>Mitte der 90ger Jahre kamen seine Hits nur bei \u201eUniRadio Berlin-Brandenburg\u201c \u00fcber den Sender, alle anderen knickten in diesem Dorf ein. Hoffentlich bleibt G\u00f6tz am Ball! Hier noch der Hit, den er heute bestimmt auch mit anderen Augen sieht &#8211; ich nicht! Wenn ich daran denke, was aus Leuten, wie Reinhard Mey und Hannes Wader [&hellip;]<\/p>\n","protected":false},"author":6,"featured_media":0,"comment_status":"open","ping_status":"open","sticky":false,"template":"","format":"standard","meta":{"footnotes":""},"categories":[22],"tags":[],"class_list":["post-19132","post","type-post","status-publish","format-standard","hentry","category-der-tagesspiegel"],"_links":{"self":[{"href":"https:\/\/zonenklaus.de\/wordpress\/index.php?rest_route=\/wp\/v2\/posts\/19132","targetHints":{"allow":["GET"]}}],"collection":[{"href":"https:\/\/zonenklaus.de\/wordpress\/index.php?rest_route=\/wp\/v2\/posts"}],"about":[{"href":"https:\/\/zonenklaus.de\/wordpress\/index.php?rest_route=\/wp\/v2\/types\/post"}],"author":[{"embeddable":true,"href":"https:\/\/zonenklaus.de\/wordpress\/index.php?rest_route=\/wp\/v2\/users\/6"}],"replies":[{"embeddable":true,"href":"https:\/\/zonenklaus.de\/wordpress\/index.php?rest_route=%2Fwp%2Fv2%2Fcomments&post=19132"}],"version-history":[{"count":5,"href":"https:\/\/zonenklaus.de\/wordpress\/index.php?rest_route=\/wp\/v2\/posts\/19132\/revisions"}],"predecessor-version":[{"id":19140,"href":"https:\/\/zonenklaus.de\/wordpress\/index.php?rest_route=\/wp\/v2\/posts\/19132\/revisions\/19140"}],"wp:attachment":[{"href":"https:\/\/zonenklaus.de\/wordpress\/index.php?rest_route=%2Fwp%2Fv2%2Fmedia&parent=19132"}],"wp:term":[{"taxonomy":"category","embeddable":true,"href":"https:\/\/zonenklaus.de\/wordpress\/index.php?rest_route=%2Fwp%2Fv2%2Fcategories&post=19132"},{"taxonomy":"post_tag","embeddable":true,"href":"https:\/\/zonenklaus.de\/wordpress\/index.php?rest_route=%2Fwp%2Fv2%2Ftags&post=19132"}],"curies":[{"name":"wp","href":"https:\/\/api.w.org\/{rel}","templated":true}]}}