{"id":19148,"date":"2012-10-17T21:49:23","date_gmt":"2012-10-17T20:49:23","guid":{"rendered":"http:\/\/12decode.de\/zonenklaus\/wordpress\/?p=19148"},"modified":"2012-10-17T21:49:23","modified_gmt":"2012-10-17T20:49:23","slug":"mit-der-organisation-gehlen-fing-es-an","status":"publish","type":"post","link":"https:\/\/zonenklaus.de\/wordpress\/?p=19148","title":{"rendered":"Mit der Organisation Gehlen fing es an"},"content":{"rendered":"<p><a href=\"http:\/\/de.wikipedia.org\/wiki\/Gerald_Endres\">Gecks Endres<\/a> hat mal wieder zugeschlagen in ZEITREISEN von Deutschlandradio Kultur:<br \/>\n\u201e<a href=\"http:\/\/www.dradio.de\/aodflash\/player.php?station=3&amp;broadcast=348700&amp;datum=20121017&amp;playtime=1350495070&amp;fileid=1f80cd8d&amp;sendung=348700&amp;beitrag=1895768&amp;\/\">Die Pleiten, Pannen und Skandale der bundesdeutschen Geheimdienste<\/a>\u201c<br \/>\nAlle Features und die mit seiner <a href=\"http:\/\/www.boen-end.de\/filmgraf.htm\">Frau<\/a> kreierten Dok-Filme sind gekennzeichnet von einer best\u00e4ndigen Qualit\u00e4t&#8230;<br \/>\nZum Schluss hin kann es Str\u00f6bele nicht lassen, sich wie \u00fcblich als demokratischer Traumt\u00e4nzer zu outen. Ich beziehe mich dabei auf \u201eTake 16\u201c im Manuskript zur Sendung.<br \/>\nGeheimdienste sind bekanntlich \u00fcberall autarke Kleinstaaten im Staate und bitte sch\u00f6n, was sollen sie lernen und von wem?<br \/>\nWenn mir endlich mal zu Ohren k\u00e4me, in welcher Welt Chrissi \u00fcberhaupt lebt, dann w\u00fcrde ich auf der Stelle versuchen seine Gedankeng\u00e4nge mal nachzuvollziehen, aber nun ist es schon langsam zu sp\u00e4t&#8230;<br \/>\nNebenbei, der riesige Spitzelbunker geh\u00f6rt auch zu jenen Kuckuckseiern, den seine Genossen mit ausgebr\u00fctet haben. Prozentual betrachtet, wird die <a href=\"http:\/\/www.derwesten.de\/politik\/fehlplanung-der-superlative-zwei-milliarden-fuer-geheimdienst-zentrale-id6850127.html\">Geheimdienst<\/a>&#8211;<a href=\"http:\/\/www.welt.de\/politik\/deutschland\/article13824230\/BND-Neubau-koennte-zwei-Milliarden-verschlingen.html\">Zentrale<\/a> noch wesentlich mehr Euronen verschlingen als der <em>Fluchhafen<\/em> am anderen Ende des hundeverschissenen Bundeshauptdorfes&#8230;<br \/>\nWarum dieser scheinbar \u00fcberdimensionierte Koloss unbedingt gebaut werden muss, werden wir noch erleben k\u00f6nnen&#8230;<\/p>\n","protected":false},"excerpt":{"rendered":"<p>Gecks Endres hat mal wieder zugeschlagen in ZEITREISEN von Deutschlandradio Kultur: \u201eDie Pleiten, Pannen und Skandale der bundesdeutschen Geheimdienste\u201c Alle Features und die mit seiner Frau kreierten Dok-Filme sind gekennzeichnet von einer best\u00e4ndigen Qualit\u00e4t&#8230; Zum Schluss hin kann es Str\u00f6bele nicht lassen, sich wie \u00fcblich als demokratischer Traumt\u00e4nzer zu outen. Ich beziehe mich dabei auf [&hellip;]<\/p>\n","protected":false},"author":6,"featured_media":0,"comment_status":"open","ping_status":"open","sticky":false,"template":"","format":"standard","meta":{"footnotes":""},"categories":[1],"tags":[],"class_list":["post-19148","post","type-post","status-publish","format-standard","hentry","category-allgemeines"],"_links":{"self":[{"href":"https:\/\/zonenklaus.de\/wordpress\/index.php?rest_route=\/wp\/v2\/posts\/19148","targetHints":{"allow":["GET"]}}],"collection":[{"href":"https:\/\/zonenklaus.de\/wordpress\/index.php?rest_route=\/wp\/v2\/posts"}],"about":[{"href":"https:\/\/zonenklaus.de\/wordpress\/index.php?rest_route=\/wp\/v2\/types\/post"}],"author":[{"embeddable":true,"href":"https:\/\/zonenklaus.de\/wordpress\/index.php?rest_route=\/wp\/v2\/users\/6"}],"replies":[{"embeddable":true,"href":"https:\/\/zonenklaus.de\/wordpress\/index.php?rest_route=%2Fwp%2Fv2%2Fcomments&post=19148"}],"version-history":[{"count":3,"href":"https:\/\/zonenklaus.de\/wordpress\/index.php?rest_route=\/wp\/v2\/posts\/19148\/revisions"}],"predecessor-version":[{"id":19151,"href":"https:\/\/zonenklaus.de\/wordpress\/index.php?rest_route=\/wp\/v2\/posts\/19148\/revisions\/19151"}],"wp:attachment":[{"href":"https:\/\/zonenklaus.de\/wordpress\/index.php?rest_route=%2Fwp%2Fv2%2Fmedia&parent=19148"}],"wp:term":[{"taxonomy":"category","embeddable":true,"href":"https:\/\/zonenklaus.de\/wordpress\/index.php?rest_route=%2Fwp%2Fv2%2Fcategories&post=19148"},{"taxonomy":"post_tag","embeddable":true,"href":"https:\/\/zonenklaus.de\/wordpress\/index.php?rest_route=%2Fwp%2Fv2%2Ftags&post=19148"}],"curies":[{"name":"wp","href":"https:\/\/api.w.org\/{rel}","templated":true}]}}