{"id":19855,"date":"2013-01-22T23:51:06","date_gmt":"2013-01-22T22:51:06","guid":{"rendered":"http:\/\/12decode.de\/zonenklaus\/wordpress\/?p=19855"},"modified":"2013-01-23T07:54:53","modified_gmt":"2013-01-23T06:54:53","slug":"frau-dr-plag-%e2%80%93-uni-dusseldorf-eroffnet-verfahren-gegen-schavan","status":"publish","type":"post","link":"https:\/\/zonenklaus.de\/wordpress\/?p=19855","title":{"rendered":"Frau Dr?! plag. \u2013 Uni D\u00fcsseldorf er\u00f6ffnet Verfahren gegen Schavan"},"content":{"rendered":"<p>K\u00f6nnte nicht der Verdacht aufkommen, dass seit fast einem Jahr sehr merkw\u00fcrdige Dinge geschehen und alles so aussieht wie Kungelei auf h\u00f6chster Ebene, was den Umgang mit dem Eitelkeitsk\u00fcrzel dieser akademisch vorbelasteten Dame angeht.<br \/>\nScheint schon ein riesiger Unterschied zu bestehen, ob es sich um Pfandbon-Elli handelt oder eine Toilettenfee mit Migrationshintergrund aus sowjetrussischen Gefilden, die t\u00e4glich ihre Ration Papier f\u00fcr den kommenden Morgenschiss einsteckt. Gut, der Vergleich hinkt etwas, denn beide erw\u00e4hnten Angestellten k\u00f6nnen vielleicht nicht mal irgendein Zertifikat vorweisen. Bei der Deutschrussin w\u00e4re ich mir noch nicht mal so sicher. Gerade nach dem Zusammenbruch der Sowjetunion habe ich etliche Leute kennen gelernt, denen ihre Diplome von Konservatorien oder Universit\u00e4ten hier absolut nichts bedeuten, dazu kommen mehrere polnische Putzen, die als ehemalige Akademiker zum bundesgermanischen Besengeschwader wechselten.<br \/>\nEine Bekannte hat ihren vielen \u201eArbeitgebern\u201c<strong> (<\/strong>Widerliche, ungebildete Leute darunter &#8211; aber mit viel Knete &#8211; sie benutzte zur Klassifizierung allerdings ganz andere Ausdr\u00fccke, da gibt die polnische Sprache wundersch\u00f6n klingende Begriffe her.<strong>)<\/strong>, auch nach fast 20 Jahren, bestimmt immer noch nicht gebeichtet, dass sie als Agraringenieurin auf einem Polytechnikum den Job einer Dozentin inne hatte, aus Schamhaftigkeit weil sie hier nur als billige \u201eStaubtuchnutte\u201c anschafft. \u00a0<!--more--><\/p>\n<p>Seit vielen Jahren werden in UNSERER Republik Doktortitel wesentlich h\u00f6her angesehen als das \u201eVON\u201c. Wobei sich die Medien alle nur erdenkliche M\u00fche geben und diesen Trugschluss auch noch optimal zementieren.<br \/>\nDie Wertigkeit steigt doch mit den beiden Lettern um ein Vielfaches, sei es bei dahergelaufenen Promis, auf die der Rest der Welt ohne weiteres verzichten k\u00f6nnte oder bei frisch etablierten \u00e4lteren Quotengirls.<br \/>\nIm Verlauf meiner Beobachtungen sind mir allerdings schon sehr oft ganz andere Schlussfolgerungen gekommen, diese betreffen LeuteInnen aus den unterschiedlichsten akademischen Bereichen.<br \/>\nBereits auf dem Weg zum Diplom beginnt bei manchen Personen das sowieso nicht sonderlich ausgepr\u00e4gte Unrechtsbewusstsein rasant zu schrumpfen. Auf dem weiteren Weg in Richtung Titel kommt h\u00e4ufig ein weiteres Ph\u00e4nomen hinzu: die Resistenz gegen\u00fcber bestimmter Normen im zwischenmenschlichen Miteinander\u2026<br \/>\nBeleuchte nun mal den <a href=\"http:\/\/www.spiegel.de\/unispiegel\/studium\/plagiatsverdacht-uni-duesseldorf-leitet-verfahren-gegen-schavan-ein-a-879052.html\">Artikel<\/a>, dort steht irgendwo: <em>\u201e\u2026und weil der Uni-Gutachter kein Erziehungswissenschaftler ist, Schavans Arbeit aber in diesem Fach angesiedelt ist.\u201c<\/em><br \/>\nWas hat denn ein EW <strong>(<\/strong>Kenne in diesem Metier ein Haufen Nasen, mit ihnen h\u00e4tte alles bestimmt noch komischer werden k\u00f6nnen. Schade eigentlich!<strong>)<\/strong> dort zu suchen, wenn es lediglich um die Belegung von Abkupferungen geht?<br \/>\nSind diese erkannt, dann sollte den Rest doch wohl ein Jurist \u00fcbernehmen\u2026<br \/>\nWill mal zum dicken Ende kommen &#8211; finde alles ganz toll eingef\u00e4delt. Alles ist in trocknen T\u00fcchern, deshalb kann etwas f\u00fcr \u201em\u00fcndige\u201c Plebse kommen &#8211; 14 zu 1 Stimmen f\u00fcr die Er\u00f6ffnung des Verfahrens.<br \/>\nEigentlich ist klar, dass man ihr den Doktortitel gar nicht aberkennen will, schlie\u00dflich soll Madame nicht in jene Verlegenheit der absoluten Volksn\u00e4he kommen, denn dort st\u00e4nde sie noch nicht mal mit Pfandbon-Elli und der Toilettenfee auf einer Stufe. Titel weg &#8211; absolut kein weiteres Papierchen in den H\u00e4nden&#8230;<br \/>\nAllerdings m\u00fcsste sich Nettchen wegen ihrer Altersversorgung keine Sorgen machen, ihr Auskommen gilt auch ohne zus\u00e4tzliches Pfandflaschensammeln als gesichert!<br \/>\nSehr lustig k\u00f6nnte eine fast unm\u00f6gliche Variante sein, wenn bis zum 5. Februar der Schein gewahrt w\u00fcrde, auf den Fu\u00df dann die Vertagung um weitere 55 Tage folgte.<br \/>\nDies entspr\u00e4che sogar einer gewissen Guttenbergphase des \u201evollsten Vertrauens\u201c von Frau Kanzler zur Bubimirin.<br \/>\nJener Montag w\u00e4re f\u00fcr ein Bauernopfer nebst \u00dcbergabespa\u00df wie geschaffen: \u201eSehr geehrte Frau Schavan, wenn sie annehmen, dass sie ihren Doktor behalten d\u00fcrfen &#8211; April, April!&#8221;<\/p>\n<p><strong>Fu\u00dfnote:<\/strong><br \/>\nMir kommt diese Dame immer so merkw\u00fcrdig selbstverliebt vor, deshalb k\u00f6nnte und w\u00fcrde ich eine klammheimliche Freude nicht verhehlen, wenn sie wirklich mehr als nur stolperte\u2026<\/p>\n","protected":false},"excerpt":{"rendered":"<p>K\u00f6nnte nicht der Verdacht aufkommen, dass seit fast einem Jahr sehr merkw\u00fcrdige Dinge geschehen und alles so aussieht wie Kungelei auf h\u00f6chster Ebene, was den Umgang mit dem Eitelkeitsk\u00fcrzel dieser akademisch vorbelasteten Dame angeht. Scheint schon ein riesiger Unterschied zu bestehen, ob es sich um Pfandbon-Elli handelt oder eine Toilettenfee mit Migrationshintergrund aus sowjetrussischen Gefilden, [&hellip;]<\/p>\n","protected":false},"author":6,"featured_media":0,"comment_status":"open","ping_status":"open","sticky":false,"template":"","format":"standard","meta":{"footnotes":""},"categories":[1],"tags":[],"class_list":["post-19855","post","type-post","status-publish","format-standard","hentry","category-allgemeines"],"_links":{"self":[{"href":"https:\/\/zonenklaus.de\/wordpress\/index.php?rest_route=\/wp\/v2\/posts\/19855","targetHints":{"allow":["GET"]}}],"collection":[{"href":"https:\/\/zonenklaus.de\/wordpress\/index.php?rest_route=\/wp\/v2\/posts"}],"about":[{"href":"https:\/\/zonenklaus.de\/wordpress\/index.php?rest_route=\/wp\/v2\/types\/post"}],"author":[{"embeddable":true,"href":"https:\/\/zonenklaus.de\/wordpress\/index.php?rest_route=\/wp\/v2\/users\/6"}],"replies":[{"embeddable":true,"href":"https:\/\/zonenklaus.de\/wordpress\/index.php?rest_route=%2Fwp%2Fv2%2Fcomments&post=19855"}],"version-history":[{"count":4,"href":"https:\/\/zonenklaus.de\/wordpress\/index.php?rest_route=\/wp\/v2\/posts\/19855\/revisions"}],"predecessor-version":[{"id":19859,"href":"https:\/\/zonenklaus.de\/wordpress\/index.php?rest_route=\/wp\/v2\/posts\/19855\/revisions\/19859"}],"wp:attachment":[{"href":"https:\/\/zonenklaus.de\/wordpress\/index.php?rest_route=%2Fwp%2Fv2%2Fmedia&parent=19855"}],"wp:term":[{"taxonomy":"category","embeddable":true,"href":"https:\/\/zonenklaus.de\/wordpress\/index.php?rest_route=%2Fwp%2Fv2%2Fcategories&post=19855"},{"taxonomy":"post_tag","embeddable":true,"href":"https:\/\/zonenklaus.de\/wordpress\/index.php?rest_route=%2Fwp%2Fv2%2Ftags&post=19855"}],"curies":[{"name":"wp","href":"https:\/\/api.w.org\/{rel}","templated":true}]}}