{"id":19939,"date":"2013-02-03T00:20:13","date_gmt":"2013-02-02T23:20:13","guid":{"rendered":"http:\/\/12decode.de\/zonenklaus\/wordpress\/?p=19939"},"modified":"2013-02-03T01:08:08","modified_gmt":"2013-02-03T00:08:08","slug":"zoophile-uber-ihre-leidenschaft","status":"publish","type":"post","link":"https:\/\/zonenklaus.de\/wordpress\/?p=19939","title":{"rendered":"Zoophile \u00fcber ihre Leiden&#8230;"},"content":{"rendered":"<p>Wei\u00df gar nicht mehr, wo gestern der Hinweis auf diesen Artikel kam, sicherlich in der \u201ePresseschau\u201c auf D-Radio, da kein anderer Sender lief.<br \/>\nIm Laufe des Tages schaute ich in der Onlineausgabe der <a href=\"http:\/\/www.taz.de\/Zoophile-ueber-ihre-Leidenschaft\/!110205\/\">Sch\u00fclerzeitung <\/a>nach und fand ihn. Logisch, schlie\u00dflich hecheln sie manchmal aus althergebrachten Gr\u00fcnden und wegen der umsatzsteigernden Quoten auch recht skurrile Minderheiten durch.<br \/>\nSo heute geschehen.<br \/>\nAuf dem Nebengleis vom Sexismus fuhr man parallel mit einem Thema, was eigentlich nur f\u00fcr sensationsl\u00fcsternde Flachzangen taugt.<br \/>\nHabe in meinem Leben ein Haufen Leute kennen gelernt die es mit allen m\u00f6glichen Viechern getrieben hatten, nebenher tauchten immer wieder \u201everb\u00fcrgte\u201c Geschichten aus der unmittelbaren Umgebung auf&#8230;<br \/>\nZur Verurteilung von Sodomisten wurde im Osten, bis 1968, der 175er mit herangezogen.<br \/>\nIrgendwo taucht im Text diese Zeile auf: <em>&#8230;Aber es gibt Zoophile &#8211; auch Sodomisten genannt -,<\/em> &#8230;<br \/>\nNein! Nicht Sodomisten, das ist n\u00e4mlich diskriminierend und politisch nicht korrekt! Sie wollen Zoophile genannt werden, da der Stino sonst auf die Idee k\u00e4me, sie w\u00fcrden es lediglich mit Hunden und Katzen treiben&#8230;<br \/>\nEigentlich ist es mir reichlich egal, wie andere ihr Sexualleben gestalten, so lange man mich nicht\u00a0 zu solchen <em>Spielchen<\/em> zwingt. Auf der anderen Seite ist es schon recht merkw\u00fcrdig, wie in den letzten Jahren im gutb\u00fcrgerlichen Kiez die Population von Teppichratten und Flohcontainern in der Gr\u00f6\u00dfe von K\u00e4lbern zugenommen hat.<!--more--><br \/>\nVon Hundehaltung im innerst\u00e4dtischen Bereich halte ich nichts, noch dazu, wenn die Eigent\u00fcmer <strong>(<\/strong><em>Ein K\u00f6ter ist eine Sache!<\/em><strong>)<\/strong> den ganze Tag entfremdeter Arbeit mit \u00dcberstunden nachgehen und das arme Viech nur noch zum\u00a0 Kacken und Pissen raus kommt &#8211; schlie\u00dflich den Rest der Nacht in einer stinkenden Kneipe sein Dasein fristen darf&#8230;<br \/>\nGott sei Dank, sind es immer noch die Mehrzahl von Hundehaltern, die sich der entsprechenden\u00a0 Verantwortung bewusst sind.<br \/>\nWas mir auff\u00e4llt, die wenigen, wirklichen Sackst\u00e4nde sind hier im Kiez fast nur Frauen. Es beginnt mit der ewig vermummten Orientalin <strong>(<\/strong><em>Sicher eine latente Al-Quaidanerin<\/em><strong>)<\/strong> deren Dackel kl\u00e4fft wirklich bei jedem Schritt, hinzu kommt dieser Kl\u00e4ffer h\u00e4ngt an einer Rolleine von 6 oder 7 Metern. Habe es schon mehrfach erlebt, dass dieser Wau Wau pl\u00f6tzlich durch die parkenden Autos gezischt kommt und sich manchmal dabei regelrecht \u00fcberschl\u00e4gt wenn das Ende der Leine erreicht ist.<br \/>\nMontag wollte eine junge, d\u00fcrre Frau die Baguetterie entern, ging vor ihrem Hund <strong>(<\/strong><em>sehr spack, mittelgro\u00df, kurzhaarig, haupts\u00e4chlich wei\u00df<\/em><strong>)<\/strong> in die Knie, gab rechts und links einen Knutscher: \u201eMeine S\u00fc\u00dfe! Sch\u00f6n sitzen bleiben! Mammi kommt gleich wieder!\u201c Sowie sich <em>Mammchen<\/em> umdrehte, stand das Tier. Mehrfach kam diese Tusse noch mit erigiertem Zeigefinger raus, \u201eich habe dir doch gesagt, dass Mami gleich wieder kommt&#8230;\u201c<br \/>\nZwischendurch gab es dann immer noch ein K\u00fcsschen auf die N\u00e4se, w\u00e4hrend die blass-rote Zunge mit gekonntem Schwung jedes mal bei Mammi ums Kinn glitt&#8230;<br \/>\nAch so, mehrmals in der Woche taucht am Caf\u00e9 ein Typ mit einem freilaufenden Dobermann auf, der Hund ist eine gepflegte Erscheinung und h\u00f6rt fast immer auf Herrchen. Der Knaben kommt aber nicht darauf, dass es viel Menschen gibt, die vor solchem Hammel einfach Schiss haben, wenn er genau vor der Glast\u00fcre wartet.<br \/>\nZuf\u00e4lligerweise knallte dem Hund mal die Pendelt\u00fcr vor seine Birne, als ich raus ging. Sofort stand das Scheffchen neben mir und wollte etwas sagen. Bei seinem Weggang kam mit grimmiger Mine noch, er k\u00f6nne auch anders!<br \/>\n\u201eIch aber auch. Wei\u00dft du \u00fcberhaupt, dass K\u00f6ter, im Gegensatz zu Katzen saudumm sind? Wenn du willst, w\u00fcrde ich dir gerne mal eine Rechnung betreffs dieses Vierbeiners pr\u00e4sentieren. Allerdings muss du dich hinterher von ihm verabschieden! Du scheinst nicht zu wissen, eine T\u00f6le mit zerkleinertem Nasenbein kannst du n\u00e4mlich f\u00fcr immer vergessen&#8230;\u201c<br \/>\nFast jeder wird schon lange bemerkt haben, faires Verhalten wird regelm\u00e4\u00dfig als Schw\u00e4che ausgelegt, deshalb hacke ich immer gleich retour. Zumal Flachzangen umherirren, die viel Knete hinlegen um sich ein Statussymbol zuzulegen, damit auch jeder sehen kann, dass sie psychisch unrund laufen&#8230;<br \/>\n<a href=\"http:\/\/12decode.de\/zonenklaus\/wordpress\/wp-content\/uploads\/2013\/02\/IMG_6585-\u00e4.jpg\"><img loading=\"lazy\" decoding=\"async\" class=\"alignnone size-thumbnail wp-image-19952\" src=\"http:\/\/12decode.de\/zonenklaus\/wordpress\/wp-content\/uploads\/2013\/02\/IMG_6585-\u00e4-150x112.jpg\" alt=\"\" width=\"150\" height=\"112\" srcset=\"https:\/\/zonenklaus.de\/wordpress\/wp-content\/uploads\/2013\/02\/IMG_6585-\u00e4-150x112.jpg 150w, https:\/\/zonenklaus.de\/wordpress\/wp-content\/uploads\/2013\/02\/IMG_6585-\u00e4-300x225.jpg 300w, https:\/\/zonenklaus.de\/wordpress\/wp-content\/uploads\/2013\/02\/IMG_6585-\u00e4-1024x768.jpg 1024w, https:\/\/zonenklaus.de\/wordpress\/wp-content\/uploads\/2013\/02\/IMG_6585-\u00e4.jpg 1408w\" sizes=\"auto, (max-width: 150px) 100vw, 150px\" \/><\/a>Heute gelang mir ein Bild von einer anderen Hundemammi. Bevor sie in den Raum ging, redete die auf ihren vierbeinigen, m\u00e4nnlichen <em>Partner <\/em>ein, wie man es mit einem doofen Kleinkind <strong>(<\/strong><em>oder Ehemann<\/em><em><\/em><strong>)<\/strong> machen w\u00fcrde, dann wickelte die Tierfreundin eine Lederleine ab und konnte so den Verkaufstresen erreichen&#8230;<br \/>\nWie gesagt, die meisten bellenden Vierbeiner tun mir richtig leid. So manches mal frage ich mich, auch bei den Blondinen von \u201eAmicanis\u201c, wenn sie ihre Sch\u00fctzlinge vorm Laden, an der Gaslaterne und den Nachbarb\u00e4umen die Gesch\u00e4fte erledigen lassen, was sind das \u00fcberhaupt f\u00fcr Leute? Ganz zu schweigen von den Fu\u00dfg\u00e4ngern, da klangen mir schon manchmal S\u00e4tze im Ohr, wo ich nicht sicher war, ob sich in meiner Umgebung pl\u00f6tzlich Freig\u00e4nger aus einer Klapper befanden.<br \/>\nBei so manchem \u201eTierfreund\u201c, dessen Umgang mit Mensch und Tier ich dort schon registrieren durfte, dessen Gespr\u00e4chsfetzen vor diesem \u201e<a href=\"http:\/\/www.amicanis.de\/\">Hundehort<\/a>\u201c meine Lauscher erreichten, da beseelte mich eine geringe Zukunftserwartung, dass sich diese Leute nicht auch noch Menschenkinder halten&#8230;<\/p>\n<p><strong>Fu\u00dfnote 1<\/strong><br \/>\n<a href=\"http:\/\/12decode.de\/zonenklaus\/wordpress\/wp-content\/uploads\/2013\/02\/Dazer2-\u00e4.jpg\"><img loading=\"lazy\" decoding=\"async\" class=\"alignnone size-thumbnail wp-image-19940\" src=\"http:\/\/12decode.de\/zonenklaus\/wordpress\/wp-content\/uploads\/2013\/02\/Dazer2-\u00e4-71x150.jpg\" alt=\"\" width=\"71\" height=\"150\" srcset=\"https:\/\/zonenklaus.de\/wordpress\/wp-content\/uploads\/2013\/02\/Dazer2-\u00e4-71x150.jpg 71w, https:\/\/zonenklaus.de\/wordpress\/wp-content\/uploads\/2013\/02\/Dazer2-\u00e4-143x300.jpg 143w, https:\/\/zonenklaus.de\/wordpress\/wp-content\/uploads\/2013\/02\/Dazer2-\u00e4.jpg 337w\" sizes=\"auto, (max-width: 71px) 100vw, 71px\" \/><\/a>Seit den 80er Jahren besitze ich einen<a href=\"http:\/\/www.dazer2.de\/\"> DAZER<\/a>, dies ist mein drittes Teil. Es ist von gro\u00dfem Vorteil, das Ger\u00e4t in eine Schutzh\u00fclle zu packen, denn die vordere Membran darf unter keinen Umst\u00e4nden zerkratzt werden oder oxidieren!<br \/>\nDer DAZER funktioniert wirklich sehr gut &#8211; mehre Jahre!<br \/>\nWer notorischen Bammel vor Hunden hat, der sollte sich so ein Teil nicht zulegen!<br \/>\n<strong>(<\/strong><em>Es bedarf auf der anderen Seite relativ wenig Wissen \u00fcber gewisse Eigenheiten der Konstitution eines Hundes, beginnend bei den Augen in Verbindung mit seinen daraus resultierenden Reflexen&#8230;<\/em><strong>)<\/strong><br \/>\nAu\u00dferdem das Ger\u00e4t ab und zu mal testen, dabei allerdings nicht voll auf die eigenen Lauscher halten!<\/p>\n<p><strong>Fu\u00dfnote 2<\/strong><br \/>\nEine Band aus Deutschen Landen hat sich schon vor l\u00e4ngerer Zeit der Problematik von<br \/>\nZoophilisten gewidmet: \u201e<a href=\"http:\/\/www.youtube.com\/watch?v=_1hOH3NxASE\">Freddy<\/a>\u201c, \u201e<a href=\"http:\/\/www.youtube.com\/watch?v=pVFCxtoFQ2s\">Ferien auf dem Bauernhof<\/a>\u201c u.a.<br \/>\n<strong>PS.   \u2191<\/strong><br \/>\nIch wette, ehe \u201e<a href=\"http:\/\/www.bild.de\/regional\/hamburg\/heino\/rockt-hamburg-album-mit-freundlichen-gruessen-interview-28322302.bild.html\">Heino<\/a>\u201c von diese Gruppe Cover-Versionen produziert, kupfert er vorher im Metalsound die <a href=\"http:\/\/www.youtube.com\/watch?v=F0ppRf85JjA\">Kampf<\/a>&#8211; und Arbeiterlieder von Hannes Wader ab&#8230;<\/p>\n","protected":false},"excerpt":{"rendered":"<p>Wei\u00df gar nicht mehr, wo gestern der Hinweis auf diesen Artikel kam, sicherlich in der \u201ePresseschau\u201c auf D-Radio, da kein anderer Sender lief. Im Laufe des Tages schaute ich in der Onlineausgabe der Sch\u00fclerzeitung nach und fand ihn. Logisch, schlie\u00dflich hecheln sie manchmal aus althergebrachten Gr\u00fcnden und wegen der umsatzsteigernden Quoten auch recht skurrile Minderheiten [&hellip;]<\/p>\n","protected":false},"author":6,"featured_media":0,"comment_status":"open","ping_status":"open","sticky":false,"template":"","format":"standard","meta":{"footnotes":""},"categories":[1],"tags":[],"class_list":["post-19939","post","type-post","status-publish","format-standard","hentry","category-allgemeines"],"_links":{"self":[{"href":"https:\/\/zonenklaus.de\/wordpress\/index.php?rest_route=\/wp\/v2\/posts\/19939","targetHints":{"allow":["GET"]}}],"collection":[{"href":"https:\/\/zonenklaus.de\/wordpress\/index.php?rest_route=\/wp\/v2\/posts"}],"about":[{"href":"https:\/\/zonenklaus.de\/wordpress\/index.php?rest_route=\/wp\/v2\/types\/post"}],"author":[{"embeddable":true,"href":"https:\/\/zonenklaus.de\/wordpress\/index.php?rest_route=\/wp\/v2\/users\/6"}],"replies":[{"embeddable":true,"href":"https:\/\/zonenklaus.de\/wordpress\/index.php?rest_route=%2Fwp%2Fv2%2Fcomments&post=19939"}],"version-history":[{"count":15,"href":"https:\/\/zonenklaus.de\/wordpress\/index.php?rest_route=\/wp\/v2\/posts\/19939\/revisions"}],"predecessor-version":[{"id":19956,"href":"https:\/\/zonenklaus.de\/wordpress\/index.php?rest_route=\/wp\/v2\/posts\/19939\/revisions\/19956"}],"wp:attachment":[{"href":"https:\/\/zonenklaus.de\/wordpress\/index.php?rest_route=%2Fwp%2Fv2%2Fmedia&parent=19939"}],"wp:term":[{"taxonomy":"category","embeddable":true,"href":"https:\/\/zonenklaus.de\/wordpress\/index.php?rest_route=%2Fwp%2Fv2%2Fcategories&post=19939"},{"taxonomy":"post_tag","embeddable":true,"href":"https:\/\/zonenklaus.de\/wordpress\/index.php?rest_route=%2Fwp%2Fv2%2Ftags&post=19939"}],"curies":[{"name":"wp","href":"https:\/\/api.w.org\/{rel}","templated":true}]}}