{"id":19972,"date":"2013-02-05T21:18:43","date_gmt":"2013-02-05T20:18:43","guid":{"rendered":"http:\/\/12decode.de\/zonenklaus\/wordpress\/?p=19972"},"modified":"2013-05-22T23:52:10","modified_gmt":"2013-05-22T22:52:10","slug":"reg-presley-geht-nicht-mehr-einkaufen","status":"publish","type":"post","link":"https:\/\/zonenklaus.de\/wordpress\/?p=19972","title":{"rendered":"Reg Presley* geht nicht mehr einkaufen!"},"content":{"rendered":"<p><strong><\/strong><a href=\"http:\/\/www.sueddeutsche.de\/kultur\/the-troggs-wild-thing-saenger-reg-presley-ist-tot-1.1591626\">( * )<\/a><br \/>\nSogar <em>kulturzeit<\/em> klang heute mit SEINEM Song aus, scheinbar als Freudscher zur ausufernden, \u00f6den Sexismusdebatte&#8230;<br \/>\n<a href=\"http:\/\/www.youtube.com\/watch?v=gJ-JN1Sgt38\">Wild Thing<\/a>, im richtigen Moment, in der richtigen Runde aufgelegt, ward 1966 auf Feten der absolute Dosen\u00f6ffner!<br \/>\nNun dachte ich mir so, dass man da unbedingt noch einen drauflegen muss und wurde &#8220;nat\u00fcrlich&#8221; in der Tube f\u00fcndig und <a href=\"http:\/\/www.youtube.com\/watch?v=opkOJrINJIA\">Jimi<\/a> ging ja damals noch weiter.<br \/>\nAm Ende des Clips wurden zwei M\u00e4dels eingeblendet, den sah man richtig an, dass sie nach soviel Dekadenz zwangsl\u00e4ufig in das feministische Lager abdrifteten&#8230;<\/p>\n<p><strong>Fu\u00dfnote:<\/strong><br \/>\nF\u00fcr alle, die den simplen originaltext Text nicht mitgr\u00f6len konnten brachten ein paar <a href=\"http:\/\/www.club-e-marburg.de\/33_kingbeats.htm\">Hessek\u00f6pp<\/a>, im gleichen Jahr, eine <a href=\"http:\/\/www.youtube.com\/watch?v=Y-vFLz1bLXg\">deutsche Variante<\/a> heraus<\/p>\n","protected":false},"excerpt":{"rendered":"<p>( * ) Sogar kulturzeit klang heute mit SEINEM Song aus, scheinbar als Freudscher zur ausufernden, \u00f6den Sexismusdebatte&#8230; Wild Thing, im richtigen Moment, in der richtigen Runde aufgelegt, ward 1966 auf Feten der absolute Dosen\u00f6ffner! Nun dachte ich mir so, dass man da unbedingt noch einen drauflegen muss und wurde &#8220;nat\u00fcrlich&#8221; in der Tube f\u00fcndig [&hellip;]<\/p>\n","protected":false},"author":6,"featured_media":0,"comment_status":"open","ping_status":"open","sticky":false,"template":"","format":"standard","meta":{"footnotes":""},"categories":[38],"tags":[],"class_list":["post-19972","post","type-post","status-publish","format-standard","hentry","category-in-den-ewigen-jagdgrunden"],"_links":{"self":[{"href":"https:\/\/zonenklaus.de\/wordpress\/index.php?rest_route=\/wp\/v2\/posts\/19972","targetHints":{"allow":["GET"]}}],"collection":[{"href":"https:\/\/zonenklaus.de\/wordpress\/index.php?rest_route=\/wp\/v2\/posts"}],"about":[{"href":"https:\/\/zonenklaus.de\/wordpress\/index.php?rest_route=\/wp\/v2\/types\/post"}],"author":[{"embeddable":true,"href":"https:\/\/zonenklaus.de\/wordpress\/index.php?rest_route=\/wp\/v2\/users\/6"}],"replies":[{"embeddable":true,"href":"https:\/\/zonenklaus.de\/wordpress\/index.php?rest_route=%2Fwp%2Fv2%2Fcomments&post=19972"}],"version-history":[{"count":6,"href":"https:\/\/zonenklaus.de\/wordpress\/index.php?rest_route=\/wp\/v2\/posts\/19972\/revisions"}],"predecessor-version":[{"id":21047,"href":"https:\/\/zonenklaus.de\/wordpress\/index.php?rest_route=\/wp\/v2\/posts\/19972\/revisions\/21047"}],"wp:attachment":[{"href":"https:\/\/zonenklaus.de\/wordpress\/index.php?rest_route=%2Fwp%2Fv2%2Fmedia&parent=19972"}],"wp:term":[{"taxonomy":"category","embeddable":true,"href":"https:\/\/zonenklaus.de\/wordpress\/index.php?rest_route=%2Fwp%2Fv2%2Fcategories&post=19972"},{"taxonomy":"post_tag","embeddable":true,"href":"https:\/\/zonenklaus.de\/wordpress\/index.php?rest_route=%2Fwp%2Fv2%2Ftags&post=19972"}],"curies":[{"name":"wp","href":"https:\/\/api.w.org\/{rel}","templated":true}]}}