{"id":20100,"date":"2013-02-15T23:39:11","date_gmt":"2013-02-15T22:39:11","guid":{"rendered":"http:\/\/12decode.de\/zonenklaus\/wordpress\/?p=20100"},"modified":"2013-02-16T01:04:55","modified_gmt":"2013-02-16T00:04:55","slug":"1200-und-einen-verletzten-nach-meteoriten-absturz-am-ural","status":"publish","type":"post","link":"https:\/\/zonenklaus.de\/wordpress\/?p=20100","title":{"rendered":"1200 und einen Verletzten nach Meteoriten-Absturz am Ural"},"content":{"rendered":"<p>Nun sind ja gerade diese merkw\u00fcrdigen, seit Jahrzehnten perpetuierenden Erinnerungen an den 13ten und 14ten Februar 1945 wiedermal entfleucht, was die Fl\u00e4chenbombardements von Erbflorenz betrafen.<br \/>\nWill nicht weiter darauf eingehen, weshalb Nazideutschland in jeder Form weiter expandieren durfte, durch international geduldete Machenschaften der Alliierten nach dem I. Weltkrieg.<br \/>\nSp\u00e4ter begann ein Rundumschlag, als in der Sowjetunion ausgebildetes technisches Personal, 1936 bei der Zerst\u00f6rung von Guernica das \u201evermitteltes Wissen\u201c folgenlos ausprobieren durfte.<br \/>\nDrei Jahre sp\u00e4ter folgte der l\u00fcckenlose Versuch einer totalen Vernichtung von Warschau, Rotterdam, Coventry,\u00a0 Belgrad, London, Plymouth usw. &#8211; schon vergessen?<br \/>\nAlles dehnte sich weitere f\u00fcnfeinhalb Jahre aus, einschlie\u00dflich der verordneten, industriellen Vernichtung verschiedener Ethnien&#8230;<br \/>\nWas nach 1945, oft unter demokratischen Feigenbl\u00e4ttern ablief und millionenfache \u201eKollateralsch\u00e4den\u201c einschloss, darauf schei\u00dfe ich doch, was sollte mir denn sonst einfallen?<br \/>\nAch so, heute erdete sich ein <a href=\"http:\/\/www.gmx.net\/themen\/nachrichten\/panorama\/32a78e8-400-verletzte-meteoriteneinschlag-russland\">Weltraumbr\u00f6sel <\/a>in der N\u00e4he von Tscheljabinsk, wenige tausend Kilometer westlich der\u00a0 Region Krasnojarsk, wo vor \u00fcber 100 Jahren \u00e4hnliches abging. Heute, wie damals geschah fast nichts, zumindest nichts erw\u00e4hnenswertes, au\u00dfer rund 1500 Verletzen bei jenem g\u00f6ttlichen\u00a0 Event!<br \/>\nAlles vollkommen untauglich, was Quoten angeht!<br \/>\nDa nutzt es ebenso wenig, wenn darunter lediglich 200 verletzte Kinder sein sollten!<br \/>\nWas w\u00fcrde eigentlich passieren, wenn ich die Frage stellte, wie viel Leute in den letzten 24 Stunden ihren Arsch zugekniffen haben, ohne irgendwelche himmlischen Einfl\u00fcsse?<br \/>\nDa sollte es doch unerheblich sein, die gerade mal 1000 Verletzte \u00fcberhaupt zu erw\u00e4hnen!<\/p>\n","protected":false},"excerpt":{"rendered":"<p>Nun sind ja gerade diese merkw\u00fcrdigen, seit Jahrzehnten perpetuierenden Erinnerungen an den 13ten und 14ten Februar 1945 wiedermal entfleucht, was die Fl\u00e4chenbombardements von Erbflorenz betrafen. Will nicht weiter darauf eingehen, weshalb Nazideutschland in jeder Form weiter expandieren durfte, durch international geduldete Machenschaften der Alliierten nach dem I. Weltkrieg. Sp\u00e4ter begann ein Rundumschlag, als in der [&hellip;]<\/p>\n","protected":false},"author":6,"featured_media":0,"comment_status":"open","ping_status":"open","sticky":false,"template":"","format":"standard","meta":{"footnotes":""},"categories":[1],"tags":[],"class_list":["post-20100","post","type-post","status-publish","format-standard","hentry","category-allgemeines"],"_links":{"self":[{"href":"https:\/\/zonenklaus.de\/wordpress\/index.php?rest_route=\/wp\/v2\/posts\/20100","targetHints":{"allow":["GET"]}}],"collection":[{"href":"https:\/\/zonenklaus.de\/wordpress\/index.php?rest_route=\/wp\/v2\/posts"}],"about":[{"href":"https:\/\/zonenklaus.de\/wordpress\/index.php?rest_route=\/wp\/v2\/types\/post"}],"author":[{"embeddable":true,"href":"https:\/\/zonenklaus.de\/wordpress\/index.php?rest_route=\/wp\/v2\/users\/6"}],"replies":[{"embeddable":true,"href":"https:\/\/zonenklaus.de\/wordpress\/index.php?rest_route=%2Fwp%2Fv2%2Fcomments&post=20100"}],"version-history":[{"count":2,"href":"https:\/\/zonenklaus.de\/wordpress\/index.php?rest_route=\/wp\/v2\/posts\/20100\/revisions"}],"predecessor-version":[{"id":20102,"href":"https:\/\/zonenklaus.de\/wordpress\/index.php?rest_route=\/wp\/v2\/posts\/20100\/revisions\/20102"}],"wp:attachment":[{"href":"https:\/\/zonenklaus.de\/wordpress\/index.php?rest_route=%2Fwp%2Fv2%2Fmedia&parent=20100"}],"wp:term":[{"taxonomy":"category","embeddable":true,"href":"https:\/\/zonenklaus.de\/wordpress\/index.php?rest_route=%2Fwp%2Fv2%2Fcategories&post=20100"},{"taxonomy":"post_tag","embeddable":true,"href":"https:\/\/zonenklaus.de\/wordpress\/index.php?rest_route=%2Fwp%2Fv2%2Ftags&post=20100"}],"curies":[{"name":"wp","href":"https:\/\/api.w.org\/{rel}","templated":true}]}}