{"id":20198,"date":"2013-02-26T23:51:11","date_gmt":"2013-02-26T22:51:11","guid":{"rendered":"http:\/\/12decode.de\/zonenklaus\/wordpress\/?p=20198"},"modified":"2013-02-27T01:00:24","modified_gmt":"2013-02-27T00:00:24","slug":"heute-im-deutschlandfunk-vernommen","status":"publish","type":"post","link":"https:\/\/zonenklaus.de\/wordpress\/?p=20198","title":{"rendered":"Heute im Deutschlandfunk vernommen,"},"content":{"rendered":"<p>der <a href=\"http:\/\/www.dradio.de\/aodflash\/player.php?station=1&amp;broadcast=196843&amp;datum=20130226&amp;playtime=1361880822&amp;fileid=bdbf3b5d&amp;sendung=57967&amp;beitrag=2023041&amp;\/\">Politologe Butterwegge<\/a> meinte dort kurz und pr\u00e4gnant: <em>Das Wahlergebnis in Italien ist Ausdruck einer politischen Repr\u00e4sentationskrise<\/em><br \/>\nFast nebenbei lie\u00df der gro\u00dfe Meister in seinem letzten Absatz etwas einflie\u00dfen, er sprach: <em><strong>&#8230;<\/strong>von einer Bundesregierung, die auf Lohndumping gesetzt hat, mit Hartz IV diesen Prozess verst\u00e4rkt hat<strong>&#8230;<\/strong><\/em><br \/>\nKann ja sein, dass in diesen kurzlebigen Zeiten die Leute schon wieder vergessen haben, wen er damit meinen k\u00f6nnte.<br \/>\n&#8230;u.a. den Politnapoleon aus Hannover <strong>(<\/strong><em>Der nebenbei auch noch gerichtlich gegen die Behauptung vorging, er lie\u00dfe sich seine Loden t\u00f6nen.<\/em><strong>)<\/strong><strong> <\/strong>&#8211; auf keinen Fall m\u00f6chte ich in dem Zusammenhang seine Angetraute vergessen, die Frau K\u00f6pft-Schr\u00f6der, auf deren Mist angeblich der dusselig anmutenden Begriff: \u201eAgenda 2010\u201c, wuchs &#8211; den runden, kurzen Chlorophyllmarxisten und Mehrheitsbeschaffer,\u00a0 die Herren Hartz und R\u00fcrup, mehrere Gewerkschafter, Luxusdirnen aus Brasilien <strong>(<\/strong><em>Noch nicht mal in diesem Fall wurde etwas f\u00fcr den Erhalt der Arbeitspl\u00e4tzen von hiesigen Spermatherapeutinnen getan!<\/em><strong>)<\/strong> und viele andere schossen damals mehrere <a href=\"http:\/\/www.tacheles-sozialhilfe.de\/harry\/view.asp?ID=1068\">Breitseiten<\/a> gegen die sozialen Sicherungssysteme UNSERER Republik und, und, und&#8230;<\/p>\n","protected":false},"excerpt":{"rendered":"<p>der Politologe Butterwegge meinte dort kurz und pr\u00e4gnant: Das Wahlergebnis in Italien ist Ausdruck einer politischen Repr\u00e4sentationskrise Fast nebenbei lie\u00df der gro\u00dfe Meister in seinem letzten Absatz etwas einflie\u00dfen, er sprach: &#8230;von einer Bundesregierung, die auf Lohndumping gesetzt hat, mit Hartz IV diesen Prozess verst\u00e4rkt hat&#8230; Kann ja sein, dass in diesen kurzlebigen Zeiten die [&hellip;]<\/p>\n","protected":false},"author":6,"featured_media":0,"comment_status":"open","ping_status":"open","sticky":false,"template":"","format":"standard","meta":{"footnotes":""},"categories":[1],"tags":[],"class_list":["post-20198","post","type-post","status-publish","format-standard","hentry","category-allgemeines"],"_links":{"self":[{"href":"https:\/\/zonenklaus.de\/wordpress\/index.php?rest_route=\/wp\/v2\/posts\/20198","targetHints":{"allow":["GET"]}}],"collection":[{"href":"https:\/\/zonenklaus.de\/wordpress\/index.php?rest_route=\/wp\/v2\/posts"}],"about":[{"href":"https:\/\/zonenklaus.de\/wordpress\/index.php?rest_route=\/wp\/v2\/types\/post"}],"author":[{"embeddable":true,"href":"https:\/\/zonenklaus.de\/wordpress\/index.php?rest_route=\/wp\/v2\/users\/6"}],"replies":[{"embeddable":true,"href":"https:\/\/zonenklaus.de\/wordpress\/index.php?rest_route=%2Fwp%2Fv2%2Fcomments&post=20198"}],"version-history":[{"count":5,"href":"https:\/\/zonenklaus.de\/wordpress\/index.php?rest_route=\/wp\/v2\/posts\/20198\/revisions"}],"predecessor-version":[{"id":20202,"href":"https:\/\/zonenklaus.de\/wordpress\/index.php?rest_route=\/wp\/v2\/posts\/20198\/revisions\/20202"}],"wp:attachment":[{"href":"https:\/\/zonenklaus.de\/wordpress\/index.php?rest_route=%2Fwp%2Fv2%2Fmedia&parent=20198"}],"wp:term":[{"taxonomy":"category","embeddable":true,"href":"https:\/\/zonenklaus.de\/wordpress\/index.php?rest_route=%2Fwp%2Fv2%2Fcategories&post=20198"},{"taxonomy":"post_tag","embeddable":true,"href":"https:\/\/zonenklaus.de\/wordpress\/index.php?rest_route=%2Fwp%2Fv2%2Ftags&post=20198"}],"curies":[{"name":"wp","href":"https:\/\/api.w.org\/{rel}","templated":true}]}}