{"id":21033,"date":"2013-05-22T23:39:43","date_gmt":"2013-05-22T22:39:43","guid":{"rendered":"http:\/\/12decode.de\/zonenklaus\/wordpress\/?p=21033"},"modified":"2013-05-22T23:43:17","modified_gmt":"2013-05-22T22:43:17","slug":"trevor-bolder-geht-nun-auch-nicht-mehr-einkaufen","status":"publish","type":"post","link":"https:\/\/zonenklaus.de\/wordpress\/?p=21033","title":{"rendered":"Trevor Bolder geht nun auch nicht mehr einkaufen&#8230;"},"content":{"rendered":"<p>Als <strong><a href=\"http:\/\/www.spiegel.de\/kultur\/musik\/hardrockband-uriah-heep-britischer-bassist-trevor-bolder-ist-tot-a-901260.html\">er<\/a><\/strong> damals zu \u201e<a href=\"http:\/\/de.wikipedia.org\/wiki\/Uriah_Heep\">Uriah Heep<\/a>\u201c stie\u00df, waren deren Zeiten l\u00e4ngst abgelaufen, wenn sie die \u00fcberhaupt mal hatten&#8230;<br \/>\nEigentlich hat mir von ihnen nur \u201e<a href=\"http:\/\/de.wikipedia.org\/wiki\/Lady_in_Black\">Lady In Black<\/a>\u201c zugesagt. Dieser Fummelhit galt gleichzeitig noch als ein \u201eB\u00fcchsen\u00f6ffner\u201c, mit dem es fast immer gelang auch die schl\u00e4frigste Fete doch noch in Gang zu bekommen, au\u00dferdem bereitet selbiger Refrain keine gro\u00dfen textlichen Schwierigkeiten.<br \/>\nW\u00e4hrend meiner immensen Gier des Nachholbedarfs, an bis dato verpasster Mucken in den ersten Jahren nach meiner Ankunft im Westen, stand \u201eUH\u201c ganz oben auf meiner Liste und zweimal verlie\u00df ich nach kurzer Zeit deren Konzerte &#8211; einmal das in der \u201eEissporthalle\u201c und etwas sp\u00e4ter im \u201eQuartier Latin\u201c &#8211; sie waren auch zugedr\u00f6hnt bis unter die Sch\u00e4deldecke absolut nicht zu ertragen&#8230;<br \/>\nEnde letzten Monats, eigentlich wollte ich die angesagte Party als Sitzt\u00e4nzer verbringen, h\u00fcpfte\u00a0 schlie\u00dflich \u00fcber drei Stunden herum und zum Kehraus lief dann die \u201e<a href=\"http:\/\/www.myvideo.de\/watch\/7839287\/Lady_in_Black_Uriah_Heep\">Tante in Schwarz<\/a>\u201c.<\/p>\n","protected":false},"excerpt":{"rendered":"<p>Als er damals zu \u201eUriah Heep\u201c stie\u00df, waren deren Zeiten l\u00e4ngst abgelaufen, wenn sie die \u00fcberhaupt mal hatten&#8230; Eigentlich hat mir von ihnen nur \u201eLady In Black\u201c zugesagt. Dieser Fummelhit galt gleichzeitig noch als ein \u201eB\u00fcchsen\u00f6ffner\u201c, mit dem es fast immer gelang auch die schl\u00e4frigste Fete doch noch in Gang zu bekommen, au\u00dferdem bereitet selbiger [&hellip;]<\/p>\n","protected":false},"author":6,"featured_media":0,"comment_status":"open","ping_status":"open","sticky":false,"template":"","format":"standard","meta":{"footnotes":""},"categories":[38],"tags":[],"class_list":["post-21033","post","type-post","status-publish","format-standard","hentry","category-in-den-ewigen-jagdgrunden"],"_links":{"self":[{"href":"https:\/\/zonenklaus.de\/wordpress\/index.php?rest_route=\/wp\/v2\/posts\/21033","targetHints":{"allow":["GET"]}}],"collection":[{"href":"https:\/\/zonenklaus.de\/wordpress\/index.php?rest_route=\/wp\/v2\/posts"}],"about":[{"href":"https:\/\/zonenklaus.de\/wordpress\/index.php?rest_route=\/wp\/v2\/types\/post"}],"author":[{"embeddable":true,"href":"https:\/\/zonenklaus.de\/wordpress\/index.php?rest_route=\/wp\/v2\/users\/6"}],"replies":[{"embeddable":true,"href":"https:\/\/zonenklaus.de\/wordpress\/index.php?rest_route=%2Fwp%2Fv2%2Fcomments&post=21033"}],"version-history":[{"count":7,"href":"https:\/\/zonenklaus.de\/wordpress\/index.php?rest_route=\/wp\/v2\/posts\/21033\/revisions"}],"predecessor-version":[{"id":21039,"href":"https:\/\/zonenklaus.de\/wordpress\/index.php?rest_route=\/wp\/v2\/posts\/21033\/revisions\/21039"}],"wp:attachment":[{"href":"https:\/\/zonenklaus.de\/wordpress\/index.php?rest_route=%2Fwp%2Fv2%2Fmedia&parent=21033"}],"wp:term":[{"taxonomy":"category","embeddable":true,"href":"https:\/\/zonenklaus.de\/wordpress\/index.php?rest_route=%2Fwp%2Fv2%2Fcategories&post=21033"},{"taxonomy":"post_tag","embeddable":true,"href":"https:\/\/zonenklaus.de\/wordpress\/index.php?rest_route=%2Fwp%2Fv2%2Ftags&post=21033"}],"curies":[{"name":"wp","href":"https:\/\/api.w.org\/{rel}","templated":true}]}}