{"id":21052,"date":"2013-05-23T12:08:58","date_gmt":"2013-05-23T11:08:58","guid":{"rendered":"http:\/\/12decode.de\/zonenklaus\/wordpress\/?p=21052"},"modified":"2020-05-02T19:33:37","modified_gmt":"2020-05-02T18:33:37","slug":"claus-kleber-wettert-gegen-die-tagesschau","status":"publish","type":"post","link":"https:\/\/zonenklaus.de\/wordpress\/?p=21052","title":{"rendered":"Claus Kleber wettert gegen die &#8220;Tagesschau&#8221;"},"content":{"rendered":"<p>Recht hat er der Medienscheffoberpr\u00e4sidenten<strong><a href=\"http:\/\/www.gmx.net\/themen\/tv\/stars\/46ae6he-claus-kleber-wettert-tagesschau#.hero.Kleber%20kritisiert%20%22Tagesschau%22.771.270\">experte<\/a><\/strong>!<br \/>\nZumal mich die vorlesenden Tanten und Typen an meine Schulzeit erinnern, wenn sie ihre zensierten und aufgearbeiteten Texte krampfhaft vortragen. Alle schauen aus ihrer W\u00e4sche, wie damals meine Klassenkameraden und -Innen, wenn sie im Deutschunterricht nach der entsprechenden Rollenverteilung Texte von Klassikern ablasen&#8230;<br \/>\nAllerdings unterstelle ich dem smarten Herrn ganz en passant ein respektloses Verhalten. Ihm hat in den entscheidenden Jahren wahrscheinlich auch niemand vermittelt, bevor man los plappert, sollte man sich vorher mal selbst reflektieren.<br \/>\nWie dr\u00fcckte es die Toilettenfee vom Wolfsburger Hauptbahnhof immer aus? \u201eErst mal das Gehirn einschalten, warten bis es auf vollen Touren l\u00e4uft, etwas nachdenken und dann loslegen&#8230;\u201c<br \/>\nDas ZDF mit seiner entgegenkommenden Regierungssendermentalit\u00e4t <strong>(<\/strong><em>Conny Adenauer wollte sie damals schon, kam aber nicht mit durch.<\/em><strong>)<\/strong> ist keinen Deut besser als als die weit \u00e4ltere VHF-Station.<br \/>\nDeshalb sollte Herr Kleber endlich mal beginnen und den Dreck vor der eigenen Haust\u00fcr erstmal wegkehren! <strong>(<\/strong><em>Dies w\u00fcrde er ganz alleine gar nicht zuwege bringen&#8230;<\/em><strong>) <\/strong><br \/>\nSolange die Sender sich an Quoten, Werbeeinnahmen und am gef\u00e4lligen, abendf\u00fcllenden D\u00fcnnschiss der Privatstationen mit ihren \u00f6den Filmchen, \u201eKoch- und \u201eTalkshows\u201c orientieren, wird sich nichts \u00e4ndern. Fast h\u00e4tte die tiefsch\u00fcrfenden, politisch korrekte Salbadereien von fr\u00f6mmelnden Schw\u00e4tzern in irgendwelchen \u201eMagazinsendungen\u201c vergessen. Jene Heerscharen bleiben der Grund, weshalb bei mir das flimmernde <strong>(<\/strong><em>Ich besitze noch kein HDTV-Teil.<\/em><strong>)<\/strong> Verdummungsm\u00f6bel fast immer dunkel bleibt. Was habe ich denn davon, wenn man Abend f\u00fcr Abend, langj\u00e4hrig, ewig die gleichen Larven vorgesetzt bekommt? Die Masse von TV-Kosumenten kann wirklich froh sein, dass der Tag nur 24 Stunden hat und etwa ein Drittel davon mit Pennerei zugebracht werden muss.<br \/>\nDie fr\u00fcheren Sendepausen waren doch eine Erquickung, Aquarien-, Weltraum- und Eisenbahnansichten gingen gerade noch so.<!--more--><br \/>\nWeshalb kommen denn in der tiefen Nacht keine Hardcorepornos? M\u00f6glicherweise sind die doch von Fall zu Fall recht anregend, auch bei ganz verklemmten Zeitgenossen und der Nebeneffekt einer sich vielleicht hinterher entwickelnden Leibesfrucht ist doch beim heutigen Geburtenr\u00fcckgang nicht von der Hand zuweisen&#8230;<br \/>\nBei mir kommen seit vielen Jahren nur noch \u201eNachrichten\u201c vom <strong>DF<\/strong> und <strong>radiokultur<\/strong> an meine Lauscher. Obwohl die Qualit\u00e4t beim Rundfunk auch kontinuierlich nachl\u00e4sst &#8211; ein weltweites Ph\u00e4nomen, siehe BBC!<br \/>\nWeshalb in den \u201eNews\u201c immer mehr Selbstdarstellungen von irgendwelchen Politikerchen rein geschoben werden, verstehe wer will. Von denen kann doch die Mehrzahl sowieso keine Rede mehrt selbst verzapfen, da alles f\u00fcr die Plebse zumindest von Germanisten und P\u00fccholochen aufbereitet wird.<br \/>\nKomme mal retour zur TV-Station, wo sich Meister Kleber schafft.<br \/>\nBeginne mit einer Tatsache, die sich seit Jahren weltweit mit Hilfe der \u201epolitisch korrekten\u201c Verbalhurerei ausgebreitet hat, dass n\u00e4mlich der Homo Sapiens, wenn man einen davon instrumentalisieren m\u00f6chte, niemals mehr als Gesamtheit betrachtet wird. Jeder sucht lediglich den Teil seines Werdeganges heraus, der sich entsprechend der gerade anstehenden Situation optimal vermerkten l\u00e4sst, dies alles geschieht mit Hilfe der Medien. Will es mal so ausdr\u00fccken, von einer x-beliebigen Flachzange <strong>(<\/strong><em>Die vorher z. B. als Star, Experte oder \u201ePromi\u201c stilisiert wurde.<\/em><strong>)<\/strong> nimmt sich jeder den entsprechenden Lichtblick und schlachtet ihn aus, bis nichts anderes mehr vorhanden ist.<br \/>\nIn den Nachrichten ging es u. a. um das das \u201eWagner-Denk mal!\u201c in Leipzig, UNSER Verteidigungsminister durfte dazu einige S\u00e4tze ablassen, was recht gut passte, lenkte es doch recht gut von seiner momentanen Drohnennmisere <strong>(<\/strong><em>Sein Papa h\u00e4tte damals in der Reichskanzlei nicht solch einen Klops abliefern d\u00fcrfen!<\/em><strong>)<\/strong> ab, vielleicht war dieser Akt sein letzter, schlie\u00dflich \u201eh\u00e4lt\u201c \u00c4nschie weiter zu ihrem Minister, was nur bedeuten kann, dass er in der Folgezeit zum Abschuss freigegeben wurde&#8230;<br \/>\nSchon eine recht merkw\u00fcrdige Statue, nur gut, dass die Leipziger nicht den greisen <a href=\"http:\/\/www.google.de\/imgres?sa=X&amp;biw=1280&amp;bih=612&amp;tbm=isch&amp;tbnid=LiIAg9dWU0GrtM:&amp;imgrefurl=http:\/\/www.lvz-online.de\/nachrichten\/mitteldeutschland\/40-jahre-nischel-in-chemnitz--sockel-des-karl-marx-monuments-muss-saniert-werden\/r-mitteldeutschland-a-108311.html&amp;docid=kUq9SBXzLhwW7M&amp;imgurl=http:\/\/www.lvz-online.de\/files\/images\/bild_200x150\/00000291\/phpvomWrU20100916140802.jpg&amp;w=200&amp;h=150&amp;ei=FPidUaaZIM7ltQagsoCQDw&amp;zoom=1&amp;iact=hc&amp;vpx=1063&amp;vpy=309&amp;dur=2628&amp;hovh=120&amp;hovw=160&amp;tx=112&amp;ty=42&amp;page=1&amp;tbnh=120&amp;tbnw=158&amp;start=0&amp;ndsp=29&amp;ved=1t:429,r:18,s:0,i:135\">\u041b\u0435\u0432 \u0415\u0444\u0438\u043c\u043e\u0432\u0438\u0447 \u041a\u0435\u0440\u0431\u0435\u043b\u044c <\/a>auserw\u00e4hlten, der h\u00e4tte ihnen wieder einen \u201eNischel\u201c hingezaubert&#8230;<br \/>\nWenn mir nicht bekannt w\u00e4re, dass Stephan Balkenhol als Sch\u00f6pfer dieses Werkes gilt &#8211; ich h\u00e4tte sie der Heimwerkerei einer Therapiegruppe zugeordnet &#8211; wei\u00df nicht, was selbige Klitterung tats\u00e4chlich aussagen sollte?<br \/>\nOb man zum besseren Verst\u00e4ndnis lediglich jenen uns\u00e4glichen Werbegag aus Berlin ummodeln\u00a0 muss?<br \/>\n\u201eSei Komponist, Sei Antisemit &#8211; Sei Denkmal!\u201c<br \/>\nLasse es dabei bewenden, gehe aber auf die wohlfeilen Komplimente vom Herrn der Drohnen nicht weiter ein.<br \/>\nIn Erinnerung eines jahrelang wiederkehrenden Spruches auf meinen Schulzeugnissen &#8211; Klaus muss immer das letzte Wort haben &#8211; suche ich mir auch eine Seite von Richard Wagner aus!<br \/>\nDie vormals patriotische, denn er stand im Zuge der <a href=\"http:\/\/de.wikipedia.org\/wiki\/Dresdner_Maiaufstand\">Revolution von 1848\/49<\/a> neben Michael Bakunin und Gottfried Semper in Dresden auf den Barrikaden&#8230;<\/p>\n","protected":false},"excerpt":{"rendered":"<p>Recht hat er der Medienscheffoberpr\u00e4sidentenexperte! Zumal mich die vorlesenden Tanten und Typen an meine Schulzeit erinnern, wenn sie ihre zensierten und aufgearbeiteten Texte krampfhaft vortragen. Alle schauen aus ihrer W\u00e4sche, wie damals meine Klassenkameraden und -Innen, wenn sie im Deutschunterricht nach der entsprechenden Rollenverteilung Texte von Klassikern ablasen&#8230; Allerdings unterstelle ich dem smarten Herrn ganz [&hellip;]<\/p>\n","protected":false},"author":6,"featured_media":0,"comment_status":"open","ping_status":"open","sticky":false,"template":"","format":"standard","meta":{"footnotes":""},"categories":[37],"tags":[],"class_list":["post-21052","post","type-post","status-publish","format-standard","hentry","category-gmx-war-dabei"],"_links":{"self":[{"href":"https:\/\/zonenklaus.de\/wordpress\/index.php?rest_route=\/wp\/v2\/posts\/21052","targetHints":{"allow":["GET"]}}],"collection":[{"href":"https:\/\/zonenklaus.de\/wordpress\/index.php?rest_route=\/wp\/v2\/posts"}],"about":[{"href":"https:\/\/zonenklaus.de\/wordpress\/index.php?rest_route=\/wp\/v2\/types\/post"}],"author":[{"embeddable":true,"href":"https:\/\/zonenklaus.de\/wordpress\/index.php?rest_route=\/wp\/v2\/users\/6"}],"replies":[{"embeddable":true,"href":"https:\/\/zonenklaus.de\/wordpress\/index.php?rest_route=%2Fwp%2Fv2%2Fcomments&post=21052"}],"version-history":[{"count":5,"href":"https:\/\/zonenklaus.de\/wordpress\/index.php?rest_route=\/wp\/v2\/posts\/21052\/revisions"}],"predecessor-version":[{"id":34460,"href":"https:\/\/zonenklaus.de\/wordpress\/index.php?rest_route=\/wp\/v2\/posts\/21052\/revisions\/34460"}],"wp:attachment":[{"href":"https:\/\/zonenklaus.de\/wordpress\/index.php?rest_route=%2Fwp%2Fv2%2Fmedia&parent=21052"}],"wp:term":[{"taxonomy":"category","embeddable":true,"href":"https:\/\/zonenklaus.de\/wordpress\/index.php?rest_route=%2Fwp%2Fv2%2Fcategories&post=21052"},{"taxonomy":"post_tag","embeddable":true,"href":"https:\/\/zonenklaus.de\/wordpress\/index.php?rest_route=%2Fwp%2Fv2%2Ftags&post=21052"}],"curies":[{"name":"wp","href":"https:\/\/api.w.org\/{rel}","templated":true}]}}