{"id":21087,"date":"2013-05-29T23:00:05","date_gmt":"2013-05-29T22:00:05","guid":{"rendered":"http:\/\/12decode.de\/zonenklaus\/wordpress\/?p=21087"},"modified":"2017-10-19T15:31:06","modified_gmt":"2017-10-19T14:31:06","slug":"wg-public-viewing-im-eingezaunten-tiergarten","status":"publish","type":"post","link":"https:\/\/zonenklaus.de\/wordpress\/?p=21087","title":{"rendered":"wg. Public Viewing* im eingez\u00e4unten Tiergarten"},"content":{"rendered":"<p><strong>*<\/strong>im neudeutschem Kauderwelsch wird dieser Begriff f\u00fcr Rudelglotzen benutzt.<br \/>\nZwangsl\u00e4ufig habe ich vor langer Zeit auch eine gro\u00dfe Anzahl \u00e4hnlicher Situationen erlebt, jenes widerliche Feeling, stundenlang eingekeilt in der Masse herumzuh\u00e4ngen. Allein die Tatsache, bereits als Kind mit der Meute zu demonstrieren, sp\u00e4ter bei den stinklangweiligen Kundgebungen auszuharren, hatte mir schon beizeiten m\u00e4chtig gestunken. Was mich ganz gem\u00e4chlich zum gesellschaftlichen Verweigerer werden lie\u00df, weil ich immer \u00f6fters solchen verordnenden Ansammlungen fern blieb, damit verbundenen Strafen wurden anschlie\u00dfend unter Ulk verbucht.<br \/>\nAls Mittzwanziger gings dann freiwillig in \u00e4hnliche Situationen. Bei der Unmasse an Popkonzerten, erhottete ich mir allerdings stoned ewig die entsprechende Freir\u00e4ume.<br \/>\nWenn Bilder von den heutigen Millionen-Events irgendwo laufen, gerade zu entsprechenden Balltreterdarbietungen, sich wildfremde Massen mit irren Blicken um die H\u00e4lse fallen und teilweise wie K\u00f6ter abschlecken &#8211; wei\u00df nicht, ist alles nicht mein Ding.<br \/>\nD\u00fcrfen sie ja auch, schlie\u00dflich handelt es sich dabei um ein orgiastisches Massenph\u00e4nomen, was mich unter solchen Umst\u00e4nden absolut nicht ant\u00f6rnt, weil das gegenseitige Verst\u00e4ndnis fehlt.<br \/>\n<strong>&gt;<\/strong><em>\u201eOmnia tempus habent\u201c<\/em><strong>*<\/strong><em> &#8211; w\u00e4hrend Swingerf\u00eaten war das etwas anderes, wenn man \u00fcbereinander herfiel &#8211; &#8220;opportet quod libet&#8221;<\/em><strong>*<\/strong><em> &#8211; dies verband bis zum Exzess&#8230; <\/em>(<strong>*<\/strong><em>aus dem Asterix<\/em>)<strong>&lt;<\/strong><br \/>\nBin wiedermal abgedriftet.<!--more--><br \/>\nMuss Trotzdem erneut ausholen und bringe dazu einen Spruch von Jean-Jacques Rousseau: <strong>\u201e<\/strong>Die Freiheit des Menschen liegt nicht darin, dass er tun kann, was er will, sondern dass er nicht tun muss, was er nicht will.<strong>\u201c<\/strong><br \/>\nWas mir gewaltig stinkt, f\u00fcr diese geplante <a href=\"http:\/\/www.bz-berlin.de\/bezirk\/tiergarten\/der-tiergarten-zaun-spaltet-berlin-article1685821.html\">Unversch\u00e4mtheit<\/a> sieht es momentan noch so aus, als ob man wegen latenter Rudelinstinkte einer Minderheit zu Kreuze kriechen will, allerdings die kleinen Freiheiten von Millionen eingeschr\u00e4nkt werden sollen, letztlich nur aus pekuni\u00e4ren Gr\u00fcnden&#8230;<br \/>\nIn dem Kontext gibt es keine bessere Argumentation, als die Hurerei mit vorgeschobenen Sicherheitsspielchen und alles kann noch mit anstehendem Terror begr\u00fcndet werden.<br \/>\nWas aber nicht z\u00e4hlt, denn die Zeiten der Heimwerkerbomberei ist ein Auslaufmodell!<br \/>\nWo blieben eigentlich die Sicherheitsbedenken anl\u00e4sslich der Liebesparade 2010 in Duisburg, als \u00fcber eine Millionen und ein paar <em>Zerquetschte<\/em> lediglich Fun haben wollten, es sogar ohne Mithilfe der Al-Quaida 21 Tote gab?<br \/>\nAuch fast drei Jahre nach dem Debakel ist noch keiner zur\u00a0 Rechenschaft gezogen worden, da wird bestimmt auch nicht viel bei herauskommen. <strong>(<\/strong><em>Ich k\u00f6nnte jetzt auch noch einen Bogen schlagen, was deutsche Gerichtsbarkeit betrifft und deren Umgang z. B. mit der NSU oder dem Pr\u00fcgelmord in Berlin und, und, und&#8230; Lasse es aber sein, denn da ist mein Zynismus nicht angebracht.<\/em><strong>) <\/strong><br \/>\nAls ob die vorgesehenen Einz\u00e4unungen &#8211; im historischem Bauhausdesign &#8211; in irgendeiner Form Irre von ihren Vorhaben abhalten k\u00f6nnten.<br \/>\n<a href=\"http:\/\/12decode.de\/zonenklaus\/wordpress\/wp-content\/uploads\/2013\/05\/KZ-\u00e4\u00f6.jpg\"><img loading=\"lazy\" decoding=\"async\" class=\"alignleft size-thumbnail wp-image-21088\" src=\"http:\/\/12decode.de\/zonenklaus\/wordpress\/wp-content\/uploads\/2013\/05\/KZ-\u00e4\u00f6-150x118.jpg\" alt=\"\" width=\"150\" height=\"118\" srcset=\"https:\/\/zonenklaus.de\/wordpress\/wp-content\/uploads\/2013\/05\/KZ-\u00e4\u00f6-150x118.jpg 150w, https:\/\/zonenklaus.de\/wordpress\/wp-content\/uploads\/2013\/05\/KZ-\u00e4\u00f6-300x237.jpg 300w, https:\/\/zonenklaus.de\/wordpress\/wp-content\/uploads\/2013\/05\/KZ-\u00e4\u00f6.jpg 634w\" sizes=\"auto, (max-width: 150px) 100vw, 150px\" \/><\/a><\/p>\n<p>Der Zaun auf meinem Photo w\u00fcrde wesentlich preiswerter ausfallen.<br \/>\nAu\u00dferdem k\u00f6nnte man wahlweise alle vorhandenen Fl\u00e4chen vor und hinter der Drahtsperre &#8211; die sich gegebenenfalls auch elektrifizieren lie\u00dfe &#8211; entsprechend des eintretenden Ernstfalles beleben&#8230;<br \/>\nIm Jahre 1970 entstand dieses Bild 60 Kilometer westlich von Krak\u00f3w, Breite: 50 Grad 03&#8243;43 &#8211; L\u00e4nge: 19 Grad 94&#8243;97.<br \/>\nSelbige Einfriedung entspr\u00e4che sogar einer prognostischen Planung, denn in wenigen Jahren werden die, dann ehemals reichen Nationen der n\u00f6rdlichen Hemisph\u00e4re, ihr \u00dcberleben nur noch in \u00d6kodiktaturen genie\u00dfen k\u00f6nnen&#8230;<br \/>\nWie sollen \u00fcberhaupt jene gef\u00e4hrdeten Gaffer im Flucht- und Katastrophenfall \u00fcber den\u00a0 2 Meter 10 hohen lanzenf\u00f6rmigen Zaun entfleuchen um auf die Evakuierungsfl\u00e4chen zu gelangen? Klar, Security, Rotkreuzhelfer und Polizei helfen mit R\u00e4uberleitern&#8230;<br \/>\nWeshalb kommt eigentlich niemand auf die Idee und bezieht das Gel\u00e4nde vom ehemaligen Flughafen Tempeldorf in eine Planung f\u00fcr \u00fcberdimensionierte Veranstaltungen ein? Alles ist bereits mit Maschendraht umgeben, hinzu kommt das vorhandene frei Schussfeld im E-Fall! Au\u00dferdem lie\u00dfen sich dort ohne gro\u00dfen Aufwand Drohnen einsetzen, wenn sie heute schon mal auf dem Einkaufszettel stehen.<br \/>\nS\u00e4mtliche Events d\u00fcrften als st\u00e4ndige Einrichtung aber lediglich in der Zeit von Mai bis Oktober stattfinden, da nur Neglig\u00e9s und Schlafanz\u00fcge f\u00fcr Zuschauer zwingend vorgeschrieben w\u00e4ren.<br \/>\nAllerdings kann auf den Einsatz von K\u00f6rperscannern trotzdem nicht verzichtet werden, nicht auszudenken, jemand hat sein Rektum voll Semtex gestopft&#8230;<br \/>\n<strong>Fu\u00dfnote:<\/strong><br \/>\nEine andere M\u00f6glichkeit Millionen von Menschen in Schach zu halten, haben wir 1985 in Rotchina bewundern k\u00f6nnen. Anl\u00e4sslich eines Drachenfestes in Weifang, waren f\u00fcr uns mehrere Quadratkilometer entsprechend vorbereitet worden. Als Markierung daf\u00fcr galt ein schnurgerade gezogener Strich im Sandboden. Diszipliniert stellten sich die Zuschauer mehrere Zentimeter dahinter auf und erstarrten fast zu Salzs\u00e4ulen. Ungef\u00e4hr zehn Meter weiter, in Richtung unseres freien Feldes, wurden im Abstand von vielleicht 25 Meter Soldaten postiert. Bei jedem hing am Koppel ein Motorrad-Akku, aus dem ein Kabel zu dem \u00fcber einen Meter langen Schlagstock f\u00fchrte, der vorne eine Drahtspirale besa\u00df. Diese Viehtreiber waren mit mehren 100 000 Volt geladen.<br \/>\nSo ginge es auch.<br \/>\nVier Jahre sp\u00e4ter war nix mehr mit lustig!<br \/>\nDa wurden auf dem \u201e<a href=\"http:\/\/www.youtube.com\/watch?v=LBN11-F8kh8\">Tien An Men Platz<\/a>\u201c Panzer eingesetzt.<br \/>\n24 Jahre Sp\u00e4ter werden die Verantwortlichen von damals untert\u00e4nigst hofiert, gerade geschehen&#8230;<\/p>\n<p><span style=\"text-decoration: underline;\"><strong>D<\/strong>a wir bisher noch keine chinesischen Verh\u00e4ltnisse haben, m\u00fcssten doch tausende auf die Stra\u00dfe gehen, um diesem Schwachsinn Einhalt zu gebieten!<\/span><\/p>\n","protected":false},"excerpt":{"rendered":"<p>*im neudeutschem Kauderwelsch wird dieser Begriff f\u00fcr Rudelglotzen benutzt. Zwangsl\u00e4ufig habe ich vor langer Zeit auch eine gro\u00dfe Anzahl \u00e4hnlicher Situationen erlebt, jenes widerliche Feeling, stundenlang eingekeilt in der Masse herumzuh\u00e4ngen. Allein die Tatsache, bereits als Kind mit der Meute zu demonstrieren, sp\u00e4ter bei den stinklangweiligen Kundgebungen auszuharren, hatte mir schon beizeiten m\u00e4chtig gestunken. Was [&hellip;]<\/p>\n","protected":false},"author":6,"featured_media":0,"comment_status":"open","ping_status":"open","sticky":false,"template":"","format":"standard","meta":{"footnotes":""},"categories":[1],"tags":[],"class_list":["post-21087","post","type-post","status-publish","format-standard","hentry","category-allgemeines"],"_links":{"self":[{"href":"https:\/\/zonenklaus.de\/wordpress\/index.php?rest_route=\/wp\/v2\/posts\/21087","targetHints":{"allow":["GET"]}}],"collection":[{"href":"https:\/\/zonenklaus.de\/wordpress\/index.php?rest_route=\/wp\/v2\/posts"}],"about":[{"href":"https:\/\/zonenklaus.de\/wordpress\/index.php?rest_route=\/wp\/v2\/types\/post"}],"author":[{"embeddable":true,"href":"https:\/\/zonenklaus.de\/wordpress\/index.php?rest_route=\/wp\/v2\/users\/6"}],"replies":[{"embeddable":true,"href":"https:\/\/zonenklaus.de\/wordpress\/index.php?rest_route=%2Fwp%2Fv2%2Fcomments&post=21087"}],"version-history":[{"count":13,"href":"https:\/\/zonenklaus.de\/wordpress\/index.php?rest_route=\/wp\/v2\/posts\/21087\/revisions"}],"predecessor-version":[{"id":30249,"href":"https:\/\/zonenklaus.de\/wordpress\/index.php?rest_route=\/wp\/v2\/posts\/21087\/revisions\/30249"}],"wp:attachment":[{"href":"https:\/\/zonenklaus.de\/wordpress\/index.php?rest_route=%2Fwp%2Fv2%2Fmedia&parent=21087"}],"wp:term":[{"taxonomy":"category","embeddable":true,"href":"https:\/\/zonenklaus.de\/wordpress\/index.php?rest_route=%2Fwp%2Fv2%2Fcategories&post=21087"},{"taxonomy":"post_tag","embeddable":true,"href":"https:\/\/zonenklaus.de\/wordpress\/index.php?rest_route=%2Fwp%2Fv2%2Ftags&post=21087"}],"curies":[{"name":"wp","href":"https:\/\/api.w.org\/{rel}","templated":true}]}}