{"id":21751,"date":"2013-07-25T01:39:06","date_gmt":"2013-07-25T00:39:06","guid":{"rendered":"http:\/\/12decode.de\/zonenklaus\/wordpress\/?p=21751"},"modified":"2013-07-25T01:39:06","modified_gmt":"2013-07-25T00:39:06","slug":"partielle-wahrnehmungen","status":"publish","type":"post","link":"https:\/\/zonenklaus.de\/wordpress\/?p=21751","title":{"rendered":"Partielle Wahrnehmungen"},"content":{"rendered":"<p>Wenn ein \u00a7\u00a7-Komiker f\u00fcr den <em> <\/em><a href=\"http:\/\/www.songtextemania.com\/stress_ohne_grund_songtext_bushido.html\">glanzvoll-lyrischen Text<\/a> des deutsch-tunesischen Mutters\u00f6hnchens einen Freibrief ausstellt und meint alles ist gut, wenn er mit dem Feigenblatt der <em>k\u00fcnstlerischen Freiheit<\/em> gedeckelt wird, dann hat doch f\u00fcr mich der <em>Zynismus<\/em> jenes <a href=\"http:\/\/www.bild.de\/politik\/ausland\/griechenland-krise\/griechen-saenger-antonis-remos-verhoehnt-finanzminister-schaeuble-31512236.bild.html\">Deutsch-Griechen<\/a> die gleiche Wertigkeit.<br \/>\nOder sehe ich jenen Auswuchs, eines recht merkw\u00fcrdigen Demokratieverst\u00e4ndnisses, wieder ganz falsch? Der S\u00e4nger Antonis Remos muss, im Gegensatz zu Bushido-Effendi, irgendetwas falsch gemacht haben, wenn bei ihm lediglich eine Schlagzeile in der BILD heraussprang, denn der Index-Werbegag hat sich doch wirklich gelohnt, denn die Blindfische kaufen, kaufen, kaufen&#8230;<br \/>\nHier weise ich noch auf ein <a href=\"http:\/\/www.welt.de\/vermischtes\/article118147140\/Auf-dem-besten-Wege-in-die-absolute-Verbloedung.html\">Interview<\/a> hin, wo es um die Vorstellung eines Buches vom <em>Jugendforscher <\/em>Bernhard Heinzlmaier geht, der auch wieder aus einem Elfenbeinturm heraus, den Versuch startete, auf die zunehmende Verdummung der heranwachsenden Generation hinzuweisen.<br \/>\nAls ob dieses vorherrschende Ph\u00e4nomen etwas ganz neues ist, da liegen seit Jahrtausenden bereits, bestimmt auch kl\u00fcgere Leute als er weltweit auf Friedh\u00f6fen herum, die als genaue Beobachter und agile Symptombek\u00e4mpfer einen gewissen Bekanntheitsgrad errangen, aber bleibend ge\u00e4ndert hat sich dann doch nichts.<br \/>\nZumindest gibt der martialische Titel etwas her: <strong>&#8220;Performer, Styler, Egoisten: \u00dcber eine Jugend, der die Alten die Ideale abgew\u00f6hnt haben&#8221; <\/strong>und der <a href=\"http:\/\/jugendkultur.at\/wp-content\/uploads\/Bestellformular_Performer_Styler_Egoisten_2013.pdf\">Umschlag<\/a> erst, sein psychedelisch gestyltes Aussehen wird bei jedem linkslastigen IKEA-Spie\u00dfer als besondere Zierde seines Billy Regals gelten k\u00f6nnen, neben Frauenliteratur und \u00e4hnlichen Erzeugnissen von <em>P\u00e4dagochen, P\u00fccho-<\/em> und <em>Soziolochen&#8230;<\/em><br \/>\n<em>&#8230;der die Alten die Ideale abgew\u00f6hnt haben<\/em>, wenn meine aufkommende Belustigung quietschen w\u00fcrde, m\u00fcsste ich mir sofort eine \u00d6lkanne holen.<br \/>\nNix &#8230;DIE ALTEN&#8230;, bereits seit \u00fcber hundert Jahren gehen die geistig-moralischen Ideale rasant den Berg hinab, weil niemals versucht wurde die Folgen der langwierigen Kolonialpolitik nebst derer von zwei Weltkriege aufzuarbeiten. Was au\u00dferdem niemals m\u00f6glich gewesen w\u00e4re, da solches Verlangen lediglich ansatzweise, blo\u00df sehr kurzfristig im Sinne des menschenm\u00f6glichen Tuns vorhanden ist und das auch immer nur bei Minderheiten&#8230;<\/p>\n<p>Hier noch ein Beispiel neuerlicher Verbl\u00f6dung, ausgehend vom Bit-Knecht DER WELT, wobei ein <em>P\u00fccholoche<\/em> bestimmt die Vorarbeit leistete. Wehrlos muss ich \u00fcber mich ergehen lassen, dass sich die aufgerufene Seite nach einer halben Stunde bei mir bedankt, weil ich wieder bei ihr gelandet bin. \u00c4hnlich der Spr\u00fcche jener M\u00e4gde an der Kasse von Feinkost-LIDL, wenn sie nach dem Kassieren herunterleiern m\u00fcssen: &#8220;Ich bedanke mich f\u00fcr Ihren Einkauf, bitte beehren sie uns bald wieder!&#8221;<br \/>\n<a href=\"http:\/\/12decode.de\/zonenklaus\/wordpress\/wp-content\/uploads\/2013\/07\/IMG_9826-\u00e4.jpg\"><img loading=\"lazy\" decoding=\"async\" class=\"alignleft size-thumbnail wp-image-21758\" src=\"http:\/\/12decode.de\/zonenklaus\/wordpress\/wp-content\/uploads\/2013\/07\/IMG_9826-\u00e4-150x112.jpg\" alt=\"\" width=\"150\" height=\"112\" srcset=\"https:\/\/zonenklaus.de\/wordpress\/wp-content\/uploads\/2013\/07\/IMG_9826-\u00e4-150x112.jpg 150w, https:\/\/zonenklaus.de\/wordpress\/wp-content\/uploads\/2013\/07\/IMG_9826-\u00e4-300x224.jpg 300w, https:\/\/zonenklaus.de\/wordpress\/wp-content\/uploads\/2013\/07\/IMG_9826-\u00e4-1024x767.jpg 1024w, https:\/\/zonenklaus.de\/wordpress\/wp-content\/uploads\/2013\/07\/IMG_9826-\u00e4.jpg 1358w\" sizes=\"auto, (max-width: 150px) 100vw, 150px\" \/><\/a><a href=\"http:\/\/12decode.de\/zonenklaus\/wordpress\/wp-content\/uploads\/2013\/07\/IMG_9827-\u00e4.jpg\"><img loading=\"lazy\" decoding=\"async\" class=\"alignleft size-thumbnail wp-image-21759\" src=\"http:\/\/12decode.de\/zonenklaus\/wordpress\/wp-content\/uploads\/2013\/07\/IMG_9827-\u00e4-133x150.jpg\" alt=\"\" width=\"133\" height=\"150\" srcset=\"https:\/\/zonenklaus.de\/wordpress\/wp-content\/uploads\/2013\/07\/IMG_9827-\u00e4-133x150.jpg 133w, https:\/\/zonenklaus.de\/wordpress\/wp-content\/uploads\/2013\/07\/IMG_9827-\u00e4-266x300.jpg 266w, https:\/\/zonenklaus.de\/wordpress\/wp-content\/uploads\/2013\/07\/IMG_9827-\u00e4-909x1023.jpg 909w, https:\/\/zonenklaus.de\/wordpress\/wp-content\/uploads\/2013\/07\/IMG_9827-\u00e4.jpg 997w\" sizes=\"auto, (max-width: 133px) 100vw, 133px\" \/><\/a><\/p>\n","protected":false},"excerpt":{"rendered":"<p>Wenn ein \u00a7\u00a7-Komiker f\u00fcr den glanzvoll-lyrischen Text des deutsch-tunesischen Mutters\u00f6hnchens einen Freibrief ausstellt und meint alles ist gut, wenn er mit dem Feigenblatt der k\u00fcnstlerischen Freiheit gedeckelt wird, dann hat doch f\u00fcr mich der Zynismus jenes Deutsch-Griechen die gleiche Wertigkeit. Oder sehe ich jenen Auswuchs, eines recht merkw\u00fcrdigen Demokratieverst\u00e4ndnisses, wieder ganz falsch? Der S\u00e4nger Antonis [&hellip;]<\/p>\n","protected":false},"author":6,"featured_media":0,"comment_status":"open","ping_status":"open","sticky":false,"template":"","format":"standard","meta":{"footnotes":""},"categories":[1],"tags":[],"class_list":["post-21751","post","type-post","status-publish","format-standard","hentry","category-allgemeines"],"_links":{"self":[{"href":"https:\/\/zonenklaus.de\/wordpress\/index.php?rest_route=\/wp\/v2\/posts\/21751","targetHints":{"allow":["GET"]}}],"collection":[{"href":"https:\/\/zonenklaus.de\/wordpress\/index.php?rest_route=\/wp\/v2\/posts"}],"about":[{"href":"https:\/\/zonenklaus.de\/wordpress\/index.php?rest_route=\/wp\/v2\/types\/post"}],"author":[{"embeddable":true,"href":"https:\/\/zonenklaus.de\/wordpress\/index.php?rest_route=\/wp\/v2\/users\/6"}],"replies":[{"embeddable":true,"href":"https:\/\/zonenklaus.de\/wordpress\/index.php?rest_route=%2Fwp%2Fv2%2Fcomments&post=21751"}],"version-history":[{"count":13,"href":"https:\/\/zonenklaus.de\/wordpress\/index.php?rest_route=\/wp\/v2\/posts\/21751\/revisions"}],"predecessor-version":[{"id":21766,"href":"https:\/\/zonenklaus.de\/wordpress\/index.php?rest_route=\/wp\/v2\/posts\/21751\/revisions\/21766"}],"wp:attachment":[{"href":"https:\/\/zonenklaus.de\/wordpress\/index.php?rest_route=%2Fwp%2Fv2%2Fmedia&parent=21751"}],"wp:term":[{"taxonomy":"category","embeddable":true,"href":"https:\/\/zonenklaus.de\/wordpress\/index.php?rest_route=%2Fwp%2Fv2%2Fcategories&post=21751"},{"taxonomy":"post_tag","embeddable":true,"href":"https:\/\/zonenklaus.de\/wordpress\/index.php?rest_route=%2Fwp%2Fv2%2Ftags&post=21751"}],"curies":[{"name":"wp","href":"https:\/\/api.w.org\/{rel}","templated":true}]}}