{"id":21775,"date":"2013-07-30T02:00:54","date_gmt":"2013-07-30T01:00:54","guid":{"rendered":"http:\/\/12decode.de\/zonenklaus\/wordpress\/?p=21775"},"modified":"2013-07-30T10:54:58","modified_gmt":"2013-07-30T09:54:58","slug":"j-j-cale-geht-auch-nicht-mehr-einkaufen","status":"publish","type":"post","link":"https:\/\/zonenklaus.de\/wordpress\/?p=21775","title":{"rendered":"J. J. Cale geht auch nicht mehr einkaufen"},"content":{"rendered":"<p>Im Musterl\u00e4ndle gehen die Uhren bekanntlich etwas anders, auch zeichnen sich dortige Presseerzeugnisse nicht durchg\u00e4ngig als rei\u00dferisch aus.<br \/>\nIn den letzten vier Tagen zog ich mir dort unten nur partiell und ganz unterschiedliche Bl\u00e4tter ein. Es begann mit den <a href=\"http:\/\/www.vdi-nachrichten.com\/content\/Die-monetaere-Ausrichtung-ist-der-Geburtsfehler-der-Eurozone\/65152\/1\">VDI-Nachrichten<\/a>, den Tag darauf &#8211; BILD am Sonntag &#8211; bunt und rundweg doooof. Deshalb kam mir bereits das Kotzen an, als ich die abgelichteten \u201ePromis\u201c in Bayreuth zu Gesicht bekam&#8230; <strong>(<\/strong><em>Zuf\u00e4lligerweise hatte ich gerade diese Seite entfaltet.<\/em><strong>) <\/strong><br \/>\nGestern nun schnappte ich das \u201e Schorndorfer Bl\u00e4ttchen\u201c und praktizierte einen Schnelldurchlauf&#8230;<br \/>\nOhhhhhhhh, Schei\u00dfe Schefff!<br \/>\n<a href=\"http:\/\/www.derwesten.de\/panorama\/mit-j-j-cales-ist-der-anti-held-des-rock-n-roll-gestorben-id8246313.html\">J.J.C.<\/a> war da bereits 96 Stunden unwiederbringlich abgedriftet &#8211;\u00a0<a href=\"http:\/\/user.in-berlin.de\/~fiasko\/weblog\/?p=7282\">*5. 12. 1938, \u202026. 7. 2013<\/a><br \/>\nWenn schon, h\u00e4tte Bruder Hein nicht jemand ganz anderes greifen k\u00f6nnen, da fallen mir haufenweise Leute ein, mit denen ich verdammt ungern die Atemluft teile&#8230;<br \/>\nWeshalb tat dieser kurzsichtige kn\u00f6cherne Lustgreis nicht mal einen Blick \u00fcber die Alpen&#8230;?<\/p>\n<p>&#8211; In seiner<a href=\"http:\/\/www.dradio.de\/dkultur\/playlist\/352301\/2194603\/\"> Tonart<\/a> erinnerte Carsten Beyer, als er einige Sachen der \u201e<a href=\"http:\/\/www.jpc.de\/jpcng\/poprock\/detail\/-\/art\/Pogues-The-Very-Best-Of-The-Pogues\/hnum\/9011489\">Pogues<\/a>\u201c vorstellte, auch noch an den Spruch von <a href=\"http:\/\/de.wikipedia.org\/wiki\/Philip_Chevron\">Philip Chevron<\/a>: &#8220;This time the cancer is lethal&#8221;&#8230;<\/p>\n<p>Hier bringe ich noch eine recht am\u00fcsante Geschichte, allerdings aus der \u201eStuttgarter Zeitung\u201c.<br \/>\nIn den letzten vier Tagen konnte man wirklich rammd\u00f6sig werden. Sogar eine von mir beobachtete Schlindbleiche wand sich bei dieser Affenhitze durchs Gras auf dem \u201eG\u00fctle\u201c, \u00e4hnlich einer alten Nacktschnecke&#8230;<br \/>\nBei dem, im Artikel erw\u00e4hnten <a href=\"http:\/\/www.stuttgarter-zeitung.de\/inhalt.kopfsprung-ins-leere-becken-26-jaehriger-in-hofstetten-schwer-verletzt.ae63a422-d5a8-49ca-8efb-53c9e77a35b0.html\">Knaben<\/a>, kam es bestimmt auch wetterbedingt zu Laufmaschen an seinen Synapsen&#8230;<\/p>\n","protected":false},"excerpt":{"rendered":"<p>Im Musterl\u00e4ndle gehen die Uhren bekanntlich etwas anders, auch zeichnen sich dortige Presseerzeugnisse nicht durchg\u00e4ngig als rei\u00dferisch aus. In den letzten vier Tagen zog ich mir dort unten nur partiell und ganz unterschiedliche Bl\u00e4tter ein. Es begann mit den VDI-Nachrichten, den Tag darauf &#8211; BILD am Sonntag &#8211; bunt und rundweg doooof. Deshalb kam mir [&hellip;]<\/p>\n","protected":false},"author":6,"featured_media":0,"comment_status":"open","ping_status":"open","sticky":false,"template":"","format":"standard","meta":{"footnotes":""},"categories":[1,38],"tags":[],"class_list":["post-21775","post","type-post","status-publish","format-standard","hentry","category-allgemeines","category-in-den-ewigen-jagdgrunden"],"_links":{"self":[{"href":"https:\/\/zonenklaus.de\/wordpress\/index.php?rest_route=\/wp\/v2\/posts\/21775","targetHints":{"allow":["GET"]}}],"collection":[{"href":"https:\/\/zonenklaus.de\/wordpress\/index.php?rest_route=\/wp\/v2\/posts"}],"about":[{"href":"https:\/\/zonenklaus.de\/wordpress\/index.php?rest_route=\/wp\/v2\/types\/post"}],"author":[{"embeddable":true,"href":"https:\/\/zonenklaus.de\/wordpress\/index.php?rest_route=\/wp\/v2\/users\/6"}],"replies":[{"embeddable":true,"href":"https:\/\/zonenklaus.de\/wordpress\/index.php?rest_route=%2Fwp%2Fv2%2Fcomments&post=21775"}],"version-history":[{"count":17,"href":"https:\/\/zonenklaus.de\/wordpress\/index.php?rest_route=\/wp\/v2\/posts\/21775\/revisions"}],"predecessor-version":[{"id":21783,"href":"https:\/\/zonenklaus.de\/wordpress\/index.php?rest_route=\/wp\/v2\/posts\/21775\/revisions\/21783"}],"wp:attachment":[{"href":"https:\/\/zonenklaus.de\/wordpress\/index.php?rest_route=%2Fwp%2Fv2%2Fmedia&parent=21775"}],"wp:term":[{"taxonomy":"category","embeddable":true,"href":"https:\/\/zonenklaus.de\/wordpress\/index.php?rest_route=%2Fwp%2Fv2%2Fcategories&post=21775"},{"taxonomy":"post_tag","embeddable":true,"href":"https:\/\/zonenklaus.de\/wordpress\/index.php?rest_route=%2Fwp%2Fv2%2Ftags&post=21775"}],"curies":[{"name":"wp","href":"https:\/\/api.w.org\/{rel}","templated":true}]}}