{"id":21936,"date":"2013-08-14T22:25:43","date_gmt":"2013-08-14T21:25:43","guid":{"rendered":"http:\/\/12decode.de\/zonenklaus\/wordpress\/?p=21936"},"modified":"2025-10-12T01:48:23","modified_gmt":"2025-10-12T00:48:23","slug":"der-tod-eines-einzelnen-ist-eine-tragodie-der-tod-von-millionen-nur-statistik","status":"publish","type":"post","link":"https:\/\/zonenklaus.de\/wordpress\/?p=21936","title":{"rendered":"&#8220;Der Tod eines einzelnen ist eine Trag\u00f6die, der Tod von Millionen nur Statistik&#8221;"},"content":{"rendered":"<p>Schon gut, das mit der Demokratie klappte halt nicht, also wird demn\u00e4chst mal etwas anderes ausprobiert und solange werden die anfallenden Toten nur wage \u00fcber den Daumen gepeilt, wie Pegelst\u00e4nde beim Hochwasser angegeben&#8230;<br \/>\n<a href=\"http:\/\/12decode.de\/zonenklaus\/wordpress\/wp-content\/uploads\/2013\/08\/gn.jpg\"><img loading=\"lazy\" decoding=\"async\" class=\"size-thumbnail wp-image-21943 alignleft\" src=\"http:\/\/12decode.de\/zonenklaus\/wordpress\/wp-content\/uploads\/2013\/08\/gn-150x77.jpg\" alt=\"\" width=\"150\" height=\"77\" srcset=\"https:\/\/zonenklaus.de\/wordpress\/wp-content\/uploads\/2013\/08\/gn-150x77.jpg 150w, https:\/\/zonenklaus.de\/wordpress\/wp-content\/uploads\/2013\/08\/gn-300x154.jpg 300w, https:\/\/zonenklaus.de\/wordpress\/wp-content\/uploads\/2013\/08\/gn-1024x527.jpg 1024w, https:\/\/zonenklaus.de\/wordpress\/wp-content\/uploads\/2013\/08\/gn.jpg 1393w\" sizes=\"auto, (max-width: 150px) 100vw, 150px\" \/><\/a>Seit Stunden stellt GMX laufend Bilder mit hochgradig d\u00fcmmlicher Beschriftung ins Netz.<br \/>\nDies wird die letzte Meldung sein, die ich noch kommentiere.<br \/>\nMan scheint wieder mal \u00fcber die Definition zu stolpern, was ist nun eigentlich \u201eKrieg\u201c oder\u00a0 \u201eB\u00fcrgerkrieg\u201c? Wenn ich jene Photos betrachte, ist es doch eigentlich klar &#8211; nat\u00fcrlich kein Krieg! Wenn schwerbewaffnete Heerscharen unbewaffnete Leute abknipsen, da kann es sich in den dokumentierten F\u00e4llen nur um putative Notwehr handeln&#8230;<br \/>\nWie tief soll denn beim dortigen Stand der Dinge noch alles versinken, bis man von einem Chaos sprechen darf?<br \/>\nWelcher Depp nimmt denn jetzt noch an, dass Al Kaida sich immer noch Startl\u00f6chern scharrt? Die haben doch lange ihre R\u00e4nzlein mit dem entsprechenden Equipment geschn\u00fcrt&#8230;<br \/>\nNach Ablauf der Dinge in den letzten Tagen, k\u00f6nnte man <a href=\"http:\/\/12decode.de\/zonenklaus\/wordpress\/wp-content\/uploads\/2013\/08\/krieg.jpg\"><img loading=\"lazy\" decoding=\"async\" class=\"size-thumbnail wp-image-21947 alignleft\" src=\"http:\/\/12decode.de\/zonenklaus\/wordpress\/wp-content\/uploads\/2013\/08\/krieg-150x75.jpg\" alt=\"\" width=\"150\" height=\"75\" srcset=\"https:\/\/zonenklaus.de\/wordpress\/wp-content\/uploads\/2013\/08\/krieg-150x75.jpg 150w, https:\/\/zonenklaus.de\/wordpress\/wp-content\/uploads\/2013\/08\/krieg-300x150.jpg 300w, https:\/\/zonenklaus.de\/wordpress\/wp-content\/uploads\/2013\/08\/krieg-1024x515.jpg 1024w, https:\/\/zonenklaus.de\/wordpress\/wp-content\/uploads\/2013\/08\/krieg.jpg 1407w\" sizes=\"auto, (max-width: 150px) 100vw, 150px\" \/><\/a>fast zu dem Schluss gelangen, da ist ein Haufen inszeniert worden, damit irgendwer letztlich Best\u00e4tigung f\u00fcr alle Aktionen der NS\u00c4 erh\u00e4lt.<\/p>\n<p><strong>&#8230;<\/strong>hoffentlich sind UNSER Au\u00dfenminister nebst Gattin schon in Sicherheit<\/p>\n","protected":false},"excerpt":{"rendered":"<p>Schon gut, das mit der Demokratie klappte halt nicht, also wird demn\u00e4chst mal etwas anderes ausprobiert und solange werden die anfallenden Toten nur wage \u00fcber den Daumen gepeilt, wie Pegelst\u00e4nde beim Hochwasser angegeben&#8230; Seit Stunden stellt GMX laufend Bilder mit hochgradig d\u00fcmmlicher Beschriftung ins Netz. Dies wird die letzte Meldung sein, die ich noch kommentiere. [&hellip;]<\/p>\n","protected":false},"author":6,"featured_media":0,"comment_status":"open","ping_status":"open","sticky":false,"template":"","format":"standard","meta":{"footnotes":""},"categories":[37],"tags":[],"class_list":["post-21936","post","type-post","status-publish","format-standard","hentry","category-gmx-war-dabei"],"_links":{"self":[{"href":"https:\/\/zonenklaus.de\/wordpress\/index.php?rest_route=\/wp\/v2\/posts\/21936","targetHints":{"allow":["GET"]}}],"collection":[{"href":"https:\/\/zonenklaus.de\/wordpress\/index.php?rest_route=\/wp\/v2\/posts"}],"about":[{"href":"https:\/\/zonenklaus.de\/wordpress\/index.php?rest_route=\/wp\/v2\/types\/post"}],"author":[{"embeddable":true,"href":"https:\/\/zonenklaus.de\/wordpress\/index.php?rest_route=\/wp\/v2\/users\/6"}],"replies":[{"embeddable":true,"href":"https:\/\/zonenklaus.de\/wordpress\/index.php?rest_route=%2Fwp%2Fv2%2Fcomments&post=21936"}],"version-history":[{"count":10,"href":"https:\/\/zonenklaus.de\/wordpress\/index.php?rest_route=\/wp\/v2\/posts\/21936\/revisions"}],"predecessor-version":[{"id":44346,"href":"https:\/\/zonenklaus.de\/wordpress\/index.php?rest_route=\/wp\/v2\/posts\/21936\/revisions\/44346"}],"wp:attachment":[{"href":"https:\/\/zonenklaus.de\/wordpress\/index.php?rest_route=%2Fwp%2Fv2%2Fmedia&parent=21936"}],"wp:term":[{"taxonomy":"category","embeddable":true,"href":"https:\/\/zonenklaus.de\/wordpress\/index.php?rest_route=%2Fwp%2Fv2%2Fcategories&post=21936"},{"taxonomy":"post_tag","embeddable":true,"href":"https:\/\/zonenklaus.de\/wordpress\/index.php?rest_route=%2Fwp%2Fv2%2Ftags&post=21936"}],"curies":[{"name":"wp","href":"https:\/\/api.w.org\/{rel}","templated":true}]}}