{"id":22196,"date":"2013-09-02T23:21:37","date_gmt":"2013-09-02T22:21:37","guid":{"rendered":"http:\/\/12decode.de\/zonenklaus\/wordpress\/?p=22196"},"modified":"2013-09-03T07:08:48","modified_gmt":"2013-09-03T06:08:48","slug":"schlagabtausch-zwischen-merkel-und-steinbruck","status":"publish","type":"post","link":"https:\/\/zonenklaus.de\/wordpress\/?p=22196","title":{"rendered":"Schlagabtausch zwischen Merkel und Steinbr\u00fcck"},"content":{"rendered":"<p>Gestern, kaum von einer Reise retour, wurde sich mit zwei Stullen von die Glotze gehangen. In den \u201eNachrichten\u201c erfolgte ein Wink in Richtung des gleich anschlie\u00dfenden \u201eDuells\u201c.<br \/>\nWeshalb jener banale Politknatsch eigentlich unter dem Begriff \u201eDuell\u201c firmiert, ist mir immer noch schleierhaft. Denn ich verstehe darunter einen respektvollen Ehrenh\u00e4ndel, wo m\u00f6glicherweise der eine den anderen kalt macht und nicht die Selbstdarstellung zweier Auguren des Kapitals, wobei sich die eine in jener Position der gro\u00dfen Macherin bereits gef\u00e4llt, der andere liebend gern deren Stellung einnehmen w\u00fcrde, daf\u00fcr unendlicher Wille zwar vorhanden ist &#8211; mehr aber auch nicht!<br \/>\nHalt, dies stimmt nicht ganz! Denn letzte Woche fiel Peer bereits \u00fcber das Fell des B\u00e4ren\u00b4s, eines ausgesprochenen andersartigen Problemb\u00e4rs <strong>(<\/strong><em>Hier eine weitere rhetorische Finessen des Christsozialisten Dr. Stoiber!) <\/em>her, machte aus der haarigen Kleidung vom Meister Petz imagin\u00e4res Konfetti &#8211; w\u00e4hrenddessen selbiger sich aber nach wie vor irgendwo bester Gesundheit erfreut &#8211; streuselte anschlie\u00dfend die winzigen Teilchen von einem sozialen Motivwagen der roten Jecken auf die K\u00f6pfe einer ausgelassenen Schar von Narren zu seinen F\u00fc\u00dfen&#8230;<\/p>\n<p>Gleich nach der Tagesschau erschien Herr Jauch, gerahmt von Stony Meier auf der linken Seite und rechts hockte Dr. Eddy S.<br \/>\nWas war <em>nuuun<\/em> los?<br \/>\nEs schien sich um das Er\u00f6ffnungsevent der gro\u00dfen Duell-Schau zu handeln.<br \/>\nDa mir von den ganzen TalkfigurenInnen G\u00fcnni immer schon nach Sekunden auf die Steine geht, wurde alsbald die Flucht angetreten. Im Herausgehen verfolgten mich noch viele bajuwarische \u201e\u00c4hhhs\u201c. Stoibys Rhetorik ist wirklich einzigartig, obwohl ich der Meinung war, gestern klang es nicht ganz so schlimm. Vielleicht hatte er ja vorher etwas an seiner Vortragskunst gefeilt&#8230;<br \/>\nSp\u00e4ter musste ich zum Quarzen an der Glotze vorbei und dabei registrierte ich das recht lustlose Herumgezappe der Scheffin, dabei nahm ich die ganze Zeit an, dass sie den sonnt\u00e4glichen Tatort einzog.<br \/>\n\u201eHeute nicht, denn sowohl ARD als auch ZDF \u00fcbertragen diesen Schwachsinn\u201c, dabei f\u00fchrte Madame es mir vor. In jenem Moment legte gerade eine der T-T\u00b4s <strong>(<\/strong><em>Talk-Tanten<\/em><strong>)<\/strong> los, jene mit dem leicht erotischen Timbre, was zwischen Janis Joplin und Frau Elster angesiedelt ist, mir gelingt es immer noch nicht, beide Damen auseinanderhalten.<br \/>\nWenige Minuten blieb ich dann vor dem Bildschirm stehen &#8211; war das eine Freak Show! Zwischendurch fiel mir kurz ein, dies w\u00e4re doch etwas f\u00fcr <a href=\"http:\/\/www.google.de\/search?gs_rn=26&amp;gs_ri=psy-ab&amp;cp=12&amp;gs_id=6&amp;xhr=t&amp;q=robert+crumb&amp;bav=on.2,or.r_qf.&amp;bvm=bv.51495398,d.Yms&amp;biw=1120&amp;bih=523&amp;um=1&amp;ie=UTF-8&amp;hl=de&amp;tbm=isch&amp;source=og&amp;sa=N&amp;tab=wi&amp;ei=tx4lUuL_BsO3hAfUpYDgAg\">Robert Crumb<\/a>, der am letzten Wochenende seinen 70-sten beging. Eigentlich doch nicht, denn dieser gro\u00dfe Karikaturist, h\u00e4tte bekanntlich viel vor seiner eigenen T\u00fcre zu kehren. Dabei denke ich an den pigmentierten Komiker, der erst den schwerbewaffneten Jihadisten verspricht, endlich f\u00fcr sie eine Schneise durch Syrien zu bomben, mit scheinbarer R\u00fccksichtnahme auf Baschar Hafiz al-Assad, dann aber seinen Schwanz einklemmte und den R\u00fcckzug antrat. Indes k\u00f6nnte Obama im eigenen Land gro\u00dfe Taten vollbringen, wenn er sich endlich entschlie\u00dfen w\u00fcrde, z. B. die nicht verwirklichten Tr\u00e4ume von Dr. Martin Luther King zu verwirklichen&#8230;<\/p>\n<p><strong>&#8211; <\/strong>Am meisten turnte mich der Sozi an. Seine Strategie gefiel mir, das Gesicht immer wieder zur Faust geballt, die Lippen in der St\u00e4rke einer Sichel und dann der Blick in die Unendlichkeit. Zwischendurch mal grinsen, l\u00e4cheln, dann etwas in Richtung aufgesetzter Freundlichkeit &#8211; jene merkw\u00fcrdige Selbstdarstellung ist die einzig richtige Einstellung, um nicht an die Macht zukommen.<br \/>\nIst auch besser so, wenn ich nur an das vergangene, uns\u00e4gliche rot\/gr\u00fcne Duo denke, reicht es mir bereits im Vorfeld, denn bei \u00c4nschie wissen WIR wenigstens, was WIR von ihr nicht zu erwarten haben und das ist auch gut so!<br \/>\nSolch schl\u00e4friger Gladiator ist doch nicht in der Lage einen Wechsel zu bewerkstelligen, da hilft auch kein Flehen zu Gott. Jetzt kann Steinbr\u00fcck nur hoffen, das Edward Snowden noch etwas in seinem Trickk\u00e4stchen hat, wo anschlie\u00dfend die ganze jetzige Regierungsriege ins Straucheln k\u00e4me. Gelinde gesagt mit dem gewissen Wort von Herrn Pofalla ausgedr\u00fcckt, sie m\u00fcssten dann auch so auf ihre Fressen fallen, damit hernach viele W\u00e4hler kapieren, die haben abgewirtschaftet, denn lediglich ein Verzicht des Urnenganges w\u00fcrde nichts an den zu erwartenden Prozentpunkten \u00e4ndern&#8230;<br \/>\nAber was bitte sch\u00f6n, sollte eigentlich mit den Sozis anders werden?!?<!--more--><\/p>\n<p><strong> &#8211; <\/strong>Gegen halb sechs schaltete ich die Glotze ein, wollte mal sehen, was die Medien so alles zum gestrigen Agieren im Rarit\u00e4tenkabinett ablie\u00dfen. Nach wenigen Sekunden deuchte mich &#8211; nun wird der Hund in der Pfanne verr\u00fcckt.<br \/>\nIn \u201e<a href=\"http:\/\/www.mdr.de\/brisant\/deutschlandkette102.html\">Brisant<\/a>\u201c fabulierte ein recht unh\u00fcbsches Blondchen, mit bleckenden Bei\u00dferchen, \u00fcber den Halsschmuck der Frau Kanzlerin, ihr Umh\u00e4ngsel schien mit UNSEREN Landesfarben get\u00fcncht zu sein.<br \/>\nDen restlichen Ohnmachtshappen verdr\u00fcckte ich bereits am PC.<br \/>\nIn der ARD-Mediathek gab es diese Filmszene nicht, fand aber unter Brisant: &#8211; <em>Das TV-Duell und die Folgen: Wie eine Merkel-Halskette zum gro\u00dfen Renner am Hals der Kanzlerin wurde!<br \/>\n&#8211; Schlagabtausch zwischen Merkel und Steinbr\u00fcck &#8211; Der Gewinner hei\u00dft: Deutschlandkette<\/em><br \/>\nWeiter hie\u00df es da, <em>Eines aber hat neben dem Schlagabtausch gro\u00dfen Beifall bekommen &#8211; und Zehntausende Follower bei Twitter: Die Halskette der Bundeskanzlerin<br \/>\n&#8230;Allein Twitter z\u00e4hlte mehr als 130.000 Tweets. F\u00fcr Gespr\u00e4chsstoff sorgte dabei vor allem die schwarz-gold-rote Kette von Kanzlerin Angela<\/em><br \/>\n<em>&#8230;Auch verzeichnete die Suchmaschine Google einen Anstieg von Suchanfragen nach der &#8220;Deutschlandkette&#8221;.<\/em><br \/>\nWie doof sind denn eigentlich gewisse Bundesgermanen, wenn sie die Farben der Belgische Trikolore mit UNSERER einheimischen Farbgebung &#8211; Schwarz\/Rot\/Senf &#8211; gleichsetzen?<br \/>\nNebenher, sofort dieses h\u00e4ssliche Gebamsel als \u201eDeutschlandkette\u201c oder \u201eSchlandkette\u201c titulierten. \u00dcber Geschmack l\u00e4sst sich nicht streiten! Ich finde das Unikum potth\u00e4sslich, ist mir allerdings reichlich egal, solange ich solch Teil nicht umbinden muss!<br \/>\n<strong>\u2026<\/strong>und was bleibt f\u00fcr Plebse als Quintessenz dieser <em>demokraturischen <\/em>Farce \u00fcbrig<strong>?<\/strong><br \/>\n<strong>Das <\/strong>niedliche<strong> <\/strong><strong>Halsband der Frau Kanzlerin!<\/strong><br \/>\n<strong> &#8211; <\/strong>Davon ab, viel attraktiver finde ich den merkw\u00fcrdigen Kulturstrick vom Genossen Steinbr\u00fcck auch nicht!<\/p>\n<p><strong>Fu\u00dfnote:<\/strong><br \/>\nEgal was Mann\/Frau sich um den Hals knotet, aus einer Flunder wird kein Zierfisch!<br \/>\nRichtiggehend h\u00e4sslich finde ich es oft, wenn z. B. Rudel \u00e4ltlicher, fast scheintoter <em>Charity Girls<\/em> versuchen sich mit Brillies aufh\u00fcbschen, durch den glitzernden Blickfang erinnert manch faltiger Hals dann noch mehr an das Scrotum eines 100-J\u00e4hrigen.<br \/>\nEbenso gibt die mit Klunkern behangene, geliftete Variante jenes K\u00f6rperteils nicht viel her, zumal extrem viel weggeschnippelt wurde, da unbedingt f\u00fcr den neureichen Gatten auch noch eine Brieftasche herausspringen musste&#8230;<\/p>\n","protected":false},"excerpt":{"rendered":"<p>Gestern, kaum von einer Reise retour, wurde sich mit zwei Stullen von die Glotze gehangen. In den \u201eNachrichten\u201c erfolgte ein Wink in Richtung des gleich anschlie\u00dfenden \u201eDuells\u201c. Weshalb jener banale Politknatsch eigentlich unter dem Begriff \u201eDuell\u201c firmiert, ist mir immer noch schleierhaft. Denn ich verstehe darunter einen respektvollen Ehrenh\u00e4ndel, wo m\u00f6glicherweise der eine den anderen [&hellip;]<\/p>\n","protected":false},"author":6,"featured_media":0,"comment_status":"open","ping_status":"open","sticky":false,"template":"","format":"standard","meta":{"footnotes":""},"categories":[1],"tags":[],"class_list":["post-22196","post","type-post","status-publish","format-standard","hentry","category-allgemeines"],"_links":{"self":[{"href":"https:\/\/zonenklaus.de\/wordpress\/index.php?rest_route=\/wp\/v2\/posts\/22196","targetHints":{"allow":["GET"]}}],"collection":[{"href":"https:\/\/zonenklaus.de\/wordpress\/index.php?rest_route=\/wp\/v2\/posts"}],"about":[{"href":"https:\/\/zonenklaus.de\/wordpress\/index.php?rest_route=\/wp\/v2\/types\/post"}],"author":[{"embeddable":true,"href":"https:\/\/zonenklaus.de\/wordpress\/index.php?rest_route=\/wp\/v2\/users\/6"}],"replies":[{"embeddable":true,"href":"https:\/\/zonenklaus.de\/wordpress\/index.php?rest_route=%2Fwp%2Fv2%2Fcomments&post=22196"}],"version-history":[{"count":10,"href":"https:\/\/zonenklaus.de\/wordpress\/index.php?rest_route=\/wp\/v2\/posts\/22196\/revisions"}],"predecessor-version":[{"id":22203,"href":"https:\/\/zonenklaus.de\/wordpress\/index.php?rest_route=\/wp\/v2\/posts\/22196\/revisions\/22203"}],"wp:attachment":[{"href":"https:\/\/zonenklaus.de\/wordpress\/index.php?rest_route=%2Fwp%2Fv2%2Fmedia&parent=22196"}],"wp:term":[{"taxonomy":"category","embeddable":true,"href":"https:\/\/zonenklaus.de\/wordpress\/index.php?rest_route=%2Fwp%2Fv2%2Fcategories&post=22196"},{"taxonomy":"post_tag","embeddable":true,"href":"https:\/\/zonenklaus.de\/wordpress\/index.php?rest_route=%2Fwp%2Fv2%2Ftags&post=22196"}],"curies":[{"name":"wp","href":"https:\/\/api.w.org\/{rel}","templated":true}]}}