{"id":22207,"date":"2013-09-03T23:37:44","date_gmt":"2013-09-03T22:37:44","guid":{"rendered":"http:\/\/12decode.de\/zonenklaus\/wordpress\/?p=22207"},"modified":"2013-09-04T06:38:00","modified_gmt":"2013-09-04T05:38:00","slug":"toitschland-im-halsbandfieber-ich-will-nicht-so-hasslichesein-teil","status":"publish","type":"post","link":"https:\/\/zonenklaus.de\/wordpress\/?p=22207","title":{"rendered":"Toitschland im Halsbandfieber? Ich will so ein h\u00e4ssliches Teil nicht!"},"content":{"rendered":"<p>Die BZ versteht sich ja als Sprachrohr f\u00fcr die Massen, deshalb ihr heutiges Thema des Tages: <em>Experten und Psychologen sehen in der Debatte einen Ausdruck von Politikm\u00fcndigkeit und Lust am Spielen<\/em><br \/>\nFett gedruckt geht es dann weiter: <strong>Was sagt es \u00fcber uns Deutsche, dass&#8230;<\/strong><br \/>\nDa man mich verallgemeinernd mit einbezog, \u00fcberflog ich nat\u00fcrlich den Artikel, der mit einer neuen Zeitrechnung begann: <em>Tag eins nach dem TV-Duell&#8230; <\/em><br \/>\nUnd dann kommt es,<em> &#8230;BILD verlost zehn Exemplare<\/em> dieses h\u00e4sslichen Halsbandes, solch Teil w\u00fcrde ich noch nicht mal meiner Teppichratte zumuten, nur gut, wir besitzen keine.<br \/>\nIm Folgendem greifen ein Haufen Leute in ihre N\u00e4hk\u00e4stchen und gehen mit den irrwitzigsten Erkl\u00e4rungsversuchen hausieren. Alles beginnt mit dem <em>Herrn K. K., Professor f\u00fcr Kommunikationsberatung, Medienexpertenprof. N. B. <\/em>legt sofort nach und der <em>Moderator M.F.<\/em>, \u201ewill vonz janze n\u00fcscht wissen!\u201c Seiner Aussage begegne ich aber mit einer gewissen Vorsichtigkeit, man kann ja nie wissen, vielleicht hatte er im Vorfeld gerade sein N\u00e4schen entsprechend gepudert.<br \/>\nAuch eine Quotenfrau kommt schlie\u00dflich zu Wort, Frau <em>Promi-Psychologin C. B.<\/em><!--more--><br \/>\nJetzt stellt sich mir eine Frage, handelt es sich bei dem \u201e<em>Promi-<\/em>\u201c um eine Art Titel, der ausschlie\u00dflich im Hause Springer verliehen wird und eventuell einem \u201eDR. hc.\u201c gleicht? Selbige Frage wird mir sowieso niemand beantworten k\u00f6nnen, ist auch egal!<br \/>\nDessen ungeachtet, sieht jene Dame <em>alles entspannt<\/em> und dies hat doch wenigstens etwas!<br \/>\nNun reicht es, ab jetzt soll sich jeder sein eigenes Bild machen \u00fcber die <a href=\"http:\/\/www.bz-berlin.de\/archiv\/was-sagt-es-ueber-uns-deutsche-dass-wir-so-viel-ueber-angela-merkels-kette-diskutieren-twittern-bloggen-und-facebooken-article1730732.html\">weltbewegenden Aussagen<\/a><em> <\/em> der <em>Experten<\/em>&#8230;<br \/>\n<strong> &#8211;<\/strong> Mir fiel gerade etwas ein, zu meinen Schulzeiten wurde versucht mir beizubringen, dass in der ruhmreichen Sowjetunion jeder ein <em>\u044d\u043a\u0441\u043f\u0435\u0440\u0442<\/em> oder <em>\u0441\u043f\u0435\u0446\u0438\u0430\u043b\u0438\u0441\u0442<\/em> war, der irgendetwas sogar im Schlaf beherrschte, sei es nur ein Handgriff. Womit haben es wohl jene Leute verdient, die in dem Artikel zitiert werden, dass man sie mit Titeln schm\u00fcckte? Wenn es sich dabei um UNSERE neuzeitlichen Eliten handeln sollte, dann geht es mir gerade <strong>(<\/strong><em>&#8220;Nicht immer, aber immer \u00f6fter&#8221;<\/em><strong>)<\/strong> wie weiland Harry Heine <strong>(<\/strong><em>Wer kennt den heute \u00fcberhaupt noch?<\/em><strong>)<\/strong>, als er in seinen \u201e<a href=\"http:\/\/www.heine-gedichte.de\/zeitgedichte\/nachtgedanken\">Nachtgedanken<\/a>\u201c an Deutschland dachte<strong>*<\/strong>&#8230;<\/p>\n<p><strong>(*<\/strong><em>Instrumentalisiere allerdings nur die beiden Anfangszeilen, da es bekanntlich in dem <a href=\"http:\/\/www.loehrschule.de\/files\/graf\/Gedichtinterpretation%20Nachtgedanken.pdf\">Gedicht<\/a> um etwas ganz anderes geht! Vollst\u00e4ndig kann ich Heines Aussagen sowieso nicht folgen, alldieweil mir bereits seit meiner Kindheit, durch jahrelange \u00e4u\u00dfere Einfl\u00fcsse, bestimmte Empfindung amputiert wurden&#8230;<\/em><strong>)<\/strong><\/p>\n<p>Fast zum Schluss gibt es noch einen Link, weil er belegt, dass auch die d\u00fcmmlichste Interpretation von Realit\u00e4t immer noch eine Steigerung erfahren kann!<br \/>\nMuss nur bei einem Satz noch etwas bemerken, den ich aber aus dem Zusammenhang rei\u00dfe und der ihren Schmuck betrifft. Folgernde Passage lautet:, <em>\u201eSie hat eher einen schlichten Geschmack.&#8221; <\/em><br \/>\nRichtig, aber nicht nur, was ihr <a href=\"http:\/\/www.bz-berlin.de\/archiv\/die-kette-vermittelt-standhaftigkeit-gemeinschaftssinn-und-klares-denken-article1730711.html\">Geschmeide<\/a> angeht&#8230;<\/p>\n<p><strong>Fu\u00dfnote:<\/strong> Meinen Schmuck habe ich fast 50 Jahre immer selbst hergestellt, dabei oft Anleihen bei den nordamerikanischen Roth\u00e4uten genommen, alle Verkn\u00fcpfungen stammten immer aus der Trickkiste UNSERER christlichen Seefahrt<br \/>\n<a title=\"Unbenannt von zonenklaus bei Flickr\" href=\"http:\/\/www.flickr.com\/photos\/zonenklaus\/9669255208\/\"><img loading=\"lazy\" decoding=\"async\" src=\"http:\/\/farm8.staticflickr.com\/7392\/9669255208_0e1730c160_s.jpg\" alt=\"Unbenannt\" width=\"75\" height=\"75\" \/><\/a><\/p>\n","protected":false},"excerpt":{"rendered":"<p>Die BZ versteht sich ja als Sprachrohr f\u00fcr die Massen, deshalb ihr heutiges Thema des Tages: Experten und Psychologen sehen in der Debatte einen Ausdruck von Politikm\u00fcndigkeit und Lust am Spielen Fett gedruckt geht es dann weiter: Was sagt es \u00fcber uns Deutsche, dass&#8230; Da man mich verallgemeinernd mit einbezog, \u00fcberflog ich nat\u00fcrlich den Artikel, [&hellip;]<\/p>\n","protected":false},"author":6,"featured_media":0,"comment_status":"open","ping_status":"open","sticky":false,"template":"","format":"standard","meta":{"footnotes":""},"categories":[1],"tags":[],"class_list":["post-22207","post","type-post","status-publish","format-standard","hentry","category-allgemeines"],"_links":{"self":[{"href":"https:\/\/zonenklaus.de\/wordpress\/index.php?rest_route=\/wp\/v2\/posts\/22207","targetHints":{"allow":["GET"]}}],"collection":[{"href":"https:\/\/zonenklaus.de\/wordpress\/index.php?rest_route=\/wp\/v2\/posts"}],"about":[{"href":"https:\/\/zonenklaus.de\/wordpress\/index.php?rest_route=\/wp\/v2\/types\/post"}],"author":[{"embeddable":true,"href":"https:\/\/zonenklaus.de\/wordpress\/index.php?rest_route=\/wp\/v2\/users\/6"}],"replies":[{"embeddable":true,"href":"https:\/\/zonenklaus.de\/wordpress\/index.php?rest_route=%2Fwp%2Fv2%2Fcomments&post=22207"}],"version-history":[{"count":12,"href":"https:\/\/zonenklaus.de\/wordpress\/index.php?rest_route=\/wp\/v2\/posts\/22207\/revisions"}],"predecessor-version":[{"id":22219,"href":"https:\/\/zonenklaus.de\/wordpress\/index.php?rest_route=\/wp\/v2\/posts\/22207\/revisions\/22219"}],"wp:attachment":[{"href":"https:\/\/zonenklaus.de\/wordpress\/index.php?rest_route=%2Fwp%2Fv2%2Fmedia&parent=22207"}],"wp:term":[{"taxonomy":"category","embeddable":true,"href":"https:\/\/zonenklaus.de\/wordpress\/index.php?rest_route=%2Fwp%2Fv2%2Fcategories&post=22207"},{"taxonomy":"post_tag","embeddable":true,"href":"https:\/\/zonenklaus.de\/wordpress\/index.php?rest_route=%2Fwp%2Fv2%2Ftags&post=22207"}],"curies":[{"name":"wp","href":"https:\/\/api.w.org\/{rel}","templated":true}]}}