{"id":22279,"date":"2013-09-17T22:24:28","date_gmt":"2013-09-17T21:24:28","guid":{"rendered":"http:\/\/12decode.de\/zonenklaus\/wordpress\/?p=22279"},"modified":"2013-09-18T12:01:37","modified_gmt":"2013-09-18T11:01:37","slug":"wg-peer%c2%b4s-steifen-mittelfinger","status":"publish","type":"post","link":"https:\/\/zonenklaus.de\/wordpress\/?p=22279","title":{"rendered":"wg. Peer\u00b4s steifen Mittelfinger"},"content":{"rendered":"<p>In den letzten Tagen hatte ich einen Haufen Schei\u00df angefangen, aber keine Lust versp\u00fcrt irgendetwas davon zu beenden.<br \/>\nGreife auf mal auf die <a href=\"http:\/\/myfathertoldmee.wordpress.com\/2011\/09\/08\/der-mittelfinger-der-stinkefinger-das-kleine-arschloch\/\">Steinbr\u00fcck-Geste<\/a> zur\u00fcck.<br \/>\nNun stammt Peer der Legende nach aus mittelb\u00fcrgerlichen Kreisen, f\u00fcr mich verk\u00f6rpert er von seiner Art her eigentlich mehr den klassischen Stehkragenproletarier&#8230;<br \/>\nDabei haben ganz andere Genossen diese Rolle schon wesentlich besser gespielt, wobei so mancher dieser Politkom\u00f6dianten sogar noch mit ihrer Herkunft aus dem <em>M\u00fcllj\u00f6<\/em> des arbeitenden Lohngesindels kokettieren oder kokettierten.<br \/>\nWas hat nun der Sozi Steinbr\u00fcck mit jener Handbewegung eigentlich schlimmes getan?<br \/>\nDen erigierten Mittelfinger interpretiere ich lediglich als eine menschliche Geste, womit der Herr endlich mal seine zugekn\u00f6pften Art etwas ablegte, trotzdem ist er mir nicht sonderlich sympathischer geworden. Gott noch mal, wem die Jacke passt der muss einfach hinein schl\u00fcpfen, mich tangiert jene Geb\u00e4rde nicht die Bohne.<br \/>\nWeshalb hat sich eigentlich noch niemals jemand dar\u00fcber aufgeregt, wenn Frau Kanzler permanent ihre Untertanen beleidigt? Mindestens einmal am Tag, kann jeder in den Fernsehnachrichten verfolgen, wie diese Dame ewig ihrer Umgebung klarzumachen versucht, dass um sie herum nur <a href=\"http:\/\/www.google.de\/imgres?start=534&amp;hl=de&amp;biw=1280&amp;bih=597&amp;tbm=isch&amp;tbnid=bQDqFkd9WsSbrM:&amp;imgrefurl=http:\/\/www.vorderstrasse.de\/fotos\/details\/angela-merkel-cdu\/10938\/-\/&amp;docid=_tYjRXo6_HRa3M&amp;imgurl=http:\/\/www.vorderstrasse.de\/angela-merkel-cdu_d5f7c0b8b15368dbf7e4996fd8951dd4_l.jpg&amp;w=1500&amp;h=1000&amp;ei=lmo4UqHcK-an4ATK0oGABQ&amp;zoom=1&amp;iact=hc&amp;vpx=664&amp;vpy=238&amp;dur=1800&amp;hovh=183&amp;hovw=275&amp;tx=145&amp;ty=125&amp;page=23&amp;tbnh=145&amp;tbnw=215&amp;ndsp=24&amp;ved=1t:429,r:55,s:500,i:169\">Arschl\u00f6cher<\/a> sind&#8230;<br \/>\n<strong>Fu\u00dfnote:<\/strong><br \/>\nBin beim Suchen nach einem entsprechenden Photo auf eine andere Idee gekommen &#8211; das Psychospielchen mit den beiden gespiegelten Gesichtsh\u00e4lften, eigentlich funktioniert es nur korrekt mit Bildern von guter Qualit\u00e4t.<br \/>\n&#8211; <a href=\"http:\/\/www.google.de\/imgres?sa=X&amp;biw=1280&amp;bih=597&amp;tbm=isch&amp;tbnid=noKOjme6gpr0LM:&amp;imgrefurl=http:\/\/www.cdu-eppelborn.de\/unsere-politik\/neues-aus-dem-saarland\/familienfest-der-cdu-am-bostalsee-angela-merkel-kommt\/image\/image_view_fullscreen&amp;docid=ai44d8XP3YxLGM&amp;imgurl=http:\/\/www.cdu-eppelborn.de\/unsere-politik\/neues-aus-dem-saarland\/familienfest-der-cdu-am-bostalsee-angela-merkel-kommt\/image&amp;w=4001&amp;h=2969&amp;ei=gPE4UoH4LIrL0AXw8YGgCw&amp;zoom=1&amp;iact=hc&amp;vpx=272&amp;vpy=224&amp;dur=4282&amp;hovh=193&amp;hovw=261&amp;tx=148&amp;ty=104&amp;page=1&amp;tbnh=127&amp;tbnw=165&amp;start=0&amp;ndsp=22&amp;ved=1t:429,r:10,s:0,i:120\">Familienfest der CDU am Bostalsee<\/a> &#8211; Angela Merkel kommt!<!--more--><\/p>\n<p><a href=\"http:\/\/12decode.de\/zonenklaus\/wordpress\/wp-content\/uploads\/2013\/09\/Merkel-l-\u00e4\u00e4.jpg\"><img loading=\"lazy\" decoding=\"async\" class=\"alignleft size-thumbnail wp-image-22281\" title=\"Merkel-links\" src=\"http:\/\/12decode.de\/zonenklaus\/wordpress\/wp-content\/uploads\/2013\/09\/Merkel-l-\u00e4\u00e4-102x150.jpg\" alt=\"\" width=\"102\" height=\"150\" srcset=\"https:\/\/zonenklaus.de\/wordpress\/wp-content\/uploads\/2013\/09\/Merkel-l-\u00e4\u00e4-102x150.jpg 102w, https:\/\/zonenklaus.de\/wordpress\/wp-content\/uploads\/2013\/09\/Merkel-l-\u00e4\u00e4-204x300.jpg 204w, https:\/\/zonenklaus.de\/wordpress\/wp-content\/uploads\/2013\/09\/Merkel-l-\u00e4\u00e4.jpg 557w\" sizes=\"auto, (max-width: 102px) 100vw, 102px\" \/><\/a><a href=\"http:\/\/12decode.de\/zonenklaus\/wordpress\/wp-content\/uploads\/2013\/09\/Merkel-r-\u00e4\u00e4.jpg\"><img loading=\"lazy\" decoding=\"async\" class=\"alignleft size-thumbnail wp-image-22282\" title=\"Merkel-rechts\" src=\"http:\/\/12decode.de\/zonenklaus\/wordpress\/wp-content\/uploads\/2013\/09\/Merkel-r-\u00e4\u00e4-109x150.jpg\" alt=\"\" width=\"109\" height=\"150\" srcset=\"https:\/\/zonenklaus.de\/wordpress\/wp-content\/uploads\/2013\/09\/Merkel-r-\u00e4\u00e4-109x150.jpg 109w, https:\/\/zonenklaus.de\/wordpress\/wp-content\/uploads\/2013\/09\/Merkel-r-\u00e4\u00e4-218x300.jpg 218w, https:\/\/zonenklaus.de\/wordpress\/wp-content\/uploads\/2013\/09\/Merkel-r-\u00e4\u00e4.jpg 594w\" sizes=\"auto, (max-width: 109px) 100vw, 109px\" \/><\/a><a href=\"http:\/\/12decode.de\/zonenklaus\/wordpress\/wp-content\/uploads\/2013\/09\/e-r.jpg\"><img loading=\"lazy\" decoding=\"async\" class=\"alignleft size-thumbnail wp-image-22288\" title=\"rechts\" src=\"http:\/\/12decode.de\/zonenklaus\/wordpress\/wp-content\/uploads\/2013\/09\/e-r-150x136.jpg\" alt=\"\" width=\"150\" height=\"136\" srcset=\"https:\/\/zonenklaus.de\/wordpress\/wp-content\/uploads\/2013\/09\/e-r-150x136.jpg 150w, https:\/\/zonenklaus.de\/wordpress\/wp-content\/uploads\/2013\/09\/e-r-300x273.jpg 300w, https:\/\/zonenklaus.de\/wordpress\/wp-content\/uploads\/2013\/09\/e-r.jpg 535w\" sizes=\"auto, (max-width: 150px) 100vw, 150px\" \/><\/a><a href=\"http:\/\/12decode.de\/zonenklaus\/wordpress\/wp-content\/uploads\/2013\/09\/e-l.jpg\"><img loading=\"lazy\" decoding=\"async\" class=\"alignleft size-thumbnail wp-image-22287\" title=\"links\" src=\"http:\/\/12decode.de\/zonenklaus\/wordpress\/wp-content\/uploads\/2013\/09\/e-l-139x150.jpg\" alt=\"\" width=\"139\" height=\"150\" srcset=\"https:\/\/zonenklaus.de\/wordpress\/wp-content\/uploads\/2013\/09\/e-l-139x150.jpg 139w, https:\/\/zonenklaus.de\/wordpress\/wp-content\/uploads\/2013\/09\/e-l-279x300.jpg 279w, https:\/\/zonenklaus.de\/wordpress\/wp-content\/uploads\/2013\/09\/e-l.jpg 455w\" sizes=\"auto, (max-width: 139px) 100vw, 139px\" \/><\/a><a href=\"http:\/\/www.google.de\/imgres?start=242&amp;sa=X&amp;biw=1280&amp;bih=597&amp;tbm=isch&amp;tbnid=0GqzIASCPS9b5M:&amp;imgrefurl=http:\/\/www.pi-news.net\/2012\/12\/merkel-und-das-schamen\/&amp;docid=FZc6OvWBuShiBM&amp;imgurl=http:\/\/www.pi-news.net\/wp\/uploads\/2012\/12\/merkel_scham.jpg&amp;w=447&amp;h=214&amp;ei=MOY4Ur6zBcfB0QX6u4CIAg&amp;zoom=1&amp;iact=hc&amp;vpx=461&amp;vpy=231&amp;dur=1572&amp;hovh=155&amp;hovw=325&amp;tx=154&amp;ty=91&amp;page=11&amp;tbnh=142&amp;tbnw=273&amp;ndsp=24&amp;ved=1t:429,r:44,s:200,i:136\">Merkel und das Sch\u00e4men<\/a><\/p>\n<p>Fand auch noch einen witzigen <a href=\"http:\/\/www.google.de\/imgres?biw=1280&amp;bih=597&amp;tbm=isch&amp;tbnid=jCHJKHxGqCeQaM:&amp;imgrefurl=http:\/\/dietagespresse.com\/angela-merkel-tritt-femen-bei\/&amp;docid=bBa3AdiyXftfXM&amp;imgurl=http:\/\/dietagespresse.com\/wp-content\/uploads\/2013\/06\/merkel-femen1.jpg&amp;w=892&amp;h=695&amp;ei=_i4zUpyEDaLq4gTStIGQDQ&amp;zoom=1&amp;iact=hc&amp;vpx=583&amp;vpy=179&amp;dur=12&amp;hovh=198&amp;hovw=254&amp;tx=77&amp;ty=137&amp;page=2&amp;tbnh=136&amp;tbnw=182&amp;start=20&amp;ndsp=26&amp;ved=1t:429,r:30,s:0,i:185\">Artikel<\/a>, dort ist aber die Phantasie des K\u00fcnstlers mit durchgegangen, als er die m\u00e4chtigen Wucherungen vom Bindegewebe darstellte.<br \/>\nMich erinnern die angedeuteten Quarktaschen an Hafers\u00e4cke, die man Belgischen Kaltbl\u00fctern zum Fressen umh\u00e4ngt&#8230;<\/p>\n<p><strong>Nachtrag: <\/strong>\u00c4nschies Bild ist im<a href=\"http:\/\/www.google.de\/imgres?sa=X&amp;biw=1280&amp;bih=597&amp;tbm=isch&amp;tbnid=50Z6o00Sp1t2rM:&amp;imgrefurl=http:\/\/www.trueten.de\/plugin\/tag\/Osama%2BBin%2BLaden&amp;docid=0VbLbrMVHGm0RM&amp;imgurl=http:\/\/www.trueten.de\/uploads\/AM_Juli_2010.jpg&amp;w=1024&amp;h=835&amp;ei=AHg5UoLABpDLswawqIG4Ag&amp;zoom=1&amp;iact=rc&amp;dur=524&amp;page=2&amp;tbnh=130&amp;tbnw=155&amp;start=18&amp;ndsp=24&amp;ved=1t:429,r:35,s:0,i:194&amp;tx=98&amp;ty=63\"> Text<\/a>!<\/p>\n<p><a href=\"http:\/\/12decode.de\/zonenklaus\/wordpress\/wp-content\/uploads\/2013\/09\/nschi-l.jpg\"><img loading=\"lazy\" decoding=\"async\" class=\"alignleft size-thumbnail wp-image-22303\" title=\"links\" src=\"http:\/\/12decode.de\/zonenklaus\/wordpress\/wp-content\/uploads\/2013\/09\/nschi-l-111x150.jpg\" alt=\"\" width=\"111\" height=\"150\" srcset=\"https:\/\/zonenklaus.de\/wordpress\/wp-content\/uploads\/2013\/09\/nschi-l-111x150.jpg 111w, https:\/\/zonenklaus.de\/wordpress\/wp-content\/uploads\/2013\/09\/nschi-l-223x300.jpg 223w, https:\/\/zonenklaus.de\/wordpress\/wp-content\/uploads\/2013\/09\/nschi-l.jpg 277w\" sizes=\"auto, (max-width: 111px) 100vw, 111px\" \/><\/a><a href=\"http:\/\/12decode.de\/zonenklaus\/wordpress\/wp-content\/uploads\/2013\/09\/nschi-r.jpg\"><img loading=\"lazy\" decoding=\"async\" class=\"alignleft size-thumbnail wp-image-22304\" title=\"rechts\" src=\"http:\/\/12decode.de\/zonenklaus\/wordpress\/wp-content\/uploads\/2013\/09\/nschi-r-117x150.jpg\" alt=\"\" width=\"117\" height=\"150\" srcset=\"https:\/\/zonenklaus.de\/wordpress\/wp-content\/uploads\/2013\/09\/nschi-r-117x150.jpg 117w, https:\/\/zonenklaus.de\/wordpress\/wp-content\/uploads\/2013\/09\/nschi-r-234x300.jpg 234w, https:\/\/zonenklaus.de\/wordpress\/wp-content\/uploads\/2013\/09\/nschi-r.jpg 290w\" sizes=\"auto, (max-width: 117px) 100vw, 117px\" \/><\/a><\/p>\n<p><a href=\"http:\/\/12decode.de\/zonenklaus\/wordpress\/wp-content\/uploads\/2013\/09\/br\u00fcderle-o.jpg\"><img loading=\"lazy\" decoding=\"async\" class=\"alignleft size-thumbnail wp-image-22305\" title=\"Original\" src=\"http:\/\/12decode.de\/zonenklaus\/wordpress\/wp-content\/uploads\/2013\/09\/br\u00fcderle-o-127x150.jpg\" alt=\"\" width=\"127\" height=\"150\" srcset=\"https:\/\/zonenklaus.de\/wordpress\/wp-content\/uploads\/2013\/09\/br\u00fcderle-o-127x150.jpg 127w, https:\/\/zonenklaus.de\/wordpress\/wp-content\/uploads\/2013\/09\/br\u00fcderle-o-255x300.jpg 255w, https:\/\/zonenklaus.de\/wordpress\/wp-content\/uploads\/2013\/09\/br\u00fcderle-o.jpg 277w\" sizes=\"auto, (max-width: 127px) 100vw, 127px\" \/><\/a><a href=\"http:\/\/12decode.de\/zonenklaus\/wordpress\/wp-content\/uploads\/2013\/09\/Br\u00fcderle-Zusammenf\u00fcgen-l.jpg\"><img loading=\"lazy\" decoding=\"async\" class=\"alignleft size-thumbnail wp-image-22306\" title=\"links\" src=\"http:\/\/12decode.de\/zonenklaus\/wordpress\/wp-content\/uploads\/2013\/09\/Br\u00fcderle-Zusammenf\u00fcgen-l-125x150.jpg\" alt=\"\" width=\"125\" height=\"150\" srcset=\"https:\/\/zonenklaus.de\/wordpress\/wp-content\/uploads\/2013\/09\/Br\u00fcderle-Zusammenf\u00fcgen-l-125x150.jpg 125w, https:\/\/zonenklaus.de\/wordpress\/wp-content\/uploads\/2013\/09\/Br\u00fcderle-Zusammenf\u00fcgen-l.jpg 251w\" sizes=\"auto, (max-width: 125px) 100vw, 125px\" \/><\/a><a href=\"http:\/\/12decode.de\/zonenklaus\/wordpress\/wp-content\/uploads\/2013\/09\/Br\u00fcderle-Zusammenf\u00fcgen-r.jpg\"><img loading=\"lazy\" decoding=\"async\" class=\"alignleft size-thumbnail wp-image-22307\" title=\"rechts\" src=\"http:\/\/12decode.de\/zonenklaus\/wordpress\/wp-content\/uploads\/2013\/09\/Br\u00fcderle-Zusammenf\u00fcgen-r-122x150.jpg\" alt=\"\" width=\"122\" height=\"150\" srcset=\"https:\/\/zonenklaus.de\/wordpress\/wp-content\/uploads\/2013\/09\/Br\u00fcderle-Zusammenf\u00fcgen-r-122x150.jpg 122w, https:\/\/zonenklaus.de\/wordpress\/wp-content\/uploads\/2013\/09\/Br\u00fcderle-Zusammenf\u00fcgen-r-244x300.jpg 244w, https:\/\/zonenklaus.de\/wordpress\/wp-content\/uploads\/2013\/09\/Br\u00fcderle-Zusammenf\u00fcgen-r.jpg 265w\" sizes=\"auto, (max-width: 122px) 100vw, 122px\" \/><\/a><\/p>\n<p><a href=\"http:\/\/12decode.de\/zonenklaus\/wordpress\/wp-content\/uploads\/2013\/09\/R\u00f6sler-o.jpg\"><img loading=\"lazy\" decoding=\"async\" class=\"alignleft size-thumbnail wp-image-22308\" title=\"original\" src=\"http:\/\/12decode.de\/zonenklaus\/wordpress\/wp-content\/uploads\/2013\/09\/R\u00f6sler-o-116x150.jpg\" alt=\"\" width=\"116\" height=\"150\" srcset=\"https:\/\/zonenklaus.de\/wordpress\/wp-content\/uploads\/2013\/09\/R\u00f6sler-o-116x150.jpg 116w, https:\/\/zonenklaus.de\/wordpress\/wp-content\/uploads\/2013\/09\/R\u00f6sler-o-232x300.jpg 232w, https:\/\/zonenklaus.de\/wordpress\/wp-content\/uploads\/2013\/09\/R\u00f6sler-o.jpg 257w\" sizes=\"auto, (max-width: 116px) 100vw, 116px\" \/><\/a><a href=\"http:\/\/12decode.de\/zonenklaus\/wordpress\/wp-content\/uploads\/2013\/09\/R\u00f6s-Zusammenf\u00fcgen-l.jpg\"><img loading=\"lazy\" decoding=\"async\" class=\"alignleft size-thumbnail wp-image-22309\" title=\"links\" src=\"http:\/\/12decode.de\/zonenklaus\/wordpress\/wp-content\/uploads\/2013\/09\/R\u00f6s-Zusammenf\u00fcgen-l-118x150.jpg\" alt=\"\" width=\"118\" height=\"150\" srcset=\"https:\/\/zonenklaus.de\/wordpress\/wp-content\/uploads\/2013\/09\/R\u00f6s-Zusammenf\u00fcgen-l-118x150.jpg 118w, https:\/\/zonenklaus.de\/wordpress\/wp-content\/uploads\/2013\/09\/R\u00f6s-Zusammenf\u00fcgen-l-236x300.jpg 236w, https:\/\/zonenklaus.de\/wordpress\/wp-content\/uploads\/2013\/09\/R\u00f6s-Zusammenf\u00fcgen-l.jpg 261w\" sizes=\"auto, (max-width: 118px) 100vw, 118px\" \/><\/a><a href=\"http:\/\/12decode.de\/zonenklaus\/wordpress\/wp-content\/uploads\/2013\/09\/R\u00f6s-Zusammenf\u00fcgen-r.jpg\"><img loading=\"lazy\" decoding=\"async\" class=\"alignleft size-thumbnail wp-image-22310\" title=\"rechts\" src=\"http:\/\/12decode.de\/zonenklaus\/wordpress\/wp-content\/uploads\/2013\/09\/R\u00f6s-Zusammenf\u00fcgen-r-113x150.jpg\" alt=\"\" width=\"113\" height=\"150\" srcset=\"https:\/\/zonenklaus.de\/wordpress\/wp-content\/uploads\/2013\/09\/R\u00f6s-Zusammenf\u00fcgen-r-113x150.jpg 113w, https:\/\/zonenklaus.de\/wordpress\/wp-content\/uploads\/2013\/09\/R\u00f6s-Zusammenf\u00fcgen-r-226x300.jpg 226w, https:\/\/zonenklaus.de\/wordpress\/wp-content\/uploads\/2013\/09\/R\u00f6s-Zusammenf\u00fcgen-r.jpg 250w\" sizes=\"auto, (max-width: 113px) 100vw, 113px\" \/><\/a><\/p>\n<p><a href=\"http:\/\/12decode.de\/zonenklaus\/wordpress\/wp-content\/uploads\/2013\/09\/sch\u00e4uble-o.jpg\"><img loading=\"lazy\" decoding=\"async\" class=\"alignleft size-thumbnail wp-image-22311\" title=\"original\" src=\"http:\/\/12decode.de\/zonenklaus\/wordpress\/wp-content\/uploads\/2013\/09\/sch\u00e4uble-o-142x150.jpg\" alt=\"\" width=\"142\" height=\"150\" srcset=\"https:\/\/zonenklaus.de\/wordpress\/wp-content\/uploads\/2013\/09\/sch\u00e4uble-o-142x150.jpg 142w, https:\/\/zonenklaus.de\/wordpress\/wp-content\/uploads\/2013\/09\/sch\u00e4uble-o-284x300.jpg 284w, https:\/\/zonenklaus.de\/wordpress\/wp-content\/uploads\/2013\/09\/sch\u00e4uble-o.jpg 341w\" sizes=\"auto, (max-width: 142px) 100vw, 142px\" \/><\/a><a href=\"http:\/\/12decode.de\/zonenklaus\/wordpress\/wp-content\/uploads\/2013\/09\/s-e-l.jpg\"><img loading=\"lazy\" decoding=\"async\" class=\"alignleft size-thumbnail wp-image-22312\" title=\"links\" src=\"http:\/\/12decode.de\/zonenklaus\/wordpress\/wp-content\/uploads\/2013\/09\/s-e-l-133x150.jpg\" alt=\"\" width=\"133\" height=\"150\" srcset=\"https:\/\/zonenklaus.de\/wordpress\/wp-content\/uploads\/2013\/09\/s-e-l-133x150.jpg 133w, https:\/\/zonenklaus.de\/wordpress\/wp-content\/uploads\/2013\/09\/s-e-l-267x300.jpg 267w, https:\/\/zonenklaus.de\/wordpress\/wp-content\/uploads\/2013\/09\/s-e-l.jpg 321w\" sizes=\"auto, (max-width: 133px) 100vw, 133px\" \/><\/a><a href=\"http:\/\/12decode.de\/zonenklaus\/wordpress\/wp-content\/uploads\/2013\/09\/s-e-r.jpg\"><img loading=\"lazy\" decoding=\"async\" class=\"alignleft size-thumbnail wp-image-22313\" title=\"rechts\" src=\"http:\/\/12decode.de\/zonenklaus\/wordpress\/wp-content\/uploads\/2013\/09\/s-e-r-144x150.jpg\" alt=\"\" width=\"144\" height=\"150\" srcset=\"https:\/\/zonenklaus.de\/wordpress\/wp-content\/uploads\/2013\/09\/s-e-r-144x150.jpg 144w, https:\/\/zonenklaus.de\/wordpress\/wp-content\/uploads\/2013\/09\/s-e-r-289x300.jpg 289w, https:\/\/zonenklaus.de\/wordpress\/wp-content\/uploads\/2013\/09\/s-e-r.jpg 347w\" sizes=\"auto, (max-width: 144px) 100vw, 144px\" \/><\/a><\/p>\n","protected":false},"excerpt":{"rendered":"<p>In den letzten Tagen hatte ich einen Haufen Schei\u00df angefangen, aber keine Lust versp\u00fcrt irgendetwas davon zu beenden. Greife auf mal auf die Steinbr\u00fcck-Geste zur\u00fcck. Nun stammt Peer der Legende nach aus mittelb\u00fcrgerlichen Kreisen, f\u00fcr mich verk\u00f6rpert er von seiner Art her eigentlich mehr den klassischen Stehkragenproletarier&#8230; Dabei haben ganz andere Genossen diese Rolle schon [&hellip;]<\/p>\n","protected":false},"author":6,"featured_media":0,"comment_status":"open","ping_status":"open","sticky":false,"template":"","format":"standard","meta":{"footnotes":""},"categories":[1],"tags":[],"class_list":["post-22279","post","type-post","status-publish","format-standard","hentry","category-allgemeines"],"_links":{"self":[{"href":"https:\/\/zonenklaus.de\/wordpress\/index.php?rest_route=\/wp\/v2\/posts\/22279","targetHints":{"allow":["GET"]}}],"collection":[{"href":"https:\/\/zonenklaus.de\/wordpress\/index.php?rest_route=\/wp\/v2\/posts"}],"about":[{"href":"https:\/\/zonenklaus.de\/wordpress\/index.php?rest_route=\/wp\/v2\/types\/post"}],"author":[{"embeddable":true,"href":"https:\/\/zonenklaus.de\/wordpress\/index.php?rest_route=\/wp\/v2\/users\/6"}],"replies":[{"embeddable":true,"href":"https:\/\/zonenklaus.de\/wordpress\/index.php?rest_route=%2Fwp%2Fv2%2Fcomments&post=22279"}],"version-history":[{"count":18,"href":"https:\/\/zonenklaus.de\/wordpress\/index.php?rest_route=\/wp\/v2\/posts\/22279\/revisions"}],"predecessor-version":[{"id":22296,"href":"https:\/\/zonenklaus.de\/wordpress\/index.php?rest_route=\/wp\/v2\/posts\/22279\/revisions\/22296"}],"wp:attachment":[{"href":"https:\/\/zonenklaus.de\/wordpress\/index.php?rest_route=%2Fwp%2Fv2%2Fmedia&parent=22279"}],"wp:term":[{"taxonomy":"category","embeddable":true,"href":"https:\/\/zonenklaus.de\/wordpress\/index.php?rest_route=%2Fwp%2Fv2%2Fcategories&post=22279"},{"taxonomy":"post_tag","embeddable":true,"href":"https:\/\/zonenklaus.de\/wordpress\/index.php?rest_route=%2Fwp%2Fv2%2Ftags&post=22279"}],"curies":[{"name":"wp","href":"https:\/\/api.w.org\/{rel}","templated":true}]}}