{"id":22644,"date":"2013-10-28T22:54:05","date_gmt":"2013-10-28T21:54:05","guid":{"rendered":"http:\/\/12decode.de\/zonenklaus\/wordpress\/?p=22644"},"modified":"2013-10-29T11:43:06","modified_gmt":"2013-10-29T10:43:06","slug":"%e2%80%9eother-shadows-embrace-mountains%e2%80%9c","status":"publish","type":"post","link":"https:\/\/zonenklaus.de\/wordpress\/?p=22644","title":{"rendered":"\u201eOther Shadows Embrace Mountains\u201c"},"content":{"rendered":"<p>An sich gibt diese <a href=\"http:\/\/othershadowsembracemountains.tumblr.com\/\">Ausstellung <\/a>nicht allzu viel her, aber die unterirdischen R\u00e4umlichkeiten sind ja echt affenscharf, nicht nur von der industriem\u00e4\u00dfigen <a href=\"http:\/\/www.flickr.com\/photos\/zonenklaus\/10509594764\/\">Bauweise<\/a> her betrachtet.<br \/>\nS\u00e4mtliche Projektionen fand ich gut, leider war die Abfolge von Bildern und <em>Vijo<\/em>seqenzen bei allen K\u00fcnstlern etwas zu schnell, auch die Ger\u00e4uschkulisse kam gut r\u00fcber&#8230;<br \/>\n<a href=\"http:\/\/12decode.de\/zonenklaus\/wordpress\/wp-content\/uploads\/2013\/10\/Wasserturm-1.jpg\"><img loading=\"lazy\" decoding=\"async\" class=\"alignnone size-thumbnail wp-image-22650\" src=\"http:\/\/12decode.de\/zonenklaus\/wordpress\/wp-content\/uploads\/2013\/10\/Wasserturm-1-108x150.jpg\" alt=\"\" width=\"108\" height=\"150\" srcset=\"https:\/\/zonenklaus.de\/wordpress\/wp-content\/uploads\/2013\/10\/Wasserturm-1-108x150.jpg 108w, https:\/\/zonenklaus.de\/wordpress\/wp-content\/uploads\/2013\/10\/Wasserturm-1-216x300.jpg 216w, https:\/\/zonenklaus.de\/wordpress\/wp-content\/uploads\/2013\/10\/Wasserturm-1-740x1024.jpg 740w, https:\/\/zonenklaus.de\/wordpress\/wp-content\/uploads\/2013\/10\/Wasserturm-1.jpg 1252w\" sizes=\"auto, (max-width: 108px) 100vw, 108px\" \/><\/a><a href=\"http:\/\/12decode.de\/zonenklaus\/wordpress\/wp-content\/uploads\/2013\/10\/Wasserturm-2.jpg\"><img loading=\"lazy\" decoding=\"async\" class=\"alignnone size-thumbnail wp-image-22652\" src=\"http:\/\/12decode.de\/zonenklaus\/wordpress\/wp-content\/uploads\/2013\/10\/Wasserturm-2-109x150.jpg\" alt=\"\" width=\"109\" height=\"150\" srcset=\"https:\/\/zonenklaus.de\/wordpress\/wp-content\/uploads\/2013\/10\/Wasserturm-2-109x150.jpg 109w, https:\/\/zonenklaus.de\/wordpress\/wp-content\/uploads\/2013\/10\/Wasserturm-2-218x300.jpg 218w, https:\/\/zonenklaus.de\/wordpress\/wp-content\/uploads\/2013\/10\/Wasserturm-2-746x1024.jpg 746w, https:\/\/zonenklaus.de\/wordpress\/wp-content\/uploads\/2013\/10\/Wasserturm-2.jpg 1248w\" sizes=\"auto, (max-width: 109px) 100vw, 109px\" \/><\/a><a href=\"http:\/\/12decode.de\/zonenklaus\/wordpress\/wp-content\/uploads\/2013\/10\/Wasserturm-3.jpg\"><img loading=\"lazy\" decoding=\"async\" class=\"alignnone size-thumbnail wp-image-22653\" src=\"http:\/\/12decode.de\/zonenklaus\/wordpress\/wp-content\/uploads\/2013\/10\/Wasserturm-3-106x150.jpg\" alt=\"\" width=\"106\" height=\"150\" srcset=\"https:\/\/zonenklaus.de\/wordpress\/wp-content\/uploads\/2013\/10\/Wasserturm-3-106x150.jpg 106w, https:\/\/zonenklaus.de\/wordpress\/wp-content\/uploads\/2013\/10\/Wasserturm-3-213x300.jpg 213w, https:\/\/zonenklaus.de\/wordpress\/wp-content\/uploads\/2013\/10\/Wasserturm-3-729x1024.jpg 729w, https:\/\/zonenklaus.de\/wordpress\/wp-content\/uploads\/2013\/10\/Wasserturm-3.jpg 1223w\" sizes=\"auto, (max-width: 106px) 100vw, 106px\" \/><\/a><br \/>\nNachdem ich das Wochenende davor im Freitaler<a href=\"http:\/\/www.sachsens-museen-entdecken.de\/index.php?id=14&amp;tx_museen_pi1item=89\"> Schloss Burgk<\/a> Exponate der St\u00e4dtischen Kunstsammlung Dresden in der dortigen Galerie (<em>Klein aber sehr fein!<\/em>) anschaute, kam diese Winzinstallationen im gro\u00dfen <a href=\"http:\/\/kulturserver.de\/-\/organisationen\/detail\/22797\">Wasserspeicher<\/a> an der Belforterstrasse gerade richtig.<\/p>\n","protected":false},"excerpt":{"rendered":"<p>An sich gibt diese Ausstellung nicht allzu viel her, aber die unterirdischen R\u00e4umlichkeiten sind ja echt affenscharf, nicht nur von der industriem\u00e4\u00dfigen Bauweise her betrachtet. S\u00e4mtliche Projektionen fand ich gut, leider war die Abfolge von Bildern und Vijoseqenzen bei allen K\u00fcnstlern etwas zu schnell, auch die Ger\u00e4uschkulisse kam gut r\u00fcber&#8230; Nachdem ich das Wochenende davor [&hellip;]<\/p>\n","protected":false},"author":6,"featured_media":0,"comment_status":"open","ping_status":"open","sticky":false,"template":"","format":"standard","meta":{"footnotes":""},"categories":[1],"tags":[],"class_list":["post-22644","post","type-post","status-publish","format-standard","hentry","category-allgemeines"],"_links":{"self":[{"href":"https:\/\/zonenklaus.de\/wordpress\/index.php?rest_route=\/wp\/v2\/posts\/22644","targetHints":{"allow":["GET"]}}],"collection":[{"href":"https:\/\/zonenklaus.de\/wordpress\/index.php?rest_route=\/wp\/v2\/posts"}],"about":[{"href":"https:\/\/zonenklaus.de\/wordpress\/index.php?rest_route=\/wp\/v2\/types\/post"}],"author":[{"embeddable":true,"href":"https:\/\/zonenklaus.de\/wordpress\/index.php?rest_route=\/wp\/v2\/users\/6"}],"replies":[{"embeddable":true,"href":"https:\/\/zonenklaus.de\/wordpress\/index.php?rest_route=%2Fwp%2Fv2%2Fcomments&post=22644"}],"version-history":[{"count":7,"href":"https:\/\/zonenklaus.de\/wordpress\/index.php?rest_route=\/wp\/v2\/posts\/22644\/revisions"}],"predecessor-version":[{"id":22651,"href":"https:\/\/zonenklaus.de\/wordpress\/index.php?rest_route=\/wp\/v2\/posts\/22644\/revisions\/22651"}],"wp:attachment":[{"href":"https:\/\/zonenklaus.de\/wordpress\/index.php?rest_route=%2Fwp%2Fv2%2Fmedia&parent=22644"}],"wp:term":[{"taxonomy":"category","embeddable":true,"href":"https:\/\/zonenklaus.de\/wordpress\/index.php?rest_route=%2Fwp%2Fv2%2Fcategories&post=22644"},{"taxonomy":"post_tag","embeddable":true,"href":"https:\/\/zonenklaus.de\/wordpress\/index.php?rest_route=%2Fwp%2Fv2%2Ftags&post=22644"}],"curies":[{"name":"wp","href":"https:\/\/api.w.org\/{rel}","templated":true}]}}